{"id":747945,"date":"2026-09-04T18:46:12","date_gmt":"2026-09-04T18:46:12","guid":{"rendered":"https:\/\/www.europesays.com\/es\/747945\/"},"modified":"2026-09-04T18:46:12","modified_gmt":"2026-09-04T18:46:12","slug":"tosan-evbuomwan-primera-baja-del-barca-de-sekulic-y-adios-a-la-supercopa","status":"publish","type":"post","link":"https:\/\/www.europesays.com\/es\/747945\/","title":{"rendered":"Tosan Evbuomwan, primera baja del Bar\u00e7a de Sekulic y adi\u00f3s a la Supercopa"},"content":{"rendered":"<p class=\"ft-text\">El <strong>Bar\u00e7a de basket <\/strong>ha comunicado la lesi\u00f3n de uno de sus nuevos fichajes: <a class=\"ft-link ft-link--decoration\" href=\"https:\/\/www.sport.es\/es\/noticias\/barca\/baloncesto\/lado-cule-tosan-evbuomwan-he-133391572\" rel=\"nofollow noopener\" target=\"_blank\">Tosan Evbuomwan<\/a>. El jugador brit\u00e1nico no estar\u00e1 disponible en las pr\u00f3ximas tres semanas por una subluxaci\u00f3n del hombro que le impedir\u00e1 formar parte del equipo durante la pretemporada y perderse pr\u00e1cticamente la totalidad del mes de septiembre. Por tanto, <strong>no llegar\u00e1 a tiempo para la Supercopa Endesa.<\/strong><\/p>\n<p class=\"ft-text\">\u00abEl jugador <strong>Tosan Evbuomwan<\/strong> sufri\u00f3 una subluxaci\u00f3n del hombro izquierdo durante el partido <strong>con la selecci\u00f3n de Gran Breta\u00f1a<\/strong>, disputado el pasado domingo. Seguir\u00e1 un tratamiento rehabilitador y ser\u00e1 reevaluado en <strong>tres semanas<\/strong>\u00ab, informa el escrito del club azulgrana. Como se comenta, la lesi\u00f3n se produjo con su combinado nacional. <\/p>\n<p class=\"ft-text\">Se trata del <strong>primer contratiempo del Bar\u00e7a de Sekulic<\/strong>, que deber\u00e1 crear una qu\u00edmica expr\u00e9s en el equipo para afrontar la Supercopa. El primer torneo importante de la temporada se celebrar\u00e1 el fin de semana del <strong>19 y 20 de septiembre, en Badalona<\/strong>. El conjunto azulgrana ser\u00e1 uno de los participantes juntamente con <strong>Valencia Basket, Baskonia <\/strong>y el anfitri\u00f3n, el <strong>ASISA Joventut. <\/strong><\/p>\n<p class=\"ft-text\">La ausencia de <strong>Evboumwan <\/strong>es una mala noticia para el Bar\u00e7a, ya que el ingl\u00e9s puede ser <strong>uno de los &#8216;tapados&#8217; de este mercado de verano<\/strong>. Se trata de un jugador capaz de liderar a una plantilla en Europa si mantiene el nivel que ha mostrado en competiciones como la <strong>G-League.<\/strong> Un ala-p\u00edvot de gran nivel que est\u00e1 dispuesto a ganarse un puesto en el quinteto inicial de Sekulic. <\/p>\n<p>Buen debut con Inglaterra<\/p>\n<p class=\"ft-text\">El ingl\u00e9s precisamente <strong>debutaba con su selecci\u00f3n en estas ventanas FIBA y no ha podido acabar de la peor manera.<\/strong> Sin embargo, las sensaciones en el partido ante Suiza fueron muy buenas, <strong>con 21 puntos,<\/strong> adem\u00e1s de tres rebotes y dos asistencias que le permitieron alcanzar los 19 de valoraci\u00f3n. Si todo evoluciona favorablemente, se perder\u00eda como mucho el primer partido de Euroliga.<\/p>\n<p class=\"ft-text\">Lo que est\u00e1 claro <strong>es que Evboumwan no estar\u00e1 disponible para el amistoso ante el MoraBanc Andorra<\/strong>, para la Liga Catalana ni para la Supercopa. En caso de perderse tambi\u00e9n la primera jornada continental, no estar\u00eda presente en <strong>el debut del Bar\u00e7a en el Palau Blaugrana ante el Anadolu Efes<\/strong>. La segunda jornada ser\u00e1 fuera ante Dubai, lo que ser\u00e1 un duelo con mucho &#8216;morbo&#8217;, contra Xavi Pascual y Tornike Shengelia. <\/p>\n","protected":false},"excerpt":{"rendered":"El Bar\u00e7a de basket ha comunicado la lesi\u00f3n de uno de sus nuevos fichajes: Tosan Evbuomwan. El jugador&hellip;\n","protected":false},"author":2,"featured_media":747946,"comment_status":"","ping_status":"","sticky":false,"template":"","format":"standard","meta":{"footnotes":""},"categories":[269],"tags":[299,2296,298,168,25,24,833,23,167,132812],"class_list":["post-747945","post","type-post","status-publish","format-standard","has-post-thumbnail","category-baloncesto","tag-baloncesto","tag-barca","tag-basketball","tag-deportes","tag-es","tag-espana","tag-euroliga","tag-spain","tag-sports","tag-tosan-evbuomwan"],"share_on_mastodon":{"url":"https:\/\/pubeurope.com\/@es\/117214261167300921","error":""},"_links":{"self":[{"href":"https:\/\/www.europesays.com\/es\/wp-json\/wp\/v2\/posts\/747945","targetHints":{"allow":["GET"]}}],"collection":[{"href":"https:\/\/www.europesays.com\/es\/wp-json\/wp\/v2\/posts"}],"about":[{"href":"https:\/\/www.europesays.com\/es\/wp-json\/wp\/v2\/types\/post"}],"author":[{"embeddable":true,"href":"https:\/\/www.europesays.com\/es\/wp-json\/wp\/v2\/users\/2"}],"replies":[{"embeddable":true,"href":"https:\/\/www.europesays.com\/es\/wp-json\/wp\/v2\/comments?post=747945"}],"version-history":[{"count":0,"href":"https:\/\/www.europesays.com\/es\/wp-json\/wp\/v2\/posts\/747945\/revisions"}],"wp:featuredmedia":[{"embeddable":true,"href":"https:\/\/www.europesays.com\/es\/wp-json\/wp\/v2\/media\/747946"}],"wp:attachment":[{"href":"https:\/\/www.europesays.com\/es\/wp-json\/wp\/v2\/media?parent=747945"}],"wp:term":[{"taxonomy":"category","embeddable":true,"href":"https:\/\/www.europesays.com\/es\/wp-json\/wp\/v2\/categories?post=747945"},{"taxonomy":"post_tag","embeddable":true,"href":"https:\/\/www.europesays.com\/es\/wp-json\/wp\/v2\/tags?post=747945"}],"curies":[{"name":"wp","href":"https:\/\/api.w.org\/{rel}","templated":true}]}}