{"id":747947,"date":"2026-09-04T18:47:18","date_gmt":"2026-09-04T18:47:18","guid":{"rendered":"https:\/\/www.europesays.com\/es\/747947\/"},"modified":"2026-09-04T18:47:18","modified_gmt":"2026-09-04T18:47:18","slug":"asi-es-mikael-baza-el-futuro-central-zurdo-del-barca-es-un-prototipo-de-jugador-que-no-se-encuentra","status":"publish","type":"post","link":"https:\/\/www.europesays.com\/es\/747947\/","title":{"rendered":"As\u00ed es Mikael Baza, el futuro central zurdo del Bar\u00e7a: \u00abEs un prototipo de jugador que no se encuentra\u00bb"},"content":{"rendered":"<p class=\"ft-text\">El FC Barcelona no encontr\u00f3 a un central zurdo que satisficiera en el corto plazo las demandas de Hansi Flick. <strong>La direcci\u00f3n deportiva azulgrana<\/strong>, aun as\u00ed, rastre\u00f3 el mercado de j\u00f3venes talentos para reforzar su cantera, en el que <strong>descubri\u00f3 a Mikael Baza<\/strong>, <a class=\"ft-link ft-link--decoration\" href=\"https:\/\/www.sport.es\/es\/noticias\/barca\/barca-cierra-fichaje-mikael-baza-133798927\" target=\"_blank\" rel=\"nofollow noopener\">defensa alem\u00e1n de 16 a\u00f1os que llega procedente del Hamburgo<\/a>. Aunque inicialmente recala con ficha del Juvenil B, <strong>el Bar\u00e7a conf\u00eda en su progresi\u00f3n con vistas al primer equipo<\/strong>. Para conocer de cerca al zaguero, primo de Jonathan Tah, charlamos en exclusiva para SPORT con <strong>Rodolfo Cardoso<\/strong>, que lo tuvo a sus \u00f3rdenes en las filas del club germano.<\/p>\n<p class=\"ft-text\">El actual entrenador del Hamburgo femenino <strong>entren\u00f3 a Baza en un par de sesiones especiales con el resto de cadetes y juveniles de la cantera.<\/strong> Pese a su corpulencia actual, mide <strong>1,93 metros<\/strong>, el jugador con ra\u00edces costa marfile\u00f1as era de los m\u00e1s peque\u00f1os de la generaci\u00f3n. <strong>\u00abEra muy jovencito en comparaci\u00f3n con los otros, ten\u00eda cuerpo de ni\u00f1o\u00bb<\/strong>, recuerda Cardoso, exfutbolista de Hamburgo, Werder Bremen o Friburgo, adem\u00e1s de internacional absoluto con Argentina. <\/p>\n<p><img decoding=\"async\" src=\"https:\/\/www.europesays.com\/es\/wp-content\/uploads\/2026\/09\/1b82d2a0-311a-405c-9299-3138569ddb55_alta-libre-aspect-ratio_default_0_x600y225.jpg\" width=\"1200\" height=\"675\" alt=\"Mikael Baza, el central que quiere el Bar\u00e7a\" class=\"ft-helper-img-rd\" loading=\"lazy\" fetchpriority=\"auto\"\/><\/p>\n<p class=\"ft-helper-fontColor-quaternary ft-helper-fontSize-body-S ft-helper-spacer-t-xxs\">Mikael Baza, con las categor\u00edas inferiores del Hamburgo  \/ Instagram @mikael.baza<\/p>\n<p class=\"ft-text\">Sin embargo, el central alem\u00e1n ha evolucionado f\u00edsicamente en los \u00faltimos a\u00f1os. <strong>\u00abEs un caso especial, porque se ha desarrollado bien, ha crecido bastante. <\/strong>Siempre ha estado en las selecciones inferiores de Alemania. En el Hamburgo lo han subido de categor\u00eda,<strong> ha jugado en el segundo equipo, con gente m\u00e1s grande\u00bb<\/strong>, explica Cardoso.<\/p>\n<p class=\"ft-text\">Baza es internacional con la selecci\u00f3n alemana sub-16, <a class=\"ft-link ft-link--decoration\" href=\"https:\/\/www.sport.es\/es\/noticias\/barca\/barca-negocia-central-zurdo-cantera-133673503\" target=\"_blank\" rel=\"nofollow noopener\">con la que ha disputado siete partidos este a\u00f1o<\/a>. Pese a ello, en el pa\u00eds germano ha pillado por sorpresa su fichaje por el Bar\u00e7a. <strong>\u00abHab\u00eda muchos equipos detr\u00e1s. Nunca pensamos que el Barcelona se iba a fijar en \u00e9l<\/strong>\u00ab, detalla Cardoso, que, aun as\u00ed, no duda de sus capacidades: \u00abEs un jugador muy joven, pero, <strong>si le dan tiempo, va a ser un gran jugador\u00bb.<\/strong><\/p>\n<p class=\"ft-text\">El canterano del Hamburgo, adem\u00e1s de su envergadura, destaca por su <strong>velocidad<\/strong>. <strong>\u00abEs un prototipo de jugador que no se encuentra, porque es alto, r\u00e1pido y zurdo. Es un futbolista que promete\u00bb<\/strong>, se\u00f1ala Cardoso, que lo ve con opciones de llegar al primer equipo en un futuro: <strong>\u00abTiene las condiciones para jugar en el Barcelona<\/strong>, por eso lo han fichado\u00bb.<\/p>\n","protected":false},"excerpt":{"rendered":"El FC Barcelona no encontr\u00f3 a un central zurdo que satisficiera en el corto plazo las demandas de&hellip;\n","protected":false},"author":2,"featured_media":747948,"comment_status":"","ping_status":"","sticky":false,"template":"","format":"standard","meta":{"footnotes":""},"categories":[268],"tags":[2296,210,22483,55000,1512,168,25,24,280,282,2848,119781,9220,281,23,167,8479],"class_list":["post-747947","post","type-post","status-publish","format-standard","has-post-thumbnail","category-futbol","tag-barca","tag-barcelona","tag-baza","tag-cardoso","tag-central","tag-deportes","tag-es","tag-espana","tag-football","tag-futbol","tag-futuro","tag-mikael","tag-rodolfo","tag-soccer","tag-spain","tag-sports","tag-zurdo"],"share_on_mastodon":{"url":"https:\/\/pubeurope.com\/@es\/117214266234957570","error":""},"_links":{"self":[{"href":"https:\/\/www.europesays.com\/es\/wp-json\/wp\/v2\/posts\/747947","targetHints":{"allow":["GET"]}}],"collection":[{"href":"https:\/\/www.europesays.com\/es\/wp-json\/wp\/v2\/posts"}],"about":[{"href":"https:\/\/www.europesays.com\/es\/wp-json\/wp\/v2\/types\/post"}],"author":[{"embeddable":true,"href":"https:\/\/www.europesays.com\/es\/wp-json\/wp\/v2\/users\/2"}],"replies":[{"embeddable":true,"href":"https:\/\/www.europesays.com\/es\/wp-json\/wp\/v2\/comments?post=747947"}],"version-history":[{"count":0,"href":"https:\/\/www.europesays.com\/es\/wp-json\/wp\/v2\/posts\/747947\/revisions"}],"wp:featuredmedia":[{"embeddable":true,"href":"https:\/\/www.europesays.com\/es\/wp-json\/wp\/v2\/media\/747948"}],"wp:attachment":[{"href":"https:\/\/www.europesays.com\/es\/wp-json\/wp\/v2\/media?parent=747947"}],"wp:term":[{"taxonomy":"category","embeddable":true,"href":"https:\/\/www.europesays.com\/es\/wp-json\/wp\/v2\/categories?post=747947"},{"taxonomy":"post_tag","embeddable":true,"href":"https:\/\/www.europesays.com\/es\/wp-json\/wp\/v2\/tags?post=747947"}],"curies":[{"name":"wp","href":"https:\/\/api.w.org\/{rel}","templated":true}]}}