{"id":747959,"date":"2026-09-04T18:54:31","date_gmt":"2026-09-04T18:54:31","guid":{"rendered":"https:\/\/www.europesays.com\/es\/747959\/"},"modified":"2026-09-04T18:54:31","modified_gmt":"2026-09-04T18:54:31","slug":"luis-de-la-fuente-muestra-su-apoyo-a-ceuta-sois-un-ejemplo-para-el-resto-de-espana-y-no-estais-solos-futbol-deportes","status":"publish","type":"post","link":"https:\/\/www.europesays.com\/es\/747959\/","title":{"rendered":"Luis de la Fuente muestra su apoyo a Ceuta: \u201cSois un ejemplo para el resto de Espa\u00f1a y no est\u00e1is solos\u201d | F\u00fatbol | Deportes"},"content":{"rendered":"<p class=\"\">El seleccionador nacional de Espa\u00f1a, Luis de la Fuente, asegur\u00f3 este viernes que los ceut\u00edes son \u201cun ejemplo para el resto de Espa\u00f1a\u201d por su \u201centereza, fortaleza y saber estar\u201d<a href=\"https:\/\/elpais.com\/espana\/2026-09-03\/el-gobierno-registra-una-caida-de-inmigrantes-irregulares-en-lo-que-va-de-ano-sin-contar-los-mas-de-70000-del-cruce-masivo-en-ceuta.html\" target=\"_self\" rel=\"nofollow noopener\" title=\"https:\/\/elpais.com\/espana\/2026-09-03\/el-gobierno-registra-una-caida-de-inmigrantes-irregulares-en-lo-que-va-de-ano-sin-contar-los-mas-de-70000-del-cruce-masivo-en-ceuta.html\"> tras la crisis migratoria desatada el pasado 30 de julio en la ciudad aut\u00f3noma<\/a>. El entrenador ha mostrado as\u00ed su apoyo a la ciudad aut\u00f3noma en un acto en el que estuvo acompa\u00f1ado del presidente de la Real Federaci\u00f3n Espa\u00f1ola de F\u00fatbol, Rafael Louz\u00e1n, para ofrecer la Copa del Mundo ganada por la Roja este verano a los habitantes de la ciudad aut\u00f3noma.<\/p>\n<p class=\"\">De la Fuente, que se confes\u00f3 \u201cemocionado, orgulloso y agradecido\u201d por la posibilidad de visitar Ceuta \u201cen unos momentos muy dif\u00edciles y muy duros\u201d, traslad\u00f3 a los ceut\u00edes \u201cel \u00e1nimo y el impulso de todo un pa\u00eds, de toda Espa\u00f1a\u201d. Adem\u00e1s, ha lanzado un mensaje de unidad a la vez que elogi\u00f3 a los vecinos de la ciudad aut\u00f3noma por haber \u201cdemostrado una entereza y un saber estar\u201d que los convierten en \u201cun ejemplo para el resto de Espa\u00f1a\u201d.<\/p>\n<p class=\"\">El seleccionador dese\u00f3, adem\u00e1s, que <a href=\"https:\/\/elpais.com\/espana\/2026-09-04\/sanchez-se-abre-a-la-autoria-de-marruecos-para-rebajar-la-presion.html\" target=\"_self\" rel=\"nofollow noopener\" title=\"https:\/\/elpais.com\/espana\/2026-09-04\/sanchez-se-abre-a-la-autoria-de-marruecos-para-rebajar-la-presion.html\">la crisis migratoria que sufre Ceuta \u201cse solucione muy pronto con la ayuda de todos los espa\u00f1oles\u201d<\/a> y afirm\u00f3 que el f\u00fatbol espa\u00f1ol estar\u00e1 \u201cempujando para que as\u00ed sea\u201d. Adem\u00e1s, expres\u00f3 su deseo de que \u201cse solucione muy pronto con la ayuda de todos los espa\u00f1oles\u201d. <\/p>\n<p>Final del Mundial 2030 <\/p>\n<p class=\"\"><a href=\"https:\/\/elpais.com\/deportes\/mundial-futbol\/2026-07-22\/espana-la-primera-seleccion-campeona-que-organizara-un-mundial-rodeado-de-incognitas.html\" target=\"_self\" rel=\"nofollow noopener\" title=\"https:\/\/elpais.com\/deportes\/mundial-futbol\/2026-07-22\/espana-la-primera-seleccion-campeona-que-organizara-un-mundial-rodeado-de-incognitas.html\">El seleccionador tambi\u00e9n ha aprovechado la oportunidad para pronunciarse sobre la final de la pr\u00f3xima cita mundialista, que organizar\u00e1 Espa\u00f1a<\/a> junto con Portugal y Marruecos, pa\u00eds que le discute el escenario de ese \u00faltimo partido. \u201cEspa\u00f1a cuenta con una infraestructura fant\u00e1stica, unas instalaciones excepcionales y una historia grand\u00edsima\u201d, ha afirmado De la Fuente, sin se\u00f1alar ni directa, ni indirectamente a ninguno de los estadios espa\u00f1oles que sue\u00f1a con albergar el encuentro definitivo por la Copa del Mundo. <\/p>\n<p class=\"\">Por su parte, el presidente de la Federaci\u00f3n, Rafael Louz\u00e1n, traslad\u00f3 \u201cmucho cari\u00f1o hacia todos y cada uno de los 83.000\u201d ceut\u00edes y celebr\u00f3 que la selecci\u00f3n \u201cha logrado unir a este pa\u00eds y darnos muchas alegr\u00edas \u00faltimamente\u201d. Seg\u00fan destac\u00f3, la m\u00e1s importante ha sido la consecuci\u00f3n de la Copa del Mundo, que en Ceuta \u201cempieza su gira por Espa\u00f1a\u201d. Louz\u00e1n tambi\u00e9n se ha mostrado esperanzado en que la crisis \u201ctiene que tener una soluci\u00f3n y m\u00e1s pronto que tarde la va a a tener\u201d. Adem\u00e1s, ha destacado que el objetivo de la visita era \u201cdemostrar que el coraz\u00f3n, la emoci\u00f3n y los sentimientos se unen en torno a esta maravillosa ciudad\u201d. <\/p>\n<p class=\"\">Bajo ese contexto, el presidente de la ciudad aut\u00f3noma, Juan Jes\u00fas Vivas, ha agradecido la visita del seleccionador nacional y el presidente de la Federaci\u00f3n a la ciudad que \u201cest\u00e1 atravesando un momento muy dif\u00edcil\u201d. Adem\u00e1s, <a href=\"https:\/\/elpais.com\/espana\/2026-09-04\/ultimatum-a-la-solidaridad-en-ceuta-manana-no-habra-comida-para-250-mujeres-y-ninos.html\" target=\"_self\" rel=\"nofollow noopener\" title=\"https:\/\/elpais.com\/espana\/2026-09-04\/ultimatum-a-la-solidaridad-en-ceuta-manana-no-habra-comida-para-250-mujeres-y-ninos.html\">Vivas tambi\u00e9n ha subrayado que \u201cese trauma pocas ciudades son capaces de afrontarlo\u201d<\/a>, en referencia a la entrada irregular de m\u00e1s de 70.000 migrantes irregulares que sucedi\u00f3 el pasado 30 de julio. El pol\u00edtico ha finalizado su intervenci\u00f3n subrayando que \u201cCeuta no se vende\u201d y \u201cforma parte del coraz\u00f3n de Espa\u00f1a\u201d. <\/p>\n","protected":false},"excerpt":{"rendered":"El seleccionador nacional de Espa\u00f1a, Luis de la Fuente, asegur\u00f3 este viernes que los ceut\u00edes son \u201cun ejemplo&hellip;\n","protected":false},"author":2,"featured_media":747960,"comment_status":"","ping_status":"","sticky":false,"template":"","format":"standard","meta":{"footnotes":""},"categories":[93],"tags":[4486,1540,8186,168,1539,25,24,282,1538,35718,892,32463,7856,1550,23,167],"class_list":["post-747959","post","type-post","status-publish","format-standard","has-post-thumbnail","category-deportes","tag-ceuta","tag-competiciones","tag-copa-del-mundo","tag-deportes","tag-entrenadores","tag-es","tag-espana","tag-futbol","tag-futbolistas","tag-luis-de-la-fuente","tag-migracion","tag-mundial-2026","tag-rafael-louzan","tag-rfef","tag-spain","tag-sports"],"share_on_mastodon":{"url":"https:\/\/pubeurope.com\/@es\/117214292373531218","error":""},"_links":{"self":[{"href":"https:\/\/www.europesays.com\/es\/wp-json\/wp\/v2\/posts\/747959","targetHints":{"allow":["GET"]}}],"collection":[{"href":"https:\/\/www.europesays.com\/es\/wp-json\/wp\/v2\/posts"}],"about":[{"href":"https:\/\/www.europesays.com\/es\/wp-json\/wp\/v2\/types\/post"}],"author":[{"embeddable":true,"href":"https:\/\/www.europesays.com\/es\/wp-json\/wp\/v2\/users\/2"}],"replies":[{"embeddable":true,"href":"https:\/\/www.europesays.com\/es\/wp-json\/wp\/v2\/comments?post=747959"}],"version-history":[{"count":0,"href":"https:\/\/www.europesays.com\/es\/wp-json\/wp\/v2\/posts\/747959\/revisions"}],"wp:featuredmedia":[{"embeddable":true,"href":"https:\/\/www.europesays.com\/es\/wp-json\/wp\/v2\/media\/747960"}],"wp:attachment":[{"href":"https:\/\/www.europesays.com\/es\/wp-json\/wp\/v2\/media?parent=747959"}],"wp:term":[{"taxonomy":"category","embeddable":true,"href":"https:\/\/www.europesays.com\/es\/wp-json\/wp\/v2\/categories?post=747959"},{"taxonomy":"post_tag","embeddable":true,"href":"https:\/\/www.europesays.com\/es\/wp-json\/wp\/v2\/tags?post=747959"}],"curies":[{"name":"wp","href":"https:\/\/api.w.org\/{rel}","templated":true}]}}