{"id":747973,"date":"2026-09-04T19:01:11","date_gmt":"2026-09-04T19:01:11","guid":{"rendered":"https:\/\/www.europesays.com\/es\/747973\/"},"modified":"2026-09-04T19:01:11","modified_gmt":"2026-09-04T19:01:11","slug":"en-directo-pedro-sanchez-inaugura-la-asamblea-del-consejo-de-la-juventud-de-espana-la-moncloa","status":"publish","type":"post","link":"https:\/\/www.europesays.com\/es\/747973\/","title":{"rendered":"En directo: Pedro S\u00e1nchez inaugura la Asamblea del Consejo de la Juventud de Espa\u00f1a &#8211; La Moncloa"},"content":{"rendered":"<ol>\n<li><a href=\"https:\/\/news.google.com\/rss\/articles\/CBMirAFBVV95cUxQRWQ3N3RZOGZGcWVTajdxcGxBeEJaOHc5OXFqb19Tek9uOFVrR3BHUnZFcHFSXzJyYllacjZLcl81aVhTNjBTNVFxLVhId0RieWtBeFpRenhyYXJQVmhMRGg5a1JCeFo5bndnalJaVUY3OVRxQTFfcG9YZ3BLc3FEa3RZeHhOaHdZVzlYQjUwUHdteGJxZl9mWUlUVklLbXdmdC1xd1BiMmRLZTJQ?oc=5\" target=\"_blank\" rel=\"nofollow noopener\">En directo: Pedro S\u00e1nchez inaugura la Asamblea del Consejo de la Juventud de Espa\u00f1a<\/a>&nbsp;&nbsp;La Moncloa<\/li>\n<li><a href=\"https:\/\/news.google.com\/rss\/articles\/CBMinAFBVV95cUxQRC1aVEFrWjE1T1Z6bUxjQ3VfUl9lSi1PdjU5azRvUjlRUWszVm5SMDhQZF9lOHNJODBRM3NkMktCa0NWTEJQem0tMWFLeHNFUVFIUzBObUkxNEtNbDlSY05saVhnc1Ryd250RnprZVVGTzNHSGhra3lsQ0EyRURMRGd5a01lWUJzaVFvWWlubDIxSnFpMVJUUEVUSXjSAZwBQVVfeXFMTUJsc3pKMEItb3dmSVhyV3lPVy1BZmJ1bVFRbkN6M0RWWkhoVU12ZDVfdDZOUmZwZk9KMXNqNFdaQURMb2JDc3V3Q3VidURaTnR5aC02YWJCaG9JcGxlcEVRa3lVclk5cno0R014QXY1RGtCcXVHenVJejY3Z2dHbko0WHFaM3draUMwY09rVXhuQU96bXJ3MnlXT2tQ?oc=5\" target=\"_blank\" rel=\"nofollow noopener\">S\u00e1nchez, a los j\u00f3venes: \u00abNo necesito saber qu\u00e9 es farmear aura para saber que el alquiler es un problema\u00bb<\/a>&nbsp;&nbsp;El Peri\u00f3dico<\/li>\n<li><a href=\"https:\/\/news.google.com\/rss\/articles\/CBMioAFBVV95cUxNRFBjR0ZwaWRra1Ryak5kdVFDLTJoR3RfaTFtWTZiYXVNcHhRcXJVZTZlbkpiX0lSdHdMRC0wWGU3NEM5bDlkLUZ6NVd4cUxXckpVdDFNdWhWSEFCMV95WTFBeWRvNGxHVng3eEozdWpDb2J5akFJcWtPYUlrdG1Xd20wZEdpSFZHTzJqeGxGQXp2MVctYkkwWE9kbzRSVTJv?oc=5\" target=\"_blank\" rel=\"nofollow noopener\">S\u00e1nchez: \u00abNo necesito saber qu\u00e9 es farmear aura para saber que el alquiler es un problema\u00bb<\/a>&nbsp;&nbsp;ABC<\/li>\n<li><a href=\"https:\/\/news.google.com\/rss\/articles\/CBMigwJBVV95cUxNamhYLUIyaWdweTlVZHJReWtqZEdVcVptTzFrZnFZUjVWVWVYSU00UzNtNGtHVXRFaElDRm1adlVkMFh4dUtoOWgxeE5zd3ZrYXl3TldLY0owWFY5MmhyNXlFN2JKc0hTc2Q4OFlBUmQ4LUdJdllFVGJMT2Vrdi1VaC1Vc2w3TXpDUnlBWndXOGV6UmpJVEU3VDZoZEZSdzh5VTMybHhpMVV2TzczeG9qYm9zaVJldGlqTEMxTC1aWGNCN05oQ2d6WWU1Z1V4MjdWMXhnSVRldzVtODloSXRhTl9faUJJRTJjWmJCdGNVaUhDSU1zdnB6eTNSNVJfcFhPRDZR0gGIAkFVX3lxTE1oSVYwMG5sTmxaTVBYREYwclpjMVJIWGgyV21kR2hoYm9SYmd6cGdDRFBnZFFWdElWaTVyRjctWW9UcE1jeFBERDhYR0diSjZKQWYwMzRobjMyNjRremhDTzhqd2pMN2ZhZzAwUTRfUUE3eHY5ZG1PSkUybUxpeXQzR0xpVkFOaWNrVjVrM1MyWkxmUjZCUmw3VHF1U1puOGhmSWxfWHhWcEsyekVyd2NHeUY1eHA4NTZaQzVJMWZHWWVqWnVHTHFGR3ExdVc5LXFMdDlKY1lhNldwMVBuQzJnUDNNOW1NazZXTlBCTXI2Ym55N1l3eEw1RGNGS2dxcmtpRGhJZlZQbw?oc=5\" target=\"_blank\" rel=\"nofollow noopener\">Pedro S\u00e1nchez: \u00abNo necesitamos saber qu\u00e9 significa &#8216;farmear aura&#8217;, ni saber qu\u00e9 es un &#8216;NPC&#8217;, o qu\u00e9 significa &#8216;six seven&#8217; para comprender los problemas de los j\u00f3venes\u00bb<\/a>&nbsp;&nbsp;COPE<\/li>\n<li><a href=\"https:\/\/news.google.com\/rss\/articles\/CBMi1wFBVV95cUxNeGJqaW9feWE3a1czbXZ2YThraGJycG5rNURjdFJubWdHdUpTZkxvNXhZMWNsdEV6d2JhRFg2WjN5Tzc2NHBrUFI5MXZtUVR4X01WdGhGaWRjQlVrTXhWaGtfQnNPZUM2MFlPYm42ZGlRWWVvSlhIZ2tmWm5HVnd1ZlU3Njh4Nl9mclRyU0dlQkNpM1BxNlhNYTNrV3JmY25UOTFFTDlMb1oyUTlMRWRUTkhsbFh4QnFtQUVvTmpZUHJibENWWUpiZEZXRVJTbjRlNW85OFRWRdIB8gFBVV95cUxOd1ZmZ2xTMlFkOTZNUHZsRWFVWVRhNTdsbW5pd1BwdUJQM2RSV1hEejY1eDJKTkVsOUd0N3d5b3Y4emdzazBNTDR2cnprMkk4dWw3OTdESGlIQTYya3pwVGpxODhIWFRFM0VFWFNmejI5eU9tZnV4RmdKM3JWRjlYa2FzQjJGNkRVMEFnRldQOEdDZllaMTRTa3JDT1BiUXYwMEYzb05VQmJ3Mm5SYy1rUTRxNkFMT2ZLZW80WG9TX3BsczcxTWRKUjBHamg1dkJUSHlUQ1YzdW9mRklfdXJLaG5lWmZ6OTBkb0VYMnNWYlBRQQ?oc=5\" target=\"_blank\" rel=\"nofollow noopener\">S\u00e1nchez pide a los j\u00f3venes que sus preocupaciones no deriven en \u00abodio y miedo\u00bb hacia otros<\/a>&nbsp;&nbsp;Infobae<\/li>\n<\/ol>\n","protected":false},"excerpt":{"rendered":"En directo: Pedro S\u00e1nchez inaugura la Asamblea del Consejo de la Juventud de Espa\u00f1a&nbsp;&nbsp;La Moncloa S\u00e1nchez, a los&hellip;\n","protected":false},"author":2,"featured_media":747974,"comment_status":"","ping_status":"","sticky":false,"template":"","format":"standard","meta":{"footnotes":""},"categories":[5],"tags":[3382,17,18,25,24,13,14,11,19,20,9,10,15,16,1461,23,12,21,22],"class_list":["post-747973","post","type-post","status-publish","format-standard","has-post-thumbnail","category-titulares","tag-actividad","tag-breaking-news","tag-breakingnews","tag-es","tag-espana","tag-featured-news","tag-featurednews","tag-headlines","tag-latest-news","tag-latestnews","tag-news","tag-noticias","tag-noticias-destacadas","tag-noticiasdestacadas","tag-presidente","tag-spain","tag-titulares","tag-ultimas-noticias","tag-ultimasnoticias"],"share_on_mastodon":{"url":"https:\/\/pubeurope.com\/@es\/117214320265689133","error":""},"_links":{"self":[{"href":"https:\/\/www.europesays.com\/es\/wp-json\/wp\/v2\/posts\/747973","targetHints":{"allow":["GET"]}}],"collection":[{"href":"https:\/\/www.europesays.com\/es\/wp-json\/wp\/v2\/posts"}],"about":[{"href":"https:\/\/www.europesays.com\/es\/wp-json\/wp\/v2\/types\/post"}],"author":[{"embeddable":true,"href":"https:\/\/www.europesays.com\/es\/wp-json\/wp\/v2\/users\/2"}],"replies":[{"embeddable":true,"href":"https:\/\/www.europesays.com\/es\/wp-json\/wp\/v2\/comments?post=747973"}],"version-history":[{"count":0,"href":"https:\/\/www.europesays.com\/es\/wp-json\/wp\/v2\/posts\/747973\/revisions"}],"wp:featuredmedia":[{"embeddable":true,"href":"https:\/\/www.europesays.com\/es\/wp-json\/wp\/v2\/media\/747974"}],"wp:attachment":[{"href":"https:\/\/www.europesays.com\/es\/wp-json\/wp\/v2\/media?parent=747973"}],"wp:term":[{"taxonomy":"category","embeddable":true,"href":"https:\/\/www.europesays.com\/es\/wp-json\/wp\/v2\/categories?post=747973"},{"taxonomy":"post_tag","embeddable":true,"href":"https:\/\/www.europesays.com\/es\/wp-json\/wp\/v2\/tags?post=747973"}],"curies":[{"name":"wp","href":"https:\/\/api.w.org\/{rel}","templated":true}]}}