{"id":747979,"date":"2026-09-04T19:09:13","date_gmt":"2026-09-04T19:09:13","guid":{"rendered":"https:\/\/www.europesays.com\/es\/747979\/"},"modified":"2026-09-04T19:09:13","modified_gmt":"2026-09-04T19:09:13","slug":"un-mermado-baskonia-obligado-a-disputar-este-sabado-su-primer-amistoso-de-la-pretemporada","status":"publish","type":"post","link":"https:\/\/www.europesays.com\/es\/747979\/","title":{"rendered":"Un mermado Baskonia, obligado a disputar este s\u00e1bado su primer amistoso de la pretemporada"},"content":{"rendered":"<p>El Kosner Baskonia disputar\u00e1 este s\u00e1bado en Le\u00f3n su primer partido amistoso de la pretemporada. El conjunto azulgrana se enfrenta al Real Madrid (20.00  &#8230; horas) en el marco del I Memorial Urbano Gonz\u00e1lez Escapa. Sin embargo, el encuentro supone un notable contratiempo para un Baskonia notablemente mermado en el plano f\u00edsico y con carencias evidentes de efectivos en su juego interior. <\/p>\n<p class=\"v-d-p\">Tras suspender el choque programado para el mi\u00e9rcoles ante el Askatuak Gipuzkoa por una sucesi\u00f3n de problemas f\u00edsicos, el propio director deportivo azulgrana, F\u00e9lix Fern\u00e1ndez, mostr\u00f3 sus dudas sobre el concurso del bloque vitoriano este s\u00e1bado. \u00abTampoco podemos presionar o sobrecargar a los jugadores que tenemos cuando tenemos la Supercopa en quince d\u00edas y luego todo arranca muy r\u00e1pido. Debemos ser inteligentes\u00bb, explic\u00f3. El criterio de Galbiati tambi\u00e9n va en esa l\u00ednea. El italiano teme que la disputa del encuentro en estas condiciones pueda condicionar la preparaci\u00f3n f\u00edsica de su plantilla.<\/p>\n<p class=\"v-d-p\">Aunque al Baskonia no le quedar\u00e1 otra que comparecer. Si bien el choque estaba en el aire, este peri\u00f3dico ha podido confirmar que finalmente s\u00ed que se disputar\u00e1. El club adquiri\u00f3 un compromiso con los organizadores del torneo que no puede romper. El partido tiene car\u00e1cter solidario en recuerdo de Urbano Gonz\u00e1lez Escapa, exjugador de baloncesto leon\u00e9s fallecido a principios de este a\u00f1o v\u00edctima de ELA. El evento servir\u00e1 tambi\u00e9n para recaudar fondos en la lucha contra la enfermedad y la investigaci\u00f3n. La baja de \u00faltima hora del Baskonia hubiera dejado sin margen de maniobra a los organizadores para buscar alternativas. <\/p>\n<p class=\"v-d-p\">Sin embargo, el Baskonia desembarcar\u00e1 en Le\u00f3n sin haber disputado ning\u00fan encuentro cinco contra cinco en toda la pretemporada. La sucesi\u00f3n de problemas f\u00edsicos han marcado los primeros compases de una preparaci\u00f3n que arranc\u00f3 el pasado 18 de agosto. Ninguno es de gravedad, pero s\u00ed lo suficientemente serio como para impedir a Paolo Galbiati contar con un n\u00famero de efectivos m\u00ednimo para practicar en esos escenarios asimilables a un encuentro competitivo. DJ Stewart, AJ Lawson, Tadas Sedekerskis y Markus Howard han sufrido dolencias musculares de distinta \u00edndole y Stefan Joksimovic estuvo aquejado de un proceso v\u00edrico severo que le impidi\u00f3 disputar las ventanas FIBA con la selecci\u00f3n absoluta de Eslovenia.<\/p>\n<p class=\"v-d-p\">A eso se suma el reciente aterrizaje en Vitoria de Damion Baugh y Kobi Simmons, que llegaron el martes tras participar en el torneo clasificatorio para el Mundial 2027 con las selecciones de Rep\u00fablica Democr\u00e1tica del Congo y Costa de Marfil, respectivamente. Tambi\u00e9n Matteo Spagnolo ha llegado a la capital alavesa en los \u00faltimos d\u00edas tras competir con la selecci\u00f3n italiana. <\/p>\n<p class=\"v-d-p\">Pero, por otro lado, queda pendiente el desembarco de Kenneth Faried una semana despu\u00e9s de su fichaje. \u00abTiene un tema personal que ya sab\u00edamos cuando hicimos la contrataci\u00f3n. Ser\u00e1 cuesti\u00f3n de unos d\u00edas su incorporaci\u00f3n\u00bb, explic\u00f3 Fern\u00e1ndez. Pero, a\u00fan sin el estadounidense y con la reciente marcha de Khalifa Diop a la NBA, el Baskonia no cuenta con ning\u00fan p\u00edvot para afrontar el encuentro. Un contexto lejano al escenario deseado para cualquier pretemporada, pero el que tambi\u00e9n mostrar\u00e1 las primeras pinceladas del nuevo Baskonia.<\/p>\n","protected":false},"excerpt":{"rendered":"El Kosner Baskonia disputar\u00e1 este s\u00e1bado en Le\u00f3n su primer partido amistoso de la pretemporada. El conjunto azulgrana&hellip;\n","protected":false},"author":2,"featured_media":747980,"comment_status":"","ping_status":"","sticky":false,"template":"","format":"standard","meta":{"footnotes":""},"categories":[269],"tags":[3331,299,298,4714,168,7989,25,24,132813,417,961,977,3397,23,167],"class_list":["post-747979","post","type-post","status-publish","format-standard","has-post-thumbnail","category-baloncesto","tag-amistoso","tag-baloncesto","tag-basketball","tag-baskonia","tag-deportes","tag-disputar","tag-es","tag-espana","tag-mermado","tag-obligado","tag-pretemporada","tag-primer","tag-sabado","tag-spain","tag-sports"],"share_on_mastodon":{"url":"https:\/\/pubeurope.com\/@es\/117214351769220016","error":""},"_links":{"self":[{"href":"https:\/\/www.europesays.com\/es\/wp-json\/wp\/v2\/posts\/747979","targetHints":{"allow":["GET"]}}],"collection":[{"href":"https:\/\/www.europesays.com\/es\/wp-json\/wp\/v2\/posts"}],"about":[{"href":"https:\/\/www.europesays.com\/es\/wp-json\/wp\/v2\/types\/post"}],"author":[{"embeddable":true,"href":"https:\/\/www.europesays.com\/es\/wp-json\/wp\/v2\/users\/2"}],"replies":[{"embeddable":true,"href":"https:\/\/www.europesays.com\/es\/wp-json\/wp\/v2\/comments?post=747979"}],"version-history":[{"count":0,"href":"https:\/\/www.europesays.com\/es\/wp-json\/wp\/v2\/posts\/747979\/revisions"}],"wp:featuredmedia":[{"embeddable":true,"href":"https:\/\/www.europesays.com\/es\/wp-json\/wp\/v2\/media\/747980"}],"wp:attachment":[{"href":"https:\/\/www.europesays.com\/es\/wp-json\/wp\/v2\/media?parent=747979"}],"wp:term":[{"taxonomy":"category","embeddable":true,"href":"https:\/\/www.europesays.com\/es\/wp-json\/wp\/v2\/categories?post=747979"},{"taxonomy":"post_tag","embeddable":true,"href":"https:\/\/www.europesays.com\/es\/wp-json\/wp\/v2\/tags?post=747979"}],"curies":[{"name":"wp","href":"https:\/\/api.w.org\/{rel}","templated":true}]}}