{"id":747983,"date":"2026-09-04T19:11:40","date_gmt":"2026-09-04T19:11:40","guid":{"rendered":"https:\/\/www.europesays.com\/es\/747983\/"},"modified":"2026-09-04T19:11:40","modified_gmt":"2026-09-04T19:11:40","slug":"los-looks-mas-impresionantes-del-festival-de-venecia-2026-de-georgina-rodriguez-a-amal-clooney","status":"publish","type":"post","link":"https:\/\/www.europesays.com\/es\/747983\/","title":{"rendered":"Los looks m\u00e1s impresionantes del Festival de Venecia 2026: de Georgina Rodriguez a Amal Clooney"},"content":{"rendered":"<p id=\"egBY9wfw_cCp\" data-wc=\"149\">El pasado martes, 2 de septiembre, dio comienzo la alfombra roja de la 83\u00ba edici\u00f3n del <a class=\"hm-link ho-link\" href=\"https:\/\/www.hola.com\/moda\/20260901921049\/nieves-alvarez-penelope-cruz-looks-mas-impresionantes-espanolas-festival-venecia-anos\/\" data-mrf-recirculation=\"article-body-link\" rel=\"nofollow noopener\" target=\"_blank\">Festival Internacional de Venecia<\/a>, una exclusiva y medi\u00e1tica cita que re\u00fane a los rostros m\u00e1s conocidos de la industria cinematogr\u00e1fica, modelos, influencers y artistas de primer nivel, en la que todas ellas desprenden glamour con <a class=\"hm-link ho-link\" href=\"https:\/\/www.hola.com\/moda\/20260902921236\/mejores-looks-alfombra-roja-festival-cine-venecia\/\" data-mrf-recirculation=\"article-body-link\" rel=\"nofollow noopener\" target=\"_blank\">sus impecables looks<\/a> que hoy analizamos. Desde <strong>una radiante Rebecca Donaldson haciendo su debut de la mano de Carlos Sainz Jr.<\/strong>, pasando por Amal Clooney, a la espa\u00f1ola Clara Galle, uno de los nombres emergentes de la velada inaugural. Y, sin duda, una de las que m\u00e1s est\u00e1 dando que hablar es Georgina Rodr\u00edguez. Te contamos los secretos de los dise\u00f1os que las invitadas han estrenado ante los ojos de los fot\u00f3grafos, demostrando una vez m\u00e1s que la moda y el cine s\u00ed pueden ir de la mano para protagonizar posados \u00fanicos como los que ocupan nuestras l\u00edneas.<\/p>\n<p> <img src=\"https:\/\/www.europesays.com\/es\/wp-content\/uploads\/2026\/09\/9423296255aa-gettyimages-2293531079.jpg\"   width=\"682\" height=\"1024\" loading=\"lazy\" decoding=\"async\" alt=\"Georgina Rodr\u00edguez en la 83 edici\u00f3n del Festival de Venecia 2026 \" fetchpriority=\"auto\" class=\"image ho-image\"\/>\u00a9 Getty ImagesGeorgina Rodr\u00edguez<\/p>\n<p>Si para su llegada a la ciudad de los canales, la ya mujer de Cristiano Ronaldo <a href=\"https:\/\/www.hola.com\/moda\/20260903921471\/festival-de-venecia-looks-street-style-celebrities-conjunto-santinado-encaje-romanticismo\/\" rel=\"nofollow noopener\" target=\"_blank\">combinaba un pantal\u00f3n blanco con una camisa marr\u00f3n satinada<\/a> bajo la que se apreciaba su sujetador, para la premier de Mr. Nelson, Did You Kill People? la empresaria ha elegido un traje de chaqueta azul noche con una marcada inspiraci\u00f3n esmoquin, formado por una americana entallada de pronunciadas solapas y una falda larga de silueta columna que sustituye al tradicional pantal\u00f3n. Un dise\u00f1o de l\u00edneas depuradas que combina la fuerza de la sastrer\u00eda con la elegancia de un vestido de gala. El toque m\u00e1s llamativo lo ha puesto su espectacular gargantilla de inspiraci\u00f3n floral, una pieza de alta joyer\u00eda que ha llevado a juego con sus pendientes y anillos.\u00a0<\/p>\n<p> <img src=\"https:\/\/www.europesays.com\/es\/wp-content\/uploads\/2026\/09\/1788549082_391_f3a848f7e0c1-gettyimages-2293195070.jpg\"   width=\"682\" height=\"1024\" loading=\"lazy\" decoding=\"async\" alt=\"El debut de Rebecca Donaldson y Carlos Sainz jr. en el Festival de Venecia 2026\" fetchpriority=\"auto\" class=\"image ho-image\"\/>\u00a9 Getty ImagesCarlos Sainz Jr. hace su debut con Rebeca Donaldson en Venecia<\/p>\n<p>El piloto espa\u00f1ol de la F\u00f3rmula 1 y <a href=\"https:\/\/www.hola.com\/moda\/20260525903046\/rebecca-donaldson-noches-verano-looks-inspiracion-elegante\/\" rel=\"nofollow noopener\" target=\"_blank\">su novia, la modelo escocesa Rebecca Donaldson<\/a>, ya hab\u00edan posado juntos en otros eventos de cine internacionales, como <a href=\"https:\/\/www.hola.com\/moda\/20260512901059\/carlos-sainz-jr-y-rebecca-donaldson-cannes-looks-2026\/\" rel=\"nofollow noopener\" target=\"_blank\">el Festival de Cannes<\/a>, e hicieron apariciones por separado en la pasada edici\u00f3n de La Mostra. Hemos tenido que esperar hasta la inauguraci\u00f3n de esta 83\u00ba edici\u00f3n para verlos de la mano sobre la alfombra roja. \u00c9l, tan elegante como siempre, con un esmoquin bicolor de Giorgio Armani entallado a la perfecci\u00f3n.<\/p>\n<p> <img src=\"https:\/\/www.europesays.com\/es\/wp-content\/uploads\/2026\/09\/1788549084_591_812fdec003dd-gettyimages-2293195023.jpg\"   width=\"682\" height=\"1024\" loading=\"lazy\" decoding=\"async\" alt=\"Rebecca Donaldson\" fetchpriority=\"auto\" class=\"image ho-image\"\/>\u00a9 WireImageUna lluvia de estrellas<\/p>\n<p>Rebecca, por su parte, ha brillado m\u00e1s que nunca otra invitada (literalmente) gracias a este <strong>vestido de escote palabra de honor, cubierto de flecos plateados y lentejuelas <\/strong>que se mueven a su paso con delicadeza y moldean su espectacular figura de modelo. Se trata de un dise\u00f1o de Giorgio Armani, al que le ha sumado la luz de un collar de serpiente en diamantes, de Bvlgari.\u00a0<\/p>\n<p> <img src=\"https:\/\/www.europesays.com\/es\/wp-content\/uploads\/2026\/09\/1788549085_912_ff27e22b1c55-gettyimages-2293196143.jpg\"   width=\"682\" height=\"1024\" loading=\"lazy\" decoding=\"async\" alt=\"Blanca Su\u00e1rez en el Festival de cine de Venecia 2026\" fetchpriority=\"auto\" class=\"image ho-image\"\/>\u00a9 Getty ImagesBlanca Su\u00e1rez<\/p>\n<p>La madrile\u00f1a ha elegido un sencillo pero espectacular vestido de cuerpo corsetero con escote de media luna invertido, un dise\u00f1o de Giorgio Armani confeccionado en un tejido negro brillante y decorado por un gran aplique de pedrer\u00eda a tono sobre el pecho.<\/p>\n<p> <img src=\"https:\/\/www.europesays.com\/es\/wp-content\/uploads\/2026\/09\/1788549087_864_186958a327bc-gettyimages-2293240342.jpg\"   width=\"683\" height=\"1024\" loading=\"lazy\" decoding=\"async\" alt=\"Clara Galle en el Festival de Venecia 2026\" fetchpriority=\"auto\" class=\"image ho-image\"\/>\u00a9 Getty ImagesClara Galle<\/p>\n<p>La protagonista de\u00a0Olympo y A trav\u00e9s de mi ventana ha sorprendido con un look de belleza metalizado que ha acaparado todas las miradas, pero su vestidazo rom\u00e1ntico, obra de Giorgio Armani, tampoco se ha quedado atr\u00e1s. Es un delicado modelo de gasa estilo lencero decorado a base de preciosos bordados brillantes que aportan un toque et\u00e9reo. Como joyas, piezas de TOUS Atelier.<\/p>\n<p>Te recomendamosSeguir leyendo<\/p>\n<p> <img src=\"https:\/\/www.europesays.com\/es\/wp-content\/uploads\/2026\/09\/1788549088_710_ad12fb277c12-gettyimages-2293209456.jpg\"   width=\"683\" height=\"1024\" loading=\"lazy\" decoding=\"async\" alt=\"Eugenia Silva en el Festival de Cine de Venecia 2026\" fetchpriority=\"auto\" class=\"image ho-image\"\/>\u00a9 Getty ImagesEugenia Silva<\/p>\n<p>Una de nuestras tops m\u00e1s reconocidas a nivel internacional. Eugenia no falta a su cita anual con la ciudad de los canales, siempre de la mano de Armani. Para la primera noche de esta nueva edici\u00f3n, ha escogido un impresionante vestido plateado brillante, una pieza de escote palabra de honor y silueta recta que realza su figura e incorpora un detalle voluminoso en la cintura. Ha completado con espectaculares joyas de Rabat.<\/p>\n<p> <img src=\"https:\/\/www.europesays.com\/es\/wp-content\/uploads\/2026\/09\/1788549090_667_efc7f16f13c9-u616905026.jpg\"   width=\"794\" height=\"1024\" loading=\"lazy\" decoding=\"async\" alt=\"Stella Maxwell\" fetchpriority=\"auto\" class=\"image ho-image\"\/>\u00a9 GTRESStella Maxwell<\/p>\n<p>La neozelandesa se ha enfundado en un dram\u00e1tico conjunto de tres piezas (top de escote balconette, falda de silueta columna y sobrevestido de cuello alto y mangas largas) de Intimissimi que le cubre casi la totalidad del cuerpo y est\u00e1 confeccionado en tejidos de raso y encaje color negro.<\/p>\n<p> <img src=\"https:\/\/www.europesays.com\/es\/wp-content\/uploads\/2026\/09\/1788549092_93_3c3cd3268c06-gettyimages-2293196884.jpg\"   width=\"1080\" height=\"1800\" loading=\"lazy\" decoding=\"async\" alt=\"Nina Dobrev\" fetchpriority=\"auto\" class=\"image ho-image\"\/>\u00a9 Getty ImagesNina Dobrev<\/p>\n<p>La actriz de\u00a0Cr\u00f3nicas vamp\u00edricas viste un dise\u00f1o palabra de honor y ce\u00f1ido al cuerpo, con acabado brillante de lentejuelas oscuras y bajo degradado en tul, que incorpora una bonita capa en tonos verdosos. Siguiendo su estilo caracter\u00edstico, la ense\u00f1a detr\u00e1s de esta creaci\u00f3n es Giorgio Armani Priv\u00e9.<\/p>\n<p> <img src=\"https:\/\/www.europesays.com\/es\/wp-content\/uploads\/2026\/09\/1788549093_812_84c174349969-gettyimages-2293197071.jpg\"   width=\"682\" height=\"1024\" loading=\"lazy\" decoding=\"async\" alt=\"Claire Foy\" fetchpriority=\"auto\" class=\"image ho-image\"\/>\u00a9 Getty ImagesClaire Foy<\/p>\n<p>Quien fuera una joven reina Isabel II en The Crown es una de las estrellas de esta edici\u00f3n y, para la primera noche, ha decidido coordinarse con la alfombra decant\u00e1ndose por un vestido de estilo a\u00f1os 20, con un drapeado y un nudo a la cintura, y guantes largos de piel en un tono de rojo m\u00e1s oscuro, en sinton\u00eda tambi\u00e9n con su maquillaje. Es un look de Bottega Veneta, combinado con joyer\u00eda de Swaroski y zapatos de plataforma y tac\u00f3n alto a tono, de Christian Louboutin.<\/p>\n<p> <img src=\"https:\/\/www.europesays.com\/es\/wp-content\/uploads\/2026\/09\/1788549095_144_d124c96fa0bc-u616905085.jpg\"   width=\"682\" height=\"1024\" loading=\"lazy\" decoding=\"async\" alt=\"Amal Clooney y George Clooney en el festival de Venecia 2026\" fetchpriority=\"auto\" class=\"image ho-image\"\/>\u00a9 GTRESAmal Clooney<\/p>\n<p>La abogada y mujer de George Clooney ha estrenado un dise\u00f1o a medida de Haider Ackermann para Tom Ford que nos recuerda a los sensuales a\u00f1os del modisto estadounidense al frente de Gucci, a finales de los 90 y principios de los 2000. Es <a href=\"https:\/\/www.hola.com\/moda\/20260902921352\/amal-clooney-festival-de-venecia-2026-inauguracion-vestido-negro-ajustado-look\/\" rel=\"nofollow noopener\" target=\"_blank\">un vestido negro ajustado<\/a>, de escote cuadrado y tirantes fin\u00edsimos y adornado con frunces en tul. Para rematar el look, ha elegido joyas de diamantes de Cartier y unos salones de vinilo negro con punta fina y pulsera al tobillo.<\/p>\n<p> <img src=\"https:\/\/www.europesays.com\/es\/wp-content\/uploads\/2026\/09\/1788549097_308_e32c7f003f67-gettyimages-2293194370.jpg\"   width=\"682\" height=\"1024\" loading=\"lazy\" decoding=\"async\" alt=\"Maggie Gyllenhaal\" fetchpriority=\"auto\" class=\"image ho-image\"\/>\u00a9 WireImageMaggie Gyllenhaal<\/p>\n<p>La presidenta del jurado en esta edici\u00f3n ha optado por un sencillo t\u00e1ndem de blusa satinada de cuello abierto y falda larga de crep\u00e9, obra de la francesa Celine. El foco del look est\u00e1, en realidad, en su maravilloso collar en oro amarillo, diamantes y \u00f3nix negro, de Bvlgari.\u00a0<\/p>\n<p> <img src=\"https:\/\/www.europesays.com\/es\/wp-content\/uploads\/2026\/09\/1788549099_508_1abea22068a7-u616905029.jpg\"   width=\"682\" height=\"1024\" loading=\"lazy\" decoding=\"async\" alt=\"Alessandra Ambrosio\" fetchpriority=\"auto\" class=\"image ho-image\"\/>\u00a9 GTRESAlessandra Ambrosio<\/p>\n<p>La modelo brasile\u00f1a, que <a href=\"https:\/\/www.hola.com\/actualidad\/20260812917602\/alessandra-ambrosio-se-compromete-buck-palmer-indonesia\/\" rel=\"nofollow noopener\" target=\"_blank\">se acaba de comprometer con Buck Palmer en R\u00edo de Janeiro<\/a>, ha sido otra de las invitadas que ha apostado por la elegancia eterna del negro de la mano de Intimissimi. A ella le ha convencido este vestido ajustado de cuerpo bustier y silueta tubo, que ha complementado con un peinado de ondas ladeadas al estilo hollywoodense y joyas de diamantes de Damiani.<\/p>\n<p> <img src=\"https:\/\/www.europesays.com\/es\/wp-content\/uploads\/2026\/09\/1788549100_841_28ab26705dce-u616905010.jpg\"   width=\"782\" height=\"1024\" loading=\"lazy\" decoding=\"async\" alt=\"Bianca Balti\" fetchpriority=\"auto\" class=\"image ho-image\"\/>\u00a9 GTRESBianca Balti<\/p>\n<p>La supermodelo italiana ha reaparecido sobre la alfombra roja italiana como un \u00e1ngel, alas incluidas, con un vestido satinado y encorsetado en tonalidad rosa pastel, de escote coraz\u00f3n, con caderas estructuradas, una falda drapeada y larga cola posterior. Hablamos de una creaci\u00f3n de Ilya Migmoon. Colgando de su cuello, una impresionante gargantilla en oro amarillo con diamantes y piedras preciosas de varios colores, de Bvlgari, conjuntada con pendientes a juego.<\/p>\n","protected":false},"excerpt":{"rendered":"El pasado martes, 2 de septiembre, dio comienzo la alfombra roja de la 83\u00ba edici\u00f3n del Festival Internacional&hellip;\n","protected":false},"author":2,"featured_media":747984,"comment_status":"","ping_status":"","sticky":false,"template":"","format":"standard","meta":{"footnotes":""},"categories":[174],"tags":[1024,13355,29451,132287,2171,255,253,146,147,25,24,256,29282,5194,1023,338,23,132286],"class_list":["post-747983","post","type-post","status-publish","format-standard","has-post-thumbnail","category-famosos","tag-actualidad-moda","tag-alessandra-ambrosio","tag-amal-clooney","tag-bianca-balti","tag-carlos-sainz-jr","tag-celebrities","tag-discover","tag-entertainment","tag-entretenimiento","tag-es","tag-espana","tag-famosos","tag-festival-de-venecia","tag-georgina-rodriguez","tag-moda","tag-portada","tag-spain","tag-stella-maxwell"],"share_on_mastodon":{"url":"https:\/\/pubeurope.com\/@es\/117214360037587651","error":""},"_links":{"self":[{"href":"https:\/\/www.europesays.com\/es\/wp-json\/wp\/v2\/posts\/747983","targetHints":{"allow":["GET"]}}],"collection":[{"href":"https:\/\/www.europesays.com\/es\/wp-json\/wp\/v2\/posts"}],"about":[{"href":"https:\/\/www.europesays.com\/es\/wp-json\/wp\/v2\/types\/post"}],"author":[{"embeddable":true,"href":"https:\/\/www.europesays.com\/es\/wp-json\/wp\/v2\/users\/2"}],"replies":[{"embeddable":true,"href":"https:\/\/www.europesays.com\/es\/wp-json\/wp\/v2\/comments?post=747983"}],"version-history":[{"count":0,"href":"https:\/\/www.europesays.com\/es\/wp-json\/wp\/v2\/posts\/747983\/revisions"}],"wp:featuredmedia":[{"embeddable":true,"href":"https:\/\/www.europesays.com\/es\/wp-json\/wp\/v2\/media\/747984"}],"wp:attachment":[{"href":"https:\/\/www.europesays.com\/es\/wp-json\/wp\/v2\/media?parent=747983"}],"wp:term":[{"taxonomy":"category","embeddable":true,"href":"https:\/\/www.europesays.com\/es\/wp-json\/wp\/v2\/categories?post=747983"},{"taxonomy":"post_tag","embeddable":true,"href":"https:\/\/www.europesays.com\/es\/wp-json\/wp\/v2\/tags?post=747983"}],"curies":[{"name":"wp","href":"https:\/\/api.w.org\/{rel}","templated":true}]}}