{"id":747985,"date":"2026-09-04T19:12:19","date_gmt":"2026-09-04T19:12:19","guid":{"rendered":"https:\/\/www.europesays.com\/es\/747985\/"},"modified":"2026-09-04T19:12:19","modified_gmt":"2026-09-04T19:12:19","slug":"las-pinceladas-impresionistas-de-antonio-de-la-pena-colman-el-claustro-de-la-catedral","status":"publish","type":"post","link":"https:\/\/www.europesays.com\/es\/747985\/","title":{"rendered":"Las pinceladas impresionistas de Antonio de la Pe\u00f1a colman el claustro de la Catedral"},"content":{"rendered":"<p>\u00abSiempre vengo con mucha  ilusi\u00f3n a mi querida Palencia\u00bb, reconoc\u00eda el pintor impresionista Antonio de la Pe\u00f1a, rodeado de sus propias obras en el  &#8230; claustro de la Catedral de San Antol\u00edn. Este viernes se ha inaugurado formalmente (la muestra llevaba abierta desde el martes 1) la exposici\u00f3n &#8216;Toda una vida&#8217;, organizada por Thield\u00f3n y que podr\u00e1 disfrutarse, porque estas obras se disfrutan y se observan una y otra vez, hasta el mi\u00e9rcoles 30. \u00abEstoy muy orgulloso de que me hayan cedido la Bella Desconocida, que para m\u00ed siempre ser\u00e1 la Bella Conocida\u00bb, a\u00f1ad\u00eda el artista, que afirmaba que \u00abdespu\u00e9s de 120 exposiciones que he hecho en mi vida,  estoy nervioso como la primera vez\u00bb.   <\/p>\n<p class=\"v-d-p\">Desde peque\u00f1o, cuando estudiaba en Maristas, el mundo de la pintura ya le llamaba y siempre que pod\u00eda, sin olvidarse de echar una mano a sus padres en un establecimiento de ultramarinos, iba encaminando su vida a la pintura. Tuvo que dejar Palencia, ciudad que le vio crecer como artista, para instalarse en Bilbao, de ah\u00ed que sea conocido como &#8216;el Pintor de la R\u00eda&#8217; y que su tem\u00e1tica expositiva se divida entre los barcos y el mar de Pa\u00eds Vasco y Tierra de Campos. <\/p>\n<p class=\"v-d-p\">\u00abHe tra\u00eddo una exposici\u00f3n de tama\u00f1os grandes porque me interesaba llenar el pasillo de la Catedral y aqu\u00ed los cuadros peque\u00f1itos pasan desapercibidos\u00bb, argument\u00f3 De la Pe\u00f1a, en referencia a las pinturas de dos metros de tama\u00f1o que todo lo llenaban en el templo g\u00f3tico. Sus creaciones <a href=\"https:\/\/www.elnortedecastilla.es\/palencia\/vision-fusiona-castilla-ria-bilbao-20250226200503-nt.html\" target=\"_blank\" data-voc-vtm-id=\"in-text-traffic\" data-mrf-link=\"www.elnortedecastilla.es\" rel=\"nofollow noopener\">abarcan un amplio espacio temporal<\/a>, ya que ha querido reunir \u00abde algunos a\u00f1os atrasados con los de hoy en d\u00eda\u00bb. <\/p>\n<p class=\"v-d-p\">La l\u00ednea, como \u00e9l mismo explic\u00f3, es la misma, \u00abpuesto que Dios me dio este camino del impresionismo\u00bb y \u00abson paisajes del Pa\u00eds Vasco y muchos de la R\u00eda de Bilbao, donde estoy afincado. Tambi\u00e9n hay muchas cosas de Castilla, porque la llevo en mi alma y siempre en mis exposiciones domina Castilla\u00bb, a\u00f1adi\u00f3 con emoci\u00f3n. Aunque inicialmente, Antonio de la Pe\u00f1a traslad\u00f3 hasta Palencia treinta obras, debido a su gran tama\u00f1o solo se han podido exponen una veintena de las mismas. <\/p>\n<p class=\"v-d-p\">La presidenta de la Asociaci\u00f3n de Artistas Pl\u00e1sticos Palentinos Thield\u00f3n, Marian L\u00f3pez, reconoc\u00eda que el t\u00edtulo de la muestra &#8216;Toda una vida&#8217; resum\u00eda el contenido de la misma. \u00abLa verdad es que lleva toda una vida pintando, porque yo hace a\u00f1os que le conozco y as\u00ed es. Y he podido visitar su estudio, que es maravilloso\u00bb. Agradeci\u00f3, en nombre de la organizaci\u00f3n cultural, al Cabildo de la Catedral que les cediese un espacio tan maravilloso para exponer y adelant\u00f3 que en octubre habr\u00e1 otra muestra, en este caso del Rom\u00e1nico Palentino. <\/p>\n","protected":false},"excerpt":{"rendered":"\u00abSiempre vengo con mucha ilusi\u00f3n a mi querida Palencia\u00bb, reconoc\u00eda el pintor impresionista Antonio de la Pe\u00f1a, rodeado&hellip;\n","protected":false},"author":2,"featured_media":747986,"comment_status":"","ping_status":"","sticky":false,"template":"","format":"standard","meta":{"footnotes":""},"categories":[173],"tags":[1247,229,233,231,230,21863,27026,232,234,146,147,25,24,132814,4877,1975,23],"class_list":["post-747985","post","type-post","status-publish","format-standard","has-post-thumbnail","category-arte-y-diseno","tag-antonio","tag-arte","tag-arte-y-diseno","tag-arts","tag-arts-and-design","tag-catedral","tag-claustro","tag-design","tag-diseno","tag-entertainment","tag-entretenimiento","tag-es","tag-espana","tag-impresionistas","tag-pena","tag-pinceladas","tag-spain"],"share_on_mastodon":{"url":"","error":""},"_links":{"self":[{"href":"https:\/\/www.europesays.com\/es\/wp-json\/wp\/v2\/posts\/747985","targetHints":{"allow":["GET"]}}],"collection":[{"href":"https:\/\/www.europesays.com\/es\/wp-json\/wp\/v2\/posts"}],"about":[{"href":"https:\/\/www.europesays.com\/es\/wp-json\/wp\/v2\/types\/post"}],"author":[{"embeddable":true,"href":"https:\/\/www.europesays.com\/es\/wp-json\/wp\/v2\/users\/2"}],"replies":[{"embeddable":true,"href":"https:\/\/www.europesays.com\/es\/wp-json\/wp\/v2\/comments?post=747985"}],"version-history":[{"count":0,"href":"https:\/\/www.europesays.com\/es\/wp-json\/wp\/v2\/posts\/747985\/revisions"}],"wp:featuredmedia":[{"embeddable":true,"href":"https:\/\/www.europesays.com\/es\/wp-json\/wp\/v2\/media\/747986"}],"wp:attachment":[{"href":"https:\/\/www.europesays.com\/es\/wp-json\/wp\/v2\/media?parent=747985"}],"wp:term":[{"taxonomy":"category","embeddable":true,"href":"https:\/\/www.europesays.com\/es\/wp-json\/wp\/v2\/categories?post=747985"},{"taxonomy":"post_tag","embeddable":true,"href":"https:\/\/www.europesays.com\/es\/wp-json\/wp\/v2\/tags?post=747985"}],"curies":[{"name":"wp","href":"https:\/\/api.w.org\/{rel}","templated":true}]}}