{"id":748015,"date":"2026-09-04T19:34:24","date_gmt":"2026-09-04T19:34:24","guid":{"rendered":"https:\/\/www.europesays.com\/es\/748015\/"},"modified":"2026-09-04T19:34:24","modified_gmt":"2026-09-04T19:34:24","slug":"el-escote-de-georgina-rodriguez-en-el-festival-de-venecia-convierte-el-pecho-en-una-obra-de-arte-al-mas-puro-estilo-delacroix","status":"publish","type":"post","link":"https:\/\/www.europesays.com\/es\/748015\/","title":{"rendered":"El escote de Georgina Rodr\u00edguez en el Festival de Venecia convierte el pecho en una obra de arte al m\u00e1s puro estilo Delacroix"},"content":{"rendered":"<p class=\"c-paragraph\">Si Delacroix levantase la cabeza y cambiase el Par\u00eds de 1830 por el muelle del Hotel Excelsior, la musa de la obra La libertad guiando al pueblo\u00a0ser\u00eda Georgina Rodr\u00edguez. <b>La empresaria lleg\u00f3 ayer al Festival de Venecia<\/b> para posar, como cada a\u00f1o, en la alfombra roja, donde siempre nos deja sus mejores looks. Sin embargo, su llegada de este a\u00f1o a La Mostra ha dejado el list\u00f3n muy alto.\u00a0<\/p>\n<p class=\"c-paragraph\">Georgina nunca se pierde una premier del festival, donde nos deja estilismos impresionantes (y alg\u00fan que otro error de vez en cuando), haciendo un despliegue de glamour y siendo <b>una de las invitadas m\u00e1s esperadas a\u00f1o tras a\u00f1o<\/b> con vestidos<a href=\"https:\/\/www.20minutos.es\/mujer\/moda\/georgina-rodriguez-aparece-festival-venecia-vestido-rojo-pretty-woman-unas-botas-charol-5170053\/\" title=\"Georgina Rodr\u00edguez aparece en el Festival de Venecia con un vestido rojo a lo &#039;Pretty Woman&#039; y unas botas de charol\" rel=\"nofollow noopener\" target=\"_blank\"> a lo Pretty Woman<\/a>\u00a0o con el conjunto con el que <a href=\"https:\/\/www.20minutos.es\/mujer\/moda\/georgina-presume-curvas-vestido-ajustado-miradas-venecia-5047388\/\" title=\"Georgina Rodriguez presume de curvas con un vestido ajustado con el que ha captado todas las miradas en Venecia\" rel=\"nofollow noopener\" target=\"_blank\">se convert\u00eda en Audrey Hepburn<\/a>.<\/p>\n<p class=\"c-paragraph\">Aunque su posado en La Mostra son sus looks m\u00e1s comentados, lo cierto es que <b>ella ya hace su performance desde el primer momento que se sienta en el avi\u00f3n,<\/b> subiendo a Instagram fotos de<b>\u00a0<\/b>conjuntos imposibles para viajar c\u00f3moda y dej\u00e1ndonos a todos sin palabras nada m\u00e1s bajarse de los barcos-taxi de madera que la dejaron en el tradicional embarcadero.<\/p>\n<p>El look m\u00e1s rompedor de Georgina en Venecia<\/p>\n<p class=\"c-paragraph\">Como si fuera una diva de los a\u00f1os 50, Georgina Rodriguez lleg\u00f3 al Festival de Venecia acaparando los titulares de todo el mundo al <b>presentarse como la protagonista del famoso cuadro de Delacoix<\/b>, con un pecho por fuera de la camisa.\u00a0<\/p>\n<p class=\"c-paragraph\">La empresaria desembarc\u00f3 con un look bastante sencillo: unos pantalones vaqueros blancos, ajustados y de tiro alto que combin\u00f3 con unas gafas de sol negras y una <b>camisa satinada de manga larga, en color chocolate<\/b> y desabrochada hasta la mitad, <b>dejando uno de sus hombros, y de sus pechos, al aire.<\/b><\/p>\n<p class=\"c-paragraph\">Como si fuera\u00a0La libertad guiando al pueblo, Georgina se escapaba del Louvre, aunque <b>ella se decant\u00f3 por una versi\u00f3n algo m\u00e1s recatada<\/b>, confiando en el <b>sujetador balconette push up<\/b> con encaje Sofia\u00a0de la colecci\u00f3n Pretty Flowers de <b>Insimissimi<\/b>, que podemos encontrar disponible por 39,90 euros.\u00a0<\/p>\n<p class=\"c-paragraph\">Todav\u00eda queda por ver <b>c\u00f3mo nos va a sorprender en la alfombra roja<\/b>, si seguir\u00e1 apostando por un estilo lencero e \u00edntimo como este o dar\u00e1 rienda suelta al glamour como ha hecho otros a\u00f1os, aunque tendremos que esperar para saberlo.\u00a0<\/p>\n","protected":false},"excerpt":{"rendered":"Si Delacroix levantase la cabeza y cambiase el Par\u00eds de 1830 por el muelle del Hotel Excelsior, la&hellip;\n","protected":false},"author":2,"featured_media":748016,"comment_status":"","ping_status":"","sticky":false,"template":"","format":"standard","meta":{"footnotes":""},"categories":[174],"tags":[255,8432,132816,146,147,25,24,256,29282,5194,1023,23],"class_list":["post-748015","post","type-post","status-publish","format-standard","has-post-thumbnail","category-famosos","tag-celebrities","tag-cristiano-ronaldo","tag-delacroix","tag-entertainment","tag-entretenimiento","tag-es","tag-espana","tag-famosos","tag-festival-de-venecia","tag-georgina-rodriguez","tag-moda","tag-spain"],"share_on_mastodon":{"url":"https:\/\/pubeurope.com\/@es\/117214450028935292","error":""},"_links":{"self":[{"href":"https:\/\/www.europesays.com\/es\/wp-json\/wp\/v2\/posts\/748015","targetHints":{"allow":["GET"]}}],"collection":[{"href":"https:\/\/www.europesays.com\/es\/wp-json\/wp\/v2\/posts"}],"about":[{"href":"https:\/\/www.europesays.com\/es\/wp-json\/wp\/v2\/types\/post"}],"author":[{"embeddable":true,"href":"https:\/\/www.europesays.com\/es\/wp-json\/wp\/v2\/users\/2"}],"replies":[{"embeddable":true,"href":"https:\/\/www.europesays.com\/es\/wp-json\/wp\/v2\/comments?post=748015"}],"version-history":[{"count":0,"href":"https:\/\/www.europesays.com\/es\/wp-json\/wp\/v2\/posts\/748015\/revisions"}],"wp:featuredmedia":[{"embeddable":true,"href":"https:\/\/www.europesays.com\/es\/wp-json\/wp\/v2\/media\/748016"}],"wp:attachment":[{"href":"https:\/\/www.europesays.com\/es\/wp-json\/wp\/v2\/media?parent=748015"}],"wp:term":[{"taxonomy":"category","embeddable":true,"href":"https:\/\/www.europesays.com\/es\/wp-json\/wp\/v2\/categories?post=748015"},{"taxonomy":"post_tag","embeddable":true,"href":"https:\/\/www.europesays.com\/es\/wp-json\/wp\/v2\/tags?post=748015"}],"curies":[{"name":"wp","href":"https:\/\/api.w.org\/{rel}","templated":true}]}}