{"id":748025,"date":"2026-09-04T19:41:30","date_gmt":"2026-09-04T19:41:30","guid":{"rendered":"https:\/\/www.europesays.com\/es\/748025\/"},"modified":"2026-09-04T19:41:30","modified_gmt":"2026-09-04T19:41:30","slug":"ozempic-no-solo-adelgaza-tambien-podria-frenar-el-envejecimiento-segun-un-estudio-en-ratones","status":"publish","type":"post","link":"https:\/\/www.europesays.com\/es\/748025\/","title":{"rendered":"Ozempic no solo adelgaza: tambi\u00e9n podr\u00eda frenar el envejecimiento, seg\u00fan un estudio en ratones"},"content":{"rendered":"<p>El <b><a title=\"Ozempic\" href=\"https:\/\/www.lasexta.com\/tecnologia-tecnoxplora\/ciencia\/descubren-nuevo-efecto-peligroso-vinculado-uso-ozempic_20251204693199b79261f37ec73c342e.html\" target=\"_blank\" rel=\"nofollow noopener\">Ozempic<\/a><\/b>, cuyo principio activo es la semaglutida, vuelve a ser noticia y no por su eficacia a la hora de perder peso. Un nuevo estudio, <b><a title=\"publicado en Nature\" href=\"https:\/\/www.nature.com\/articles\/s41586-026-10940-7\" rel=\"nofollow noopener\" target=\"_blank\">publicado en Nature<\/a><\/b>, ha descubierto que este f\u00e1rmaco podr\u00eda<b> ralentizar algunos procesos asociados al envejecimiento en ratones.<\/b><\/p>\n<p>Los cient\u00edficos administraron semaglutida durante<b> tres meses a ratones hembra de 20 meses<\/b>, una edad avanzada para estos animales. Frente a los que no recibieron el tratamiento, los ratones tratados mostraron<b> mejoras en la funci\u00f3n muscular y cognitiva<\/b>, adem\u00e1s de una menor presencia de algunos cambios relacionados con el envejecimiento, como la inflamaci\u00f3n.<\/p>\n<p>Y no solo eso. Los animales que recibieron semaglutida hasta el final de su vida<b> vivieron de media casi 100 d\u00edas m\u00e1s<\/b> que los del grupo sin tratamiento.<\/p>\n<p>Los investigadores quisieron<b> comprobar si estos resultados pod\u00edan explicarse simplemente porque la semaglutida reduce el apetito<\/b>. Para ello, compararon a los ratones tratados con otros sometidos a una restricci\u00f3n cal\u00f3rica del 24%.<\/p>\n<p>Aunque ambos grupos presentaron numerosos cambios similares, tambi\u00e9n hubo diferencias. Los animales tratados con semaglutida obtuvieron mejores resultados en algunas pruebas de memoria y comportamiento, mientras que<b> su tasa metab\u00f3lica apenas cambi\u00f3<\/b>, a diferencia de lo observado con la restricci\u00f3n cal\u00f3rica.<\/p>\n<p>Esto lleva a los autores a plantear que los f\u00e1rmacos GLP-1 podr\u00edan tener<b> efectos biol\u00f3gicos relacionados con el envejecimiento<\/b> que no dependan \u00fanicamente de comer menos.<\/p>\n<p>Eso s\u00ed, el estudio se ha realizado en ratones y<b> no demuestra que la semaglutida alargue la vida humana<\/b>. Ser\u00e1n necesarios nuevos estudios para comprobar si estos efectos pueden trasladarse a las personas.<\/p>\n<p><img decoding=\"async\" title=\"Tsunami\" alt=\"Tsunami\" width=\"480\" height=\"270\" src=\"https:\/\/www.europesays.com\/es\/wp-content\/uploads\/2026\/09\/tsunami_70.jpg\" loading=\"lazy\" class=\"lazy\"\/><\/p>\n","protected":false},"excerpt":{"rendered":"El Ozempic, cuyo principio activo es la semaglutida, vuelve a ser noticia y no por su eficacia a&hellip;\n","protected":false},"author":2,"featured_media":748026,"comment_status":"","ping_status":"","sticky":false,"template":"","format":"standard","meta":{"footnotes":""},"categories":[92],"tags":[7993,25,24,3380,165,33549,166,23],"class_list":["post-748025","post","type-post","status-publish","format-standard","has-post-thumbnail","category-salud","tag-envejecimiento","tag-es","tag-espana","tag-farmaco","tag-health","tag-ratones","tag-salud","tag-spain"],"share_on_mastodon":{"url":"https:\/\/pubeurope.com\/@es\/117214478228133031","error":""},"_links":{"self":[{"href":"https:\/\/www.europesays.com\/es\/wp-json\/wp\/v2\/posts\/748025","targetHints":{"allow":["GET"]}}],"collection":[{"href":"https:\/\/www.europesays.com\/es\/wp-json\/wp\/v2\/posts"}],"about":[{"href":"https:\/\/www.europesays.com\/es\/wp-json\/wp\/v2\/types\/post"}],"author":[{"embeddable":true,"href":"https:\/\/www.europesays.com\/es\/wp-json\/wp\/v2\/users\/2"}],"replies":[{"embeddable":true,"href":"https:\/\/www.europesays.com\/es\/wp-json\/wp\/v2\/comments?post=748025"}],"version-history":[{"count":0,"href":"https:\/\/www.europesays.com\/es\/wp-json\/wp\/v2\/posts\/748025\/revisions"}],"wp:featuredmedia":[{"embeddable":true,"href":"https:\/\/www.europesays.com\/es\/wp-json\/wp\/v2\/media\/748026"}],"wp:attachment":[{"href":"https:\/\/www.europesays.com\/es\/wp-json\/wp\/v2\/media?parent=748025"}],"wp:term":[{"taxonomy":"category","embeddable":true,"href":"https:\/\/www.europesays.com\/es\/wp-json\/wp\/v2\/categories?post=748025"},{"taxonomy":"post_tag","embeddable":true,"href":"https:\/\/www.europesays.com\/es\/wp-json\/wp\/v2\/tags?post=748025"}],"curies":[{"name":"wp","href":"https:\/\/api.w.org\/{rel}","templated":true}]}}