{"id":748039,"date":"2026-09-04T19:51:12","date_gmt":"2026-09-04T19:51:12","guid":{"rendered":"https:\/\/www.europesays.com\/es\/748039\/"},"modified":"2026-09-04T19:51:12","modified_gmt":"2026-09-04T19:51:12","slug":"nacho-elvira-en-el-segundo-puesto-del-omega-european-masters","status":"publish","type":"post","link":"https:\/\/www.europesays.com\/es\/748039\/","title":{"rendered":"Nacho Elvira, en el segundo puesto del Omega European Masters"},"content":{"rendered":"<p>Nueve birdies y un solitario bogey colocan a Nacho Elvira en uno de los partidos estelares del s\u00e1bado, dos golpes por detr\u00e1s de Lawrence<img fetchpriority=\"high\" decoding=\"async\" class=\"wp-image-331539 size-full\" src=\"https:\/\/www.europesays.com\/es\/wp-content\/uploads\/2026\/09\/Nacho-Elvira-Catalunya-Championship-02.jpg\" alt=\"Alex del Rey, Alfredo Garc\u00eda-Heredia, \u00c1lvaro Quir\u00f3s, \u00c1ngel Ayora, Brandon Robinson, Doha GC, DP World Tour, Iv\u00e1n Cantero, Manuel Elvira, Nacho Elvira, Pablo Larraz\u00e1bal, Qatar Masters,\" width=\"1500\" height=\"1000\"  \/>Nacho Elvira, mejor espa\u00f1ol tras los dos primeros d\u00edas en Suiza.<\/p>\n<p style=\"text-align: justify;\">Tras el <strong>segundo puesto<\/strong> cosechado la pasada semana en el <strong>British Masters<\/strong>, <strong>Nacho Elvira<\/strong> (62 golpes, -11) ha vuelto a tomar el <strong>toro por los cuernos<\/strong>. Esta vez ha sido en la jornada del viernes del <strong>Omega European Masters<\/strong>, un torneo que se celebra en el hist\u00f3rico <strong>Crans-sur-Sierre<\/strong> y en el que el deportista de la <strong>Armada<\/strong> ha conseguido entregar una de las <strong>mejores rondas<\/strong> de todo el d\u00eda en suelo helv\u00e9tico.<\/p>\n<p style=\"text-align: justify;\"><strong>Elvira<\/strong>, que part\u00eda desde la <strong>primera bandera<\/strong>, ha logrado <strong>nueve birdies<\/strong> y un solitario <strong>error<\/strong> para subir hasta <strong>veinticuatro puestos<\/strong> y as\u00ed colocarse en el <strong>segundo lugar<\/strong> del podio. Una <strong>extraordinaria remontada<\/strong> que le vale para situarse a <strong>dos golpes<\/strong> del <strong><a style=\"color: #008000;\" href=\"https:\/\/x.com\/DPWorldTour\/status\/2095919822131314732\" target=\"_blank\" rel=\"noopener nofollow\">l\u00edder Thriston Lawrence (63 golpes, -13)<\/a><\/strong> y en uno de los <strong>encuentros estelares<\/strong> de la jornada del movimiento.<\/p>\n<p style=\"text-align: justify;\">Un s\u00e1bado que llega cargado para los intereses de la <strong>Armada<\/strong>. Y es que <strong>Nacho Elvira<\/strong> no ha sido el \u00fanico deportista patrio en uno de los <strong>primeros lugares<\/strong>. <strong>Rafa Cabrera Bello<\/strong> (65 golpes, -9) tambi\u00e9n ha dado un golpe encima de la mesa para colocarse <strong>quinto<\/strong> en el ecuador del campeonato. El grancanario se anot\u00f3 <strong>media docena de birdies<\/strong> por un solitario <strong>error<\/strong> para quedarse a rebufo de los <strong>dobles d\u00edgitos<\/strong> en negativo.<\/p>\n<p>La Armada copa las primeras plazas<\/p>\n<p style=\"text-align: justify;\"><strong>Eugenio Chacarra<\/strong> (67 golpes, -8) y <strong>\u00c1ngel Ayora<\/strong> (68 golpes, -8), ambos en el <strong>Top 8<\/strong> de la prueba, tambi\u00e9n se hacen un hueco en la <strong>zona alta<\/strong> del campeonato. Todo ello en una semana en la que tanto <strong>David Puig<\/strong> (67 golpes, -7) como <strong>Sergio Garc\u00eda<\/strong> (63 golpes, -7) y <strong>\u00c1ngel Hidalgo<\/strong> (63 golpes, -7) han logrado adentrarse en las dos \u00faltimas rondas del campeonato a escasa distancia de los <strong>diez primeros<\/strong> jugadores de la prueba.<\/p>\n<p><a style=\"color: #008000;\" href=\"https:\/\/opengolf.es\/circuitos\/siga-aqui-y-en-directo-los-marcadores-de-todos-los-circuitos-en-juego-4\/\" target=\"_blank\" rel=\"noopener nofollow\">Ver CLASIFICACI\u00d3N<\/a><\/p>\n<blockquote class=\"twitter-tweet\">\n<p dir=\"ltr\" lang=\"en\">16 out of 18 rounds in the 60s \ud83e\udd2f<\/p>\n<p>Thriston Lawrence has now shot 16 rounds in the 60s at Crans-sur-Sierre and is a staggering -59 to par across those 18 rounds \ud83d\udd25<a href=\"https:\/\/x.com\/hashtag\/OEM2026?src=hash&amp;ref_src=twsrc%5Etfw\" rel=\"nofollow\">#OEM2026<\/a> <a href=\"https:\/\/t.co\/GjOfjc5LIQ\" rel=\"nofollow\">pic.twitter.com\/GjOfjc5LIQ<\/a><\/p>\n<p>\u2014 DP World Tour (@DPWorldTour) <a href=\"https:\/\/x.com\/DPWorldTour\/status\/2095919822131314732?ref_src=twsrc%5Etfw\" rel=\"nofollow\">September 4, 2026<\/a><\/p>\n<\/blockquote>\n<p><script async src=\"https:\/\/platform.twitter.com\/widgets.js\" charset=\"utf-8\"><\/script><\/p>\n","protected":false},"excerpt":{"rendered":"Nueve birdies y un solitario bogey colocan a Nacho Elvira en uno de los partidos estelares del s\u00e1bado,&hellip;\n","protected":false},"author":2,"featured_media":748040,"comment_status":"","ping_status":"","sticky":false,"template":"","format":"standard","meta":{"footnotes":""},"categories":[275],"tags":[26578,132424,168,7316,25,24,50916,329,34402,29061,34403,23,167,31510],"class_list":["post-748039","post","type-post","status-publish","format-standard","has-post-thumbnail","category-golf","tag-angel-ayora","tag-crans-sur-sierre","tag-deportes","tag-dp-world-tour","tag-es","tag-espana","tag-eugenio-chacarra","tag-golf","tag-nacho-elvira","tag-omega-european-masters","tag-rafa-cabrera-bello","tag-spain","tag-sports","tag-thriston-lawrence"],"share_on_mastodon":{"url":"https:\/\/pubeurope.com\/@es\/117214517793540184","error":""},"_links":{"self":[{"href":"https:\/\/www.europesays.com\/es\/wp-json\/wp\/v2\/posts\/748039","targetHints":{"allow":["GET"]}}],"collection":[{"href":"https:\/\/www.europesays.com\/es\/wp-json\/wp\/v2\/posts"}],"about":[{"href":"https:\/\/www.europesays.com\/es\/wp-json\/wp\/v2\/types\/post"}],"author":[{"embeddable":true,"href":"https:\/\/www.europesays.com\/es\/wp-json\/wp\/v2\/users\/2"}],"replies":[{"embeddable":true,"href":"https:\/\/www.europesays.com\/es\/wp-json\/wp\/v2\/comments?post=748039"}],"version-history":[{"count":0,"href":"https:\/\/www.europesays.com\/es\/wp-json\/wp\/v2\/posts\/748039\/revisions"}],"wp:featuredmedia":[{"embeddable":true,"href":"https:\/\/www.europesays.com\/es\/wp-json\/wp\/v2\/media\/748040"}],"wp:attachment":[{"href":"https:\/\/www.europesays.com\/es\/wp-json\/wp\/v2\/media?parent=748039"}],"wp:term":[{"taxonomy":"category","embeddable":true,"href":"https:\/\/www.europesays.com\/es\/wp-json\/wp\/v2\/categories?post=748039"},{"taxonomy":"post_tag","embeddable":true,"href":"https:\/\/www.europesays.com\/es\/wp-json\/wp\/v2\/tags?post=748039"}],"curies":[{"name":"wp","href":"https:\/\/api.w.org\/{rel}","templated":true}]}}