{"id":748047,"date":"2026-09-04T19:57:26","date_gmt":"2026-09-04T19:57:26","guid":{"rendered":"https:\/\/www.europesays.com\/es\/748047\/"},"modified":"2026-09-04T19:57:26","modified_gmt":"2026-09-04T19:57:26","slug":"brad-pitt-penelope-cruz-jeremy-irons-y-rami-malek-confirman-su-presencia-en-el-zinemaldia","status":"publish","type":"post","link":"https:\/\/www.europesays.com\/es\/748047\/","title":{"rendered":"Brad Pitt, Pen\u00e9lope Cruz, Jeremy Irons y Rami Malek confirman su presencia en el Zinemaldia"},"content":{"rendered":"<p>A dos semanas escasas para que el Kursaal encienda sus proyectores y abra de par en par sus puertas, el Festival puso este viernes nombres  &#8230; y apellidos a la constelaci\u00f3n de estrellas que iluminar\u00e1 la 74 edici\u00f3n. Un desembarco de figuras que combina lo mejorcito de Hollywood con algunos rostros del gran cine europeo y la pujanza de caras del cine espa\u00f1ol y vasco.<\/p>\n<p class=\"v-d-p\">Adem\u00e1s de los dos Premios Donostia ya anunciados, el maestro Werner Herzog y la actriz brit\u00e1nica Naomi Watts, se sumar\u00e1n a la alfombra roja de este a\u00f1o Brad Pitt, Pen\u00e9lope Cruz, Rami Malek, Marion Cotillard, Jeremy Irons, Orlando Bloom, Ricardo Dar\u00edn, Vincent Lindon, Lali Esp\u00f3sito y Lena Olin. Una pasarela de primer nivel por la que tambi\u00e9n se dejar\u00e1 ver un diverso elenco de cineastas de la talla de Fatih Akin, Lukas Dhont, Jesse Eisenberg, Nicole Garcia, Pablo Larra\u00edn, Diego Luna, Martin McDonagh, Tsai Ming-Liang, Cristian Mungiu, Pawel Pawlikowski, Andrey Zvyagintsev o el t\u00e1ndem formado por Olivier Nakache y Eric Toledano.<\/p>\n<p class=\"v-d-p\">Los encargados de entregar los galardones honor\u00edficos ser\u00e1n el actor Orlando Bloom, que pondr\u00e1 en manos de Werner Herzog la emblem\u00e1tica farola donostiarra en la gala de inauguraci\u00f3n, mientras que, al d\u00eda siguiente, Juan Antonio Bayona entregar\u00e1 el Donostia a Naomi Wattss, su protagonista en &#8216;Lo imposible&#8217; (2012). La actriz de &#8216;The Housewife (La esposa perfecta)&#8217; llegar\u00e1 respaldada por la veterana actriz sueca Lena Olin.<\/p>\n<p><img decoding=\"async\" loading=\"lazy\" src=\"https:\/\/www.europesays.com\/es\/wp-content\/uploads\/2026\/09\/_DSC4608-U201372345958O9G-U301567485048CcC-650x455@Diario Vasco.jpg\" class=\"v-a-img\" width=\"680\" height=\"478\" alt=\"Beloki y Rebordinos, en la presentaci\u00f3n de este viernes.\" data-voc-vtm-id=\"in-text-traffic\"\/><\/p>\n<p>Beloki y Rebordinos, en la presentaci\u00f3n de este viernes.<\/p>\n<p>(Royo)<\/p>\n<p class=\"v-d-p\">En la lucha por la Concha de Oro, el pase\u00edllo arrancar\u00e1 con el germano-turco Fatih Akin, que inaugurar\u00e1 la Secci\u00f3n Oficial con &#8216;Geister \/ Ghost Song&#8217; junto a sus int\u00e9rpretes Mariam Dawoud y Eren M. G\u00fcvercin. La directora Nicole Garc\u00eda presentar\u00e1 &#8216;7h40 ce matin-l\u00e0 \/ Milo&#8217; junto a la oscarizada Marion Cotillard (Premio Donostia en 2021), mientras que un imponente s\u00e9quito de int\u00e9rpretes franceses, integrado por Vincent Lindon, No\u00e9mie Merlant, Tahar Rahim y Camille Cottin arropar\u00e1 a Fr\u00e9deric Cavay\u00e9 el d\u00eda de &#8216;Los miserables&#8217;. El estadounidense Jesse Eisenberg regresar\u00e1 al certamen con su tercer filme como director &#8216;El debut&#8217;.<\/p>\n<p>\nAut\u00e9ntica locura\n<\/p>\n<p class=\"v-d-p\">Fuera de concurso, en el centro de todas las miradas estar\u00e1 Brad Pitt. El actor y productor estadounidense regresar\u00e1 al Zinemaldia tras su \u00faltima visita en 2009 con &#8216;En el coraz\u00f3n de la bestia&#8217;, filme de acci\u00f3n y supervivencia dirigido por David Ayer. Pitt es una de las grandes estrellas en activo de la industria norteamericana tras una carrera impecable con t\u00edtulos como &#8216;El club de lucha&#8217; (1999), &#8216;Seven&#8217; (1995) o &#8216;\u00c9rase una vez en Hollywood&#8217; (2019), por la que gan\u00f3 el Oscar. Su visita promete desatar la locura.<\/p>\n<p class=\"v-d-p\">No obstante, es Perlak la secci\u00f3n que concentra una de las mayores densidades de brillo por metro cuadrado. Martin McDonagh, director de &#8216;Siete psic\u00f3patas&#8217; (2012) o &#8216;Tres anuncios a las afueras&#8217; (2017), presentar\u00e1 &#8216;Wild Horse Nine&#8217;, mientras que el realizador norteamericano Ira Sachs, que ser\u00e1 el presidente del Jurado Oficial, desembarcar\u00e1 junto a Rami Malek \u2013consagrado tras su oscarizada interpretaci\u00f3n de Freddie Mercury en &#8216;Bohemian Rhapsody&#8217;\u2013 y Tom Sturridge, protagonistas de &#8216;The Man I Love&#8217;. La n\u00f3mina internacional la completan Lukas Dhont con &#8216;Coward&#8217;; Pawel Pawlikowski, que presentar\u00e1 &#8216;Fatherland&#8217;; Cristian Mungiu con &#8216;Fjord&#8217; \u2013ganadora de la Palma de Oro en Cannes\u2013 y Andrey Zvyagintsev con &#8216;Minotaur&#8217;.<\/p>\n<p class=\"v-a-t\">\nOrlando Bloom entregar\u00e1 el Donostia a Werner Herzog en la inauguraci\u00f3n y Bayona se lo dar\u00e1 a Naomi Watts un d\u00eda m\u00e1s tarde\n<\/p>\n<p class=\"v-a-t\">\n&#8216;NAZA&#8217;, que revela la matanza masiva de civiles palestinos en Gaza por parte de Israel, se incorpora a \u00faltima hora a Perlak\n<\/p>\n<p class=\"v-a-t\">\nVictoria Luengo, Javier C\u00e1mara, Antonio de la Torre o Susi S\u00e1nchez tambi\u00e9n estar\u00e1n en el Festival para presentar sus proyectos\n<\/p>\n<p class=\"v-d-p\">Y antes de su estreno en salas comerciales el 25 de septiembre y de que Netflix la lleve al streaming, Javier Calvo y Javier Ambrossi desembarcar\u00e1n en el Festival con la esperad\u00edsima proyecci\u00f3n de &#8216;La bola negra&#8217;. El t\u00e1ndem traer\u00e1 consigo a, pr\u00e1cticamente, todo su reparto: Pen\u00e9lope Cruz, Guitarricadelafuente, Miguel Bernardeau, Carlos Gonz\u00e1lez, Milo Quifes y Lola Due\u00f1as.<\/p>\n<p class=\"v-d-p\">Adem\u00e1s, en la que presentaci\u00f3n oficial que se celebr\u00f3 este viernes en Tabakalera, Jos\u00e9 Luis Rebordinos y Maialen Beloki desvelaron la \u00faltima perla que a \u00faltima hora se incorpora a la secci\u00f3n: la pel\u00edcula &#8216;NAZA&#8217;, de Yuval Abraham y Rachel Szor. A punto de estrenarse en Venecia, donde competir\u00e1 por el Le\u00f3n de Oro, el filme, rodado de noche por las azoteas de Tel Aviv, revela con todo detalle los sistemas ocultos tras la matanza calculada y masiva de civiles palestinos en Gaza por parte de Israel.<\/p>\n<p>\nNombres vibrantes\n<\/p>\n<p class=\"v-d-p\">El apartado nost\u00e1lgico lo pondr\u00e1 la proyecci\u00f3n especial de &#8216;La misi\u00f3n&#8217; (1986) que por su 40 aniversario reunir\u00e1 en Donostia a su director Roland Joff\u00e9, al productor David Puttnam y el brit\u00e1nico Jeremy Irons (Premio Donostia en 1997) en su regrso al Festival. Por su parte, la generosa representaci\u00f3n latinoamericana volver\u00e1 a exhibir su estrecho idilio con San Sebasti\u00e1n en pr\u00e1cticamente todas las secciones. <\/p>\n<p class=\"v-d-p\">En la Oficial, Lali Esp\u00f3sito y Marcelo Subiotto respaldar\u00e1n el estreno de &#8216;Glaxo&#8217;, de Benjam\u00edn Naishtat, mientras que Mercedes Mor\u00e1n, Dolores Fonzi y la escritora Mariana Enriquez acompa\u00f1ar\u00e1n a Pablo Larra\u00edn con &#8216;Mis muertos tristes&#8217;. En Horizontes Latinos destaca la presencia del mexicano Diego Luna junto a Adriana Paz por &#8216;Ceniza en la boca&#8217;. Adem\u00e1s, Ricardo Dar\u00edn, la cara visible del cartel de esta edici\u00f3n, ya confirm\u00f3 que acudir\u00e1 a la proyecci\u00f3n especial de &#8216;Lo dejamos ac\u00e1&#8217;.<\/p>\n<p class=\"v-d-p\">El cine espa\u00f1ol desplegar\u00e1 asimismo un imponente desembarco de nombres con la llegada de Eduard Fern\u00e1ndez, que defender\u00e1 &#8216;El mal padre&#8217;, de Roberto Bueso a competici\u00f3n. El donostiarra Mikel Gurrea acudir\u00e1 con &#8216;Sants&#8217; acompa\u00f1ado de Victoria Luengo y Ariadna Gil, mientras que Javier Ruiz Caldera presentar\u00e1 &#8216;5 minutos m\u00e1s&#8217; de la mano de Javier C\u00e1mara, Bel\u00e9n Cuesta y Berto Romero, guionista del filme.<\/p>\n<p class=\"v-d-p\">La alfombra roja de la Secci\u00f3n Oficial sumar\u00e1 adem\u00e1s a Antonio de la Torre y Patricia L\u00f3pez Arnaiz con &#8216;Sacamantecas&#8217;, de David P\u00e9rez Sa\u00f1udo, y al t\u00e1ndem Elena Mart\u00edn Gimeno y Sandra Romero con la serie &#8216;El castillo&#8217;, que llegar\u00e1 con Ra\u00fal Ar\u00e9valo.<\/p>\n<p class=\"v-d-p\">El desfile de talentos tambi\u00e9n se propagar\u00e1 al resto de escenarios donostiarras. En New Directors destacar\u00e1n Oriol Pla y Marina Salas que presentar\u00e1n con Javier Giner &#8216;Esta soledad&#8217;, y Susi S\u00e1nchez con Jaime Lorente en &#8216;El mal hijo&#8217;. Zabaltegi-Tabakalera contar\u00e1 con Isaki Lacuesta y Sole\u00e1 Morente por &#8216;Jaleos&#8217;, mientras que el Vel\u00f3dromo vibrar\u00e1 con las presencias de Patrick Criado y Fermin Muguruza. <\/p>\n<p class=\"v-d-p\">La cuota de nombres vascos traer\u00e1 a Zinemira a Itziar Itu\u00f1o y Urko Olazabal con &#8216;Inurri itsuak&#8217;, a Karlos Argui\u00f1ano con el documental &#8216;Un tal Karlos&#8217; y al grupo Gatibu con Alex Sardui a la cabeza. Todo ello en la misma edici\u00f3n que ver\u00e1 recoger a Carmen Machi el Premio Nacional de Cinematograf\u00eda.<\/p>\n","protected":false},"excerpt":{"rendered":"A dos semanas escasas para que el Kursaal encienda sus proyectores y abra de par en par sus&hellip;\n","protected":false},"author":2,"featured_media":748048,"comment_status":"","ping_status":"","sticky":false,"template":"","format":"standard","meta":{"footnotes":""},"categories":[174],"tags":[17606,255,8824,7383,146,147,25,24,256,132820,24989,132821,19965,17607,2682,113597,23,24803],"class_list":["post-748047","post","type-post","status-publish","format-standard","has-post-thumbnail","category-famosos","tag-brad","tag-celebrities","tag-confirman","tag-cruz","tag-entertainment","tag-entretenimiento","tag-es","tag-espana","tag-famosos","tag-irons","tag-jeremy","tag-malek","tag-penelope","tag-pitt","tag-presencia","tag-rami","tag-spain","tag-zinemaldia"],"share_on_mastodon":{"url":"https:\/\/pubeurope.com\/@es\/117214541653176434","error":""},"_links":{"self":[{"href":"https:\/\/www.europesays.com\/es\/wp-json\/wp\/v2\/posts\/748047","targetHints":{"allow":["GET"]}}],"collection":[{"href":"https:\/\/www.europesays.com\/es\/wp-json\/wp\/v2\/posts"}],"about":[{"href":"https:\/\/www.europesays.com\/es\/wp-json\/wp\/v2\/types\/post"}],"author":[{"embeddable":true,"href":"https:\/\/www.europesays.com\/es\/wp-json\/wp\/v2\/users\/2"}],"replies":[{"embeddable":true,"href":"https:\/\/www.europesays.com\/es\/wp-json\/wp\/v2\/comments?post=748047"}],"version-history":[{"count":0,"href":"https:\/\/www.europesays.com\/es\/wp-json\/wp\/v2\/posts\/748047\/revisions"}],"wp:featuredmedia":[{"embeddable":true,"href":"https:\/\/www.europesays.com\/es\/wp-json\/wp\/v2\/media\/748048"}],"wp:attachment":[{"href":"https:\/\/www.europesays.com\/es\/wp-json\/wp\/v2\/media?parent=748047"}],"wp:term":[{"taxonomy":"category","embeddable":true,"href":"https:\/\/www.europesays.com\/es\/wp-json\/wp\/v2\/categories?post=748047"},{"taxonomy":"post_tag","embeddable":true,"href":"https:\/\/www.europesays.com\/es\/wp-json\/wp\/v2\/tags?post=748047"}],"curies":[{"name":"wp","href":"https:\/\/api.w.org\/{rel}","templated":true}]}}