{"id":748059,"date":"2026-09-04T20:05:12","date_gmt":"2026-09-04T20:05:12","guid":{"rendered":"https:\/\/www.europesays.com\/es\/748059\/"},"modified":"2026-09-04T20:05:12","modified_gmt":"2026-09-04T20:05:12","slug":"aitana-abre-su-cuarto-azul-con-el-primero-de-sus-cuatro-conciertos-en-barcelona","status":"publish","type":"post","link":"https:\/\/www.europesays.com\/es\/748059\/","title":{"rendered":"Aitana abre su \u00abCuarto Azul\u00bb con el primero de sus cuatro conciertos en Barcelona"},"content":{"rendered":"<p><img decoding=\"async\" class=\"v-ath__i\" loading=\"lazy\" src=\"https:\/\/www.europesays.com\/es\/wp-content\/uploads\/2026\/09\/1788552312_413_autor-5497-foto-3.jpeg\" alt=\"Agencia Europa Press\"\/><\/p>\n<p>04\/09\/2026 a las 18:25h.<\/p>\n<p class=\"v-d-p\">La cantante catalana Aitana llega hoy a Barcelona para ofrecer el primero de los cuatro conciertos que celebrar\u00e1 en el Palau Sant Jordi en el  &#8230; marco de su gira Cuarto Azul.Algunos de sus fans llevan haciendo cola desde hace dos d\u00edas; otros han llegado a primera hora de la ma\u00f1ana. Todo vale para conseguir un buen sitio y ver de cerca a su artista favorita. \u00abLlevamos aqu\u00ed dos d\u00edas haciendo noche, con un poco de fr\u00edo, pero vale la pena. Por Aitana, lo que sea\u00bb, explica una de sus seguidoras.<\/p>\n","protected":false},"excerpt":{"rendered":"04\/09\/2026 a las 18:25h. La cantante catalana Aitana llega hoy a Barcelona para ofrecer el primero de los&hellip;\n","protected":false},"author":2,"featured_media":748060,"comment_status":"","ping_status":"","sticky":false,"template":"","format":"standard","meta":{"footnotes":""},"categories":[91],"tags":[490,3519,7564,210,208,10859,954,146,147,25,24,7778,23],"class_list":["post-748059","post","type-post","status-publish","format-standard","has-post-thumbnail","category-entretenimiento","tag-abre","tag-aitana","tag-azul","tag-barcelona","tag-conciertos","tag-cuarto","tag-cuatro","tag-entertainment","tag-entretenimiento","tag-es","tag-espana","tag-primero","tag-spain"],"share_on_mastodon":{"url":"https:\/\/pubeurope.com\/@es\/117214572965991075","error":""},"_links":{"self":[{"href":"https:\/\/www.europesays.com\/es\/wp-json\/wp\/v2\/posts\/748059","targetHints":{"allow":["GET"]}}],"collection":[{"href":"https:\/\/www.europesays.com\/es\/wp-json\/wp\/v2\/posts"}],"about":[{"href":"https:\/\/www.europesays.com\/es\/wp-json\/wp\/v2\/types\/post"}],"author":[{"embeddable":true,"href":"https:\/\/www.europesays.com\/es\/wp-json\/wp\/v2\/users\/2"}],"replies":[{"embeddable":true,"href":"https:\/\/www.europesays.com\/es\/wp-json\/wp\/v2\/comments?post=748059"}],"version-history":[{"count":0,"href":"https:\/\/www.europesays.com\/es\/wp-json\/wp\/v2\/posts\/748059\/revisions"}],"wp:featuredmedia":[{"embeddable":true,"href":"https:\/\/www.europesays.com\/es\/wp-json\/wp\/v2\/media\/748060"}],"wp:attachment":[{"href":"https:\/\/www.europesays.com\/es\/wp-json\/wp\/v2\/media?parent=748059"}],"wp:term":[{"taxonomy":"category","embeddable":true,"href":"https:\/\/www.europesays.com\/es\/wp-json\/wp\/v2\/categories?post=748059"},{"taxonomy":"post_tag","embeddable":true,"href":"https:\/\/www.europesays.com\/es\/wp-json\/wp\/v2\/tags?post=748059"}],"curies":[{"name":"wp","href":"https:\/\/api.w.org\/{rel}","templated":true}]}}