{"id":748065,"date":"2026-09-04T20:08:14","date_gmt":"2026-09-04T20:08:14","guid":{"rendered":"https:\/\/www.europesays.com\/es\/748065\/"},"modified":"2026-09-04T20:08:14","modified_gmt":"2026-09-04T20:08:14","slug":"la-extrema-derecha-alemana-rozara-el-domingo-la-mayoria-absoluta-en-sajonia-anhalt-segun-los-sondeos-internacional","status":"publish","type":"post","link":"https:\/\/www.europesays.com\/es\/748065\/","title":{"rendered":"La extrema derecha alemana rozar\u00e1 el domingo la mayor\u00eda absoluta en Sajonia-Anhalt, seg\u00fan los sondeos | Internacional"},"content":{"rendered":"<p class=\"\">La extrema derecha est\u00e1 m\u00e1s cerca que nunca de llegar al poder en Alemania por primera vez en democracia. As\u00ed lo indican las encuestas desde hace meses, tambi\u00e9n la \u00faltima, publicada el jueves por la televisi\u00f3n p\u00fablica ZDF: AfD obtendr\u00eda el 41% de los votos en las elecciones del domingo en el Estado de Sajonia-Anhalt. La segunda fuerza en intenci\u00f3n de voto ser\u00eda la CDU, con el 23%, <a href=\"https:\/\/elpais.com\/internacional\/2021-06-06\/los-primeros-sondeos-dan-la-victoria-a-los-conservadores-alemanes-en-sajonia-anhalt-frente-a-la-ultraderecha.html\" target=\"_self\" rel=\"nofollow noopener\" title=\"https:\/\/elpais.com\/internacional\/2021-06-06\/los-primeros-sondeos-dan-la-victoria-a-los-conservadores-alemanes-en-sajonia-anhalt-frente-a-la-ultraderecha.html\">14 puntos menos de lo que obtuvo en los comicios regionales de 2021<\/a>. <\/p>\n<p class=\"\">Los democristianos gobiernan en este land, o Estado federado, en coalici\u00f3n con el SPD y los liberales del FDP. De confirmarse la encuesta, AfD se quedar\u00eda a cinco puntos porcentuales de la mayor\u00eda absoluta, lo que supone que solo una entente entre el resto de los partidos impedir\u00eda que pudiera formar Gobierno.<\/p>\n<p class=\"\">La noche electoral ser\u00e1 de infarto porque todo depender\u00e1 de un peque\u00f1o margen. AfD tendr\u00e1 dos opciones de formar Gobierno: si logra la mayor\u00eda absoluta de diputados o si la izquierda nacionalista y populista de BSW entra en el Parlamento. El BSW rozar\u00eda el umbral del 5% requerido para entrar en el Parlamento, seg\u00fan ZDF. <a href=\"https:\/\/elpais.com\/internacional\/2024-12-18\/alemania-refuerza-el-cordon-sanitario-a-la-extrema-derecha-al-sumar-a-la-izquierda-populista.html\" target=\"_self\" rel=\"nofollow noopener\" title=\"https:\/\/elpais.com\/internacional\/2024-12-18\/alemania-refuerza-el-cordon-sanitario-a-la-extrema-derecha-al-sumar-a-la-izquierda-populista.html\">La l\u00edder de BSW, Sahra Wagenknecht, ha reiterado este agosto que<\/a>, llegado el caso, su partido estudiar\u00e1 si debe facilitar un Gobierno de AfD. BSW considera que es antidemocr\u00e1tico vetar a un partido que obtiene un apoyo tan grande y muy por encima de sus rivales.<\/p>\n<p><img alt=\"\" decoding=\"auto\" class=\"_re lazyload a_m-h\" height=\"346\"  width=\"414\"  src=\"https:\/\/www.europesays.com\/es\/wp-content\/uploads\/2026\/09\/3NKH7SMAUJLMDFKQ7C27WQDU3M.jpg\" loading=\"lazy\" fetchpriority=\"low\"\/>El candidato de AFD a las elecciones en Sajonia-Anhalt, Ulrich Siegmund, este viernes en Magdeburg.  Annegret Hilse (REUTERS)<\/p>\n<p class=\"\">El cord\u00f3n sanitario ha permitido que AfD no haya accedido todav\u00eda al poder en Alemania, algo que el resto de los partidos consideran que ser\u00eda una sacudida de consecuencias imprevisibles. La formaci\u00f3n radical, fundada en 2013, solo ha conseguido por el momento cuatro alcald\u00edas de municipios menores. Su mayor logro fue ser la segunda fuerza m\u00e1s votada en las elecciones federales de 2025. En las elecciones del Estado de Turingia de 2024<a href=\"https:\/\/elpais.com\/internacional\/2024-09-02\/que-ha-pasado-en-alemania-graficos-y-mapas-que-explican-los-resultados-electorales-en-sajonia-y-turingia.html\" target=\"_self\" rel=\"nofollow noopener\" title=\"https:\/\/elpais.com\/internacional\/2024-09-02\/que-ha-pasado-en-alemania-graficos-y-mapas-que-explican-los-resultados-electorales-en-sajonia-y-turingia.html\"> ya logr\u00f3 ser el partido m\u00e1s votado con un 32% de los votos<\/a>, pero el cord\u00f3n sanitario dio a la CDU la posibilidad de formar un Gobierno en minor\u00eda con el SPD y BSW. <\/p>\n<p class=\"\">La coalici\u00f3n de estos tres partidos en Turingia, \u00fanica en Alemania, atraviesa su momento m\u00e1s complejo debido a una rebeli\u00f3n interna en BSW. La formaci\u00f3n de un Gobierno alternativo a AfD en Sajonia-Anhalt se antoja incluso m\u00e1s dif\u00edcil, no solo porque la extrema derecha obtendr\u00eda un porcentaje mayor. Fuentes de la CDU en el land, aseguran que, pese a la ca\u00edda enorme en votos, creen que su candidato, Sven Schulze, revalidar\u00e1 la presidencia del Gobierno federal. Pero para ello, admiten, depender\u00e1n de algo muy dif\u00edcil: que los democristianos y Die Linke lleguen a un acuerdo.<\/p>\n<p class=\"\">El propio canciller y l\u00edder de la CDU, Friedrich Merz, asegur\u00f3 esta semana que su partido considera igual de radicales a AfD y a la izquierda de Die Linke. \u201cTanto AfD como Die Linke tienen diferencias tan importantes con la CDU que la cooperaci\u00f3n con ellos est\u00e1 fuera de discusi\u00f3n\u201d, dijo Merz en el diario Mitteldeutschen Zeitung. <a href=\"https:\/\/elpais.com\/internacional\/2025-02-24\/el-voto-joven-y-una-campana-centrada-en-la-vivienda-impulsan-el-regreso-de-la-izquierda-en-alemania.html\" target=\"_self\" rel=\"nofollow noopener\" title=\"https:\/\/elpais.com\/internacional\/2025-02-24\/el-voto-joven-y-una-campana-centrada-en-la-vivienda-impulsan-el-regreso-de-la-izquierda-en-alemania.html\">Die Linke, que se perfila como tercera fuerza en Sajonia-Anhalt<\/a> con una horquilla en las encuestas de entre el 11% y el 13%, tampoco se plantea acuerdos con los democristianos, excepto si sirve para dejar a AfD fuera del poder como sucedi\u00f3 en Turingia. Schulze, preguntado por la cuesti\u00f3n en numerosas ocasiones durante la campa\u00f1a, se ha limitado a responder que, de revalidar la presidencia del Estado, su Ejecutivo no tendr\u00e1 ni representantes de AfD ni de Die Linke.<\/p>\n<p class=\"\">AfD est\u00e1 precisamente centrando las \u00faltimas jornadas de la campa\u00f1a electoral en atacar a la CDU dando por hecho que pactar\u00e1n con Die Linke, para ganar as\u00ed m\u00e1s apoyo del votante conservador. \u201cLa cooperaci\u00f3n de Merz con los partidos de izquierdas es un crimen hist\u00f3rico\u201d, grit\u00f3 este s\u00e1bado el presidente del partido en Sajonia-Anhalt, Martin Reichardt, durante un acto de campa\u00f1a en Magdeburgo, la capital del land. \u201cLa CDU se estar\u00eda cagando en su propio programa electoral si negocia la coalici\u00f3n\u201d con Die Linke, a\u00f1adi\u00f3 Reichardt entre v\u00edtores de los asistentes.<\/p>\n","protected":false},"excerpt":{"rendered":"La extrema derecha est\u00e1 m\u00e1s cerca que nunca de llegar al poder en Alemania por primera vez en&hellip;\n","protected":false},"author":2,"featured_media":748066,"comment_status":"","ping_status":"","sticky":false,"template":"","format":"standard","meta":{"footnotes":""},"categories":[42],"tags":[38834,1660,17,18,14634,123206,2287,13,14,582,11,61,62,63,64,19,20,9,10,15,16,952,1670,12,21,22,65,66,67],"class_list":["post-748065","post","type-post","status-publish","format-standard","has-post-thumbnail","category-internacional","tag-afd","tag-alemania","tag-breaking-news","tag-breakingnews","tag-cdu","tag-elecciones-alemania","tag-extrema-derecha","tag-featured-news","tag-featurednews","tag-gobierno","tag-headlines","tag-internacional","tag-international","tag-international-news","tag-internationalnews","tag-latest-news","tag-latestnews","tag-news","tag-noticias","tag-noticias-destacadas","tag-noticiasdestacadas","tag-politica","tag-politicos","tag-titulares","tag-ultimas-noticias","tag-ultimasnoticias","tag-world","tag-world-news","tag-worldnews"],"share_on_mastodon":{"url":"","error":"Validation failed: Text character limit of 500 exceeded"},"_links":{"self":[{"href":"https:\/\/www.europesays.com\/es\/wp-json\/wp\/v2\/posts\/748065","targetHints":{"allow":["GET"]}}],"collection":[{"href":"https:\/\/www.europesays.com\/es\/wp-json\/wp\/v2\/posts"}],"about":[{"href":"https:\/\/www.europesays.com\/es\/wp-json\/wp\/v2\/types\/post"}],"author":[{"embeddable":true,"href":"https:\/\/www.europesays.com\/es\/wp-json\/wp\/v2\/users\/2"}],"replies":[{"embeddable":true,"href":"https:\/\/www.europesays.com\/es\/wp-json\/wp\/v2\/comments?post=748065"}],"version-history":[{"count":0,"href":"https:\/\/www.europesays.com\/es\/wp-json\/wp\/v2\/posts\/748065\/revisions"}],"wp:featuredmedia":[{"embeddable":true,"href":"https:\/\/www.europesays.com\/es\/wp-json\/wp\/v2\/media\/748066"}],"wp:attachment":[{"href":"https:\/\/www.europesays.com\/es\/wp-json\/wp\/v2\/media?parent=748065"}],"wp:term":[{"taxonomy":"category","embeddable":true,"href":"https:\/\/www.europesays.com\/es\/wp-json\/wp\/v2\/categories?post=748065"},{"taxonomy":"post_tag","embeddable":true,"href":"https:\/\/www.europesays.com\/es\/wp-json\/wp\/v2\/tags?post=748065"}],"curies":[{"name":"wp","href":"https:\/\/api.w.org\/{rel}","templated":true}]}}