{"id":748073,"date":"2026-09-04T20:16:22","date_gmt":"2026-09-04T20:16:22","guid":{"rendered":"https:\/\/www.europesays.com\/es\/748073\/"},"modified":"2026-09-04T20:16:22","modified_gmt":"2026-09-04T20:16:22","slug":"el-belga-vernaillen-es-el-primer-lider-la-vuelta-a-cantabria-junior","status":"publish","type":"post","link":"https:\/\/www.europesays.com\/es\/748073\/","title":{"rendered":"El belga Vernaillen es el primer l\u00edder la Vuelta a Cantabria j\u00fanior"},"content":{"rendered":"<p>El belga Stan Vernaillen (Wielerclub) es el primer l\u00edder de la Vuelta a Cantabria j\u00fanior, tras imponerse en la primera etapa, disputada entre Aes y  &#8230; Puente Viesgo y de 99,7 kil\u00f3metros de recorrido.<\/p>\n<p class=\"v-d-p\">Con los m\u00faltiples ataques que se dan en carreras de esta categor\u00eda, la etapa no se resolvi\u00f3 hasta los kil\u00f3metros finales. Parec\u00eda que el ataque del galo Nolan Pedersoli (Region Sud Cycling) iba a ser bueno, pero fue neutralizado por otros cuatro ciclistas antes de la llegada a Puente Viesgo. Justo ah\u00ed, Vernaillen salt\u00f3 y se march\u00f3 en solitario, para cruzar la l\u00ednea de meta en Puente Viesgo con siete segundos de renta sobre sus perseguidores.<\/p>\n<p class=\"v-d-p\">Este s\u00e1bado se celebra la segunda etapa, de 118,8 kil\u00f3metros y salida y meta en la localidad de Vio\u00f1o de Pi\u00e9lagos.<\/p>\n","protected":false},"excerpt":{"rendered":"El belga Stan Vernaillen (Wielerclub) es el primer l\u00edder de la Vuelta a Cantabria j\u00fanior, tras imponerse en&hellip;\n","protected":false},"author":2,"featured_media":748074,"comment_status":"","ping_status":"","sticky":false,"template":"","format":"standard","meta":{"footnotes":""},"categories":[273],"tags":[2771,313,312,168,2125,25,24,3368,1262,23,167,1357],"class_list":["post-748073","post","type-post","status-publish","format-standard","has-post-thumbnail","category-ciclismo","tag-cantabria","tag-ciclismo","tag-cycling","tag-deportes","tag-directo","tag-es","tag-espana","tag-junior","tag-sigue","tag-spain","tag-sports","tag-vuelta"],"share_on_mastodon":{"url":"","error":""},"_links":{"self":[{"href":"https:\/\/www.europesays.com\/es\/wp-json\/wp\/v2\/posts\/748073","targetHints":{"allow":["GET"]}}],"collection":[{"href":"https:\/\/www.europesays.com\/es\/wp-json\/wp\/v2\/posts"}],"about":[{"href":"https:\/\/www.europesays.com\/es\/wp-json\/wp\/v2\/types\/post"}],"author":[{"embeddable":true,"href":"https:\/\/www.europesays.com\/es\/wp-json\/wp\/v2\/users\/2"}],"replies":[{"embeddable":true,"href":"https:\/\/www.europesays.com\/es\/wp-json\/wp\/v2\/comments?post=748073"}],"version-history":[{"count":0,"href":"https:\/\/www.europesays.com\/es\/wp-json\/wp\/v2\/posts\/748073\/revisions"}],"wp:featuredmedia":[{"embeddable":true,"href":"https:\/\/www.europesays.com\/es\/wp-json\/wp\/v2\/media\/748074"}],"wp:attachment":[{"href":"https:\/\/www.europesays.com\/es\/wp-json\/wp\/v2\/media?parent=748073"}],"wp:term":[{"taxonomy":"category","embeddable":true,"href":"https:\/\/www.europesays.com\/es\/wp-json\/wp\/v2\/categories?post=748073"},{"taxonomy":"post_tag","embeddable":true,"href":"https:\/\/www.europesays.com\/es\/wp-json\/wp\/v2\/tags?post=748073"}],"curies":[{"name":"wp","href":"https:\/\/api.w.org\/{rel}","templated":true}]}}