{"id":748097,"date":"2026-09-04T20:31:16","date_gmt":"2026-09-04T20:31:16","guid":{"rendered":"https:\/\/www.europesays.com\/es\/748097\/"},"modified":"2026-09-04T20:31:16","modified_gmt":"2026-09-04T20:31:16","slug":"trump-reanuda-presion-sobre-la-fed-para-que-recorte-tasas-y-amenaza-con-cortar-comercio","status":"publish","type":"post","link":"https:\/\/www.europesays.com\/es\/748097\/","title":{"rendered":"Trump reanuda presi\u00f3n sobre la Fed para que recorte tasas y amenaza con cortar comercio"},"content":{"rendered":"\n<p class=\"text text-block paragraph text-left neo-font-paragraph-xl-reg  yf-18d6y07\" style=\"text-decoration: none; font-style: normal; text-transform: none; text-align: inherit; font-variant-numeric: normal;\">(Bloomberg) &#8212; El presidente Donald Trump intensific\u00f3 la presi\u00f3n sobre la Reserva Federal para que baje las tasas de inter\u00e9s y amenaz\u00f3 con cortar el comercio con determinadas econom\u00edas con las que Estados Unidos tiene d\u00e9ficit si el banco central no act\u00faa.  <\/p>\n<p class=\"text text-block paragraph text-left neo-font-paragraph-xl-reg  yf-18d6y07\" style=\"text-decoration: none; font-style: normal; text-transform: none; text-align: inherit; font-variant-numeric: normal;\">Trump plante\u00f3 sus exigencias el viernes en una extensa publicaci\u00f3n en redes sociales, despu\u00e9s de que un informe de empleo de agosto mejor de lo esperado reforzara potencialmente los argumentos para que los funcionarios de la Fed suban las tasas en su pr\u00f3xima reuni\u00f3n de pol\u00edtica monetaria, que comienza el 15 de septiembre.  <\/p>\n<p class=\"text text-block paragraph text-left neo-font-paragraph-xl-reg  yf-18d6y07\" style=\"text-decoration: none; font-style: normal; text-transform: none; text-align: inherit; font-variant-numeric: normal;\">Suscr\u00edbase aqu\u00ed al bolet\u00edn Morning Briefing Espa\u00f1ol y conozca nuestro canal de WhatsApp  <\/p>\n<p class=\"text text-block paragraph text-left neo-font-paragraph-xl-reg  yf-18d6y07\" style=\"text-decoration: none; font-style: normal; text-transform: none; text-align: inherit; font-variant-numeric: normal;\">En su publicaci\u00f3n, Trump inst\u00f3 al presidente de la Reserva Federal, Kevin Warsh \u2014a quien \u00e9l mismo eligi\u00f3 y calific\u00f3 de \u00abgenial\u00bb\u2014, as\u00ed como a los miembros de la junta, a que \u00abse espabilen\u00bb y \u00abSEAN PATRIOTAS, para variar\u00bb.  <\/p>\n<p class=\"text text-block paragraph text-left neo-font-paragraph-xl-reg  yf-18d6y07\" style=\"text-decoration: none; font-style: normal; text-transform: none; text-align: inherit; font-variant-numeric: normal;\">\u00abBAJEN LAS TASAS O DEJAR\u00c9 DE COMERCIAR CON LOS PA\u00cdSES CON LOS QUE TENEMOS D\u00c9FICIT\u00bb, public\u00f3 Trump. \u00abLas altas tasas de inter\u00e9s ponen a EE.UU. en una situaci\u00f3n de desventaja muy injusta, \u00a1y no permitir\u00e9 que eso ocurra!\u00bb.  <\/p>\n<p class=\"text text-block paragraph text-left neo-font-paragraph-xl-reg  yf-18d6y07\" style=\"text-decoration: none; font-style: normal; text-transform: none; text-align: inherit; font-variant-numeric: normal;\">Trump afirm\u00f3 que el Tribunal Supremo de EE.UU., que anul\u00f3 su anterior r\u00e9gimen arancelario, hab\u00eda reconocido su autoridad para hacerlo. Pero si sigue adelante con los embargos comerciales, es casi seguro que provocar\u00eda un recurso judicial.  <\/p>\n<p class=\"text text-block paragraph text-left neo-font-paragraph-xl-reg  yf-18d6y07\" style=\"text-decoration: none; font-style: normal; text-transform: none; text-align: inherit; font-variant-numeric: normal;\">No est\u00e1 claro c\u00f3mo una medida de este tipo contribuir\u00eda a reducir los costos de financiamiento de EE.UU.  <\/p>\n<p class=\"text text-block paragraph text-left neo-font-paragraph-xl-reg  yf-18d6y07\" style=\"text-decoration: none; font-style: normal; text-transform: none; text-align: inherit; font-variant-numeric: normal;\">El mensaje deja ver que la paciencia de Trump con la Fed se est\u00e1 agotando, apenas unos meses despu\u00e9s de que Warsh sustituyera a Jerome Powell, a quien el presidente atacaba habitualmente por las decisiones de pol\u00edtica monetaria del banco central.  <\/p>\n<p class=\"text text-block paragraph text-left neo-font-paragraph-xl-reg  yf-18d6y07\" style=\"text-decoration: none; font-style: normal; text-transform: none; text-align: inherit; font-variant-numeric: normal;\">Trump hab\u00eda moderado su campa\u00f1a de presi\u00f3n contra la Fed tras la llegada de Warsh a la presidencia, pero esta publicaci\u00f3n supone su reanudaci\u00f3n. Los \u00edndices de aprobaci\u00f3n del presidente han ca\u00eddo de cara a las elecciones de mitad de mandato de noviembre, ya que las encuestas muestran que los estadounidenses han criticado duramente su gesti\u00f3n del costo de vida y de la guerra en Ir\u00e1n.  <\/p>\n<p class=\"text text-block paragraph text-left neo-font-paragraph-xl-reg  yf-18d6y07\" style=\"text-decoration: none; font-style: normal; text-transform: none; text-align: inherit; font-variant-numeric: normal;\">El crecimiento del empleo en EE.UU. se aceler\u00f3 inesperadamente en agosto, con la creaci\u00f3n de 162.000 puestos de trabajo no agr\u00edcolas, mientras que la tasa de desempleo se mantuvo estable. En respuesta, los inversores aumentaron sus apuestas por una subida de tasas en la pr\u00f3xima reuni\u00f3n de la Fed.  <\/p>\n<p class=\"text text-block paragraph text-left neo-font-paragraph-xl-reg  yf-18d6y07\" style=\"text-decoration: none; font-style: normal; text-transform: none; text-align: inherit; font-variant-numeric: normal;\">El presidente fue incluso m\u00e1s lejos que su principal asesor econ\u00f3mico de la Casa Blanca, Kevin Hassett, quien el viernes por la ma\u00f1ana hab\u00eda dicho que las cifras de empleo reforzaban los argumentos para mantener las tasas de inter\u00e9s sin cambios.  <\/p>\n","protected":false},"excerpt":{"rendered":"(Bloomberg) &#8212; El presidente Donald Trump intensific\u00f3 la presi\u00f3n sobre la Reserva Federal para que baje las tasas&hellip;\n","protected":false},"author":2,"featured_media":748098,"comment_status":"","ping_status":"","sticky":false,"template":"","format":"standard","meta":{"footnotes":""},"categories":[80],"tags":[14278,131819,82,95,94,132829,132828,132830,25,24,14939,14940,23,936,132831],"class_list":["post-748097","post","type-post","status-publish","format-standard","has-post-thumbnail","category-economia","tag-bloomberg","tag-bloomberg-l-p","tag-business","tag-economia","tag-economy","tag-el-crecimiento-del-empleo-en-ee-uu","tag-el-presidente-donald-trump","tag-el-presidente-fue-incluso-mas-lejos-que-su","tag-es","tag-espana","tag-kevin-hassett","tag-kevin-warsh","tag-spain","tag-trump","tag-trump-demands-fed-lower"],"share_on_mastodon":{"url":"https:\/\/pubeurope.com\/@es\/117214674305295204","error":""},"_links":{"self":[{"href":"https:\/\/www.europesays.com\/es\/wp-json\/wp\/v2\/posts\/748097","targetHints":{"allow":["GET"]}}],"collection":[{"href":"https:\/\/www.europesays.com\/es\/wp-json\/wp\/v2\/posts"}],"about":[{"href":"https:\/\/www.europesays.com\/es\/wp-json\/wp\/v2\/types\/post"}],"author":[{"embeddable":true,"href":"https:\/\/www.europesays.com\/es\/wp-json\/wp\/v2\/users\/2"}],"replies":[{"embeddable":true,"href":"https:\/\/www.europesays.com\/es\/wp-json\/wp\/v2\/comments?post=748097"}],"version-history":[{"count":0,"href":"https:\/\/www.europesays.com\/es\/wp-json\/wp\/v2\/posts\/748097\/revisions"}],"wp:featuredmedia":[{"embeddable":true,"href":"https:\/\/www.europesays.com\/es\/wp-json\/wp\/v2\/media\/748098"}],"wp:attachment":[{"href":"https:\/\/www.europesays.com\/es\/wp-json\/wp\/v2\/media?parent=748097"}],"wp:term":[{"taxonomy":"category","embeddable":true,"href":"https:\/\/www.europesays.com\/es\/wp-json\/wp\/v2\/categories?post=748097"},{"taxonomy":"post_tag","embeddable":true,"href":"https:\/\/www.europesays.com\/es\/wp-json\/wp\/v2\/tags?post=748097"}],"curies":[{"name":"wp","href":"https:\/\/api.w.org\/{rel}","templated":true}]}}