{"id":748103,"date":"2026-09-04T20:34:17","date_gmt":"2026-09-04T20:34:17","guid":{"rendered":"https:\/\/www.europesays.com\/es\/748103\/"},"modified":"2026-09-04T20:34:17","modified_gmt":"2026-09-04T20:34:17","slug":"real-madrid-en-directo-goles-ultima-hora-y-resultado-de-la-jornada-4-de-laliga","status":"publish","type":"post","link":"https:\/\/www.europesays.com\/es\/748103\/","title":{"rendered":"Real Madrid, en directo: goles, \u00faltima hora y resultado de la jornada 4 de LaLiga"},"content":{"rendered":"<p class=\"c-paragraph\">Real Betis y <a href=\"https:\/\/www.20minutos.es\/tags\/deportes\/real-madrid.html\" title=\"Real Madrid\" rel=\"nofollow noopener\" target=\"_blank\">Real Madrid<\/a> abren este viernes (21.00 horas) la cuarta jornada de LaLiga en un duelo en La Cartuja al que el conjunto blanco llega invicto con pleno de victorias, <b>aunque no gana al equipo verdiblanco como visitante desde 2021,<\/b> mientras que los de Manuel Pellegrini quieren olvidar la abultada derrota ante el Levante UD y coger confianza antes de debutar en <a href=\"https:\/\/www.20minutos.es\/tags\/deportes\/champions-league.html\" title=\"Champions League\" rel=\"nofollow noopener\" target=\"_blank\">Champions<\/a>.<\/p>\n<p class=\"c-paragraph\">Los de Mourinho viajan a Sevilla tras un inicio de campeonato convincente que ha despertado la ilusi\u00f3n en el madridismo tras dos temporadas en blanco. Sin embargo, el de este viernes es el examen oficial m\u00e1s importante hasta la fecha para el conjunto blanco, con una visita que se le atraganta en los \u00faltimos a\u00f1os y con muchos reencuentros, <b>entre ellos el de Mourinho con Pellegrini.\u00a0<\/b><\/p>\n<p>22:3204\/09\/2026<\/p>\n<p>Triple cambio en el Madrid<\/p>\n<p class=\"c-paragraph\">Camavinga, G\u00fcler y Dumfries, al banquillo. Entran Diomande, Trent y Bernardo Silva.\u00a0<\/p>\n<p>22:2904\/09\/2026<\/p>\n<p>\u00a1Primeros minutos de la segunda parte! | 60&#8242; 0-0<\/p>\n<p class=\"c-paragraph\">Sin ocasiones claras hasta el momento. En el Betis, pidieron la segunda amarilla para G\u00fcler.\u00a0<\/p>\n<p>22:1304\/09\/2026<\/p>\n<p>\u00a1Arranca la segunda parte!<\/p>\n<p>21:5404\/09\/2026<\/p>\n<p>DESCANSO EN LA CARTUJA<\/p>\n<p class=\"c-paragraph\">Ambos conjuntos se marchan a vestuarios tras una ocasi\u00f3n tremenda de Huijsen a la salida de un saque de esquina. El cabezazo toc\u00f3 ligeramente en el larguero.\u00a0<\/p>\n<p>21:5304\/09\/2026<\/p>\n<p>\u00a1Milagroso! | 49&#8242; 0-0<\/p>\n<p class=\"c-paragraph\">La gran jugada de Beller\u00edn no fue rematada por Cucho, por escasos cent\u00edmetros. Estaba en boca de gol para rematar el bal\u00f3n.\u00a0<\/p>\n<p>21:5104\/09\/2026<\/p>\n<p>\u00a1Amarilla para G\u00fcler!\u00a0<b>48&#8242; 0-0<\/b><\/p>\n<p class=\"c-paragraph\">El turco cort\u00f3 una jugada prometedora y Hern\u00e1ndez Hern\u00e1ndez no dudo en ense\u00f1arle la cartulina amarilla.\u00a0<\/p>\n<p>21:4804\/09\/2026<\/p>\n<p><b>\u00a1Parad\u00f3n de Valles!\u00a0<\/b><b>| 45&#8242; 0-0<\/b><\/p>\n<p class=\"c-paragraph\">El portero del Betis salva de nuevo a su equipo tras firmar una parada perfecta al cabezazo de Bellingham.\u00a0<\/p>\n<p>21:4604\/09\/2026<\/p>\n<p>\u00a1Salvada hist\u00f3rica! | 43&#8242; 0-0<\/p>\n<p class=\"c-paragraph\">Mbapp\u00e9, por partida doble, perdona dos ocasiones clar\u00edsimas tras un regalo de Vin\u00edcius. Entre Bartra y Natan salvaron al Betis sobre la l\u00ednea de gol.\u00a0<\/p>\n<p>21:4404\/09\/2026<\/p>\n<p>\u00a1Lo intent\u00f3 G\u00fcler! | 41&#8242; 0-0<\/p>\n<p class=\"c-paragraph\">El turco prob\u00f3 fortuna desde la frontal del \u00e1rea, pero su disparo sali\u00f3 por encima del larguero.\u00a0<\/p>\n<p>21:4104\/09\/2026<\/p>\n<p>\u00a1Cambio en el Betis!<\/p>\n<p class=\"c-paragraph\">No pudo seguir Llorente, que tras un fuerte golpe en la nariz deja su puesto a Bartra. Baja sensible para el Betis.\u00a0<\/p>\n<p>Cargar m\u00e1s<\/p>\n<p>21:4004\/09\/2026<\/p>\n<p>\u00a1Golpe duro!\u00a0<\/p>\n<p class=\"c-paragraph\">Llorente, tras un golpe con su compa\u00f1ero Marc Roca, est\u00e1 siendo atendido sobre el c\u00e9sped. Sangra, y mucho, el central verdiblanco, que podr\u00eda abandonar el terreno de juego. Calienta Bartra.\u00a0<\/p>\n<p>21:3604\/09\/2026<\/p>\n<p>Uy Vini | 33&#8242; 0-0<\/p>\n<p class=\"c-paragraph\">El brasile\u00f1o, por unos mil\u00edmetros, no remat\u00f3 el pase medido de G\u00fcler, que filtr\u00f3 el bal\u00f3n dentro del \u00e1rea. Valles atrap\u00f3.\u00a0<\/p>\n<p>21:3204\/09\/2026<\/p>\n<p>\u00a1Pausa de hidrataci\u00f3n!<\/p>\n<p class=\"c-paragraph\">Antes de la pausa de hidrataci\u00f3n, Huijsen hizo falta sobre Cucho y se calent\u00f3 a\u00fan m\u00e1s el ambiente en el terreno de juego. Se encararon los futbolistas incluso. Los jugadores del Betis le reclamaron la acci\u00f3n al malague\u00f1o.\u00a0<\/p>\n<p>21:3004\/09\/2026<\/p>\n<p>\u00a1La gran ocasi\u00f3n de Vin\u00edcius!<\/p>\n<p>21:2304\/09\/2026<\/p>\n<p>\u00a1La tuvo el Cucho! | 20&#8242; 0-0<\/p>\n<p class=\"c-paragraph\">Primera gran llegada del Betis en el partido. Buena jugada de Antony, que termin\u00f3 con el disparo del Cucho de volea cruzada. Se escap\u00f3 por cent\u00edmetros.\u00a0<\/p>\n<p>21:1704\/09\/2026<\/p>\n<p>\u00a1Al palo Vin\u00edcius! | 14&#8242; 0-0<\/p>\n<p class=\"c-paragraph\">El brasile\u00f1o no estaba en fuera de juego y remat\u00f3 con pierna izquierda un pase de G\u00fcler. Eso s\u00ed, se estrell\u00f3 en el palo izquierdo. Otra gran oportunidad para el Madrid.\u00a0<\/p>\n<p>21:1404\/09\/2026<\/p>\n<p><b>\u00a1Parad\u00f3n de Valles! | 11&#8242; 0-0<\/b><\/p>\n<p class=\"c-paragraph\">Huijsen lleg\u00f3 con todo al coraz\u00f3n del \u00e1rea para rematar el centro de G\u00fcler, que fue rechazado por Valles. Evita el 0-1.\u00a0<\/p>\n<p>21:1104\/09\/2026<\/p>\n<p>Primer disparo de Vini | 8&#8242; 0-0<\/p>\n<p class=\"c-paragraph\">Primera llegada del Real Madrid. Eso s\u00ed, un poco t\u00edmida. Centro al coraz\u00f3n del \u00e1rea y pobre remate de Vin\u00edcius de tac\u00f3n, que se marcha fuera.\u00a0<\/p>\n<p>21:0704\/09\/2026<\/p>\n<p>\u00a1Hay problemas con el bal\u00f3n!<\/p>\n<p class=\"c-paragraph\">El nuevo chip que implant\u00f3 LaLiga en los balones ha identificado que no tienen presi\u00f3n los tres primeros esf\u00e9ricos con los que se ha jugado estos minutos del Betis-Real Madrid.\u00a0<\/p>\n<p>21:0304\/09\/2026<\/p>\n<p>\u00a1ARRANCA EL PARTIDO!\u00a0<\/p>\n<p>21:0304\/09\/2026<\/p>\n<p>\u00abEstoy deseando jugar aqu\u00ed\u00bb<\/p>\n<p class=\"c-paragraph\">Dani Ceballos compareci\u00f3 ante los medios antes del Betis-Real Madrid y asegur\u00f3 que est\u00e1 \u00abdeseando\u00bb volver a jugar con la camiseta verdiblanca.\u00a0<\/p>\n<p>20:5804\/09\/2026<\/p>\n<p>\u00a1Ambientazo en La Cartuja!<\/p>\n<p class=\"c-paragraph\">Salen los jugadores y el himno es cantado por todos los aficionados. Alucinante.\u00a0<\/p>\n<p>20:5704\/09\/2026<\/p>\n<p>\u00a1En el t\u00fanel de vestuarios!<\/p>\n<p class=\"c-paragraph\">Los jugadores est\u00e1n listos, a la espera de recibir la orden para salir al terreno de juego.\u00a0<\/p>\n<p>20:5004\/09\/2026<\/p>\n<p>\u00a1Menos de 10 minutos!\u00a0<\/p>\n<p class=\"c-paragraph\">El partido entre el Betis y el Real Madrid est\u00e1 a punto de comenzar. Recuerda: sigue toda la \u00faltima hora del partido en la web de 20minutos y Movistar Plus+.\u00a0<\/p>\n<p>20:4504\/09\/2026<\/p>\n<p>\u00a1Arranc\u00f3 el calentamiento!<\/p>\n<p>20:4004\/09\/2026<\/p>\n<p>\u00a1D\u00eda de reencuentros!<\/p>\n<p class=\"c-paragraph\">Ceballos, que recientemente ha fichado por el Real Betis, se reencuentra con su excompa\u00f1ero Camavinga en La Cartuja. Un sentido abrazo.\u00a0<\/p>\n<p>20:2204\/09\/2026<\/p>\n<p>\u00a1Todo listo en La Cartuja!<\/p>\n<p>20:1504\/09\/2026<\/p>\n<p>\u00a1As\u00ed fue la llegada del Betis a su feudo!<\/p>\n<p>20:1004\/09\/2026<\/p>\n<p>\u00a1El Betis desvela su once para el partidazo vs Madrid!<\/p>\n<p>19:4904\/09\/2026<\/p>\n<p>\u00a1Horarios de todo el mundo!<\/p>\n<p class=\"c-paragraph\">Nadie puede perderse este partidazo. Breve recordatorio del Real Madrid para que todos sus fans disfruten del partido. Aqu\u00ed est\u00e1n todas las horas.\u00a0<\/p>\n<p>19:4204\/09\/2026<\/p>\n<p>\u00a1Once del Real Madrid!<\/p>\n<p class=\"c-paragraph\">Mourinho sale con todo ante su primera gran prueba de fuego en su vuelta al club blanco.\u00a0<\/p>\n<p>18:5104\/09\/2026<\/p>\n<p>\u00a1Hooooola, hooooooola!<\/p>\n<p class=\"c-paragraph\">Arrancamos el directo del partido entre el Real Betis y el Real Madrid, correspondiente a la jornada n\u00famero 4 del campeonato nacional de Liga.\u00a0<\/p>\n","protected":false},"excerpt":{"rendered":"Real Betis y Real Madrid abren este viernes (21.00 horas) la cuarta jornada de LaLiga en un duelo&hellip;\n","protected":false},"author":2,"featured_media":748104,"comment_status":"","ping_status":"","sticky":false,"template":"","format":"standard","meta":{"footnotes":""},"categories":[5],"tags":[291,17,18,2125,25,24,13,14,5815,11,19,20,205,9,10,15,16,798,23,12,21,22],"class_list":["post-748103","post","type-post","status-publish","format-standard","has-post-thumbnail","category-titulares","tag-betis","tag-breaking-news","tag-breakingnews","tag-directo","tag-es","tag-espana","tag-featured-news","tag-featurednews","tag-goles","tag-headlines","tag-latest-news","tag-latestnews","tag-madrid","tag-news","tag-noticias","tag-noticias-destacadas","tag-noticiasdestacadas","tag-real","tag-spain","tag-titulares","tag-ultimas-noticias","tag-ultimasnoticias"],"share_on_mastodon":{"url":"https:\/\/pubeurope.com\/@es\/117214685934014452","error":""},"_links":{"self":[{"href":"https:\/\/www.europesays.com\/es\/wp-json\/wp\/v2\/posts\/748103","targetHints":{"allow":["GET"]}}],"collection":[{"href":"https:\/\/www.europesays.com\/es\/wp-json\/wp\/v2\/posts"}],"about":[{"href":"https:\/\/www.europesays.com\/es\/wp-json\/wp\/v2\/types\/post"}],"author":[{"embeddable":true,"href":"https:\/\/www.europesays.com\/es\/wp-json\/wp\/v2\/users\/2"}],"replies":[{"embeddable":true,"href":"https:\/\/www.europesays.com\/es\/wp-json\/wp\/v2\/comments?post=748103"}],"version-history":[{"count":0,"href":"https:\/\/www.europesays.com\/es\/wp-json\/wp\/v2\/posts\/748103\/revisions"}],"wp:featuredmedia":[{"embeddable":true,"href":"https:\/\/www.europesays.com\/es\/wp-json\/wp\/v2\/media\/748104"}],"wp:attachment":[{"href":"https:\/\/www.europesays.com\/es\/wp-json\/wp\/v2\/media?parent=748103"}],"wp:term":[{"taxonomy":"category","embeddable":true,"href":"https:\/\/www.europesays.com\/es\/wp-json\/wp\/v2\/categories?post=748103"},{"taxonomy":"post_tag","embeddable":true,"href":"https:\/\/www.europesays.com\/es\/wp-json\/wp\/v2\/tags?post=748103"}],"curies":[{"name":"wp","href":"https:\/\/api.w.org\/{rel}","templated":true}]}}