{"id":748133,"date":"2026-09-04T20:57:11","date_gmt":"2026-09-04T20:57:11","guid":{"rendered":"https:\/\/www.europesays.com\/es\/748133\/"},"modified":"2026-09-04T20:57:11","modified_gmt":"2026-09-04T20:57:11","slug":"diego-sebastian-n-trasladados-al-penal-de-tlalnepantla-los-dos-detenidos-por-el-asesinato-del-musico-de-camilo-septimo-y-su-familia","status":"publish","type":"post","link":"https:\/\/www.europesays.com\/es\/748133\/","title":{"rendered":"Diego Sebasti\u00e1n N: Trasladados al penal de Tlalnepantla los dos detenidos por el asesinato del m\u00fasico de Camilo S\u00e9ptimo y su familia"},"content":{"rendered":"<p class=\"\">Los primeros dos detenidos por el multihomicidio en Atizap\u00e1n han sido trasladados este viernes por la ma\u00f1ana al Centro de Reinserci\u00f3n Social de Barrientos en Tlalnepantla, en Estado de M\u00e9xico. Se trata de Diego Sebasti\u00e1n N y Gerardo N, quienes fueron arrestados el 2 de septiembre por la Fiscal\u00eda estatal. En un primer momento, fuentes cercanas a la investigaci\u00f3n consultadas por el EL PA\u00cdS hab\u00edan se\u00f1alado que el primero de los arrestados era socio de Jonathan Mel\u00e9ndez, <a href=\"https:\/\/elpais.com\/mexico\/2026-09-02\/la-masacre-del-musico-de-camilo-septimo-su-pareja-embarazada-y-su-hija-de-tres-anos-sacude-de-nuevo-mexico.html\" target=\"_self\" rel=\"nofollow noopener\" title=\"https:\/\/elpais.com\/mexico\/2026-09-02\/la-masacre-del-musico-de-camilo-septimo-su-pareja-embarazada-y-su-hija-de-tres-anos-sacude-de-nuevo-mexico.html\">el tecladista del grupo Camilo S\u00e9ptimo asesinado junto a su familia<\/a>. \u201cComo eran socios, por eso pudo entrar a la casa con el consentimiento de las v\u00edctimas\u201d, explicaron. <\/p>\n<p class=\"\">Durante la conferencia matutina de este viernes, Omar Garc\u00eda Harfuch, secretario de Seguridad, ha abordado el v\u00ednculo entre el m\u00fasico y su agresor, y se refiri\u00f3 a amenazas previas al crimen: \u201cEl homicida ten\u00eda una relaci\u00f3n comercial o de cierta sociedad con el padre de familia [Mel\u00e9ndez]. Lo que s\u00ed es un hecho es que estaba exigiendo dinero, hubo una exigencia, hubo ciertas amenazas y se comete este lamentable multihomicidio\u201d.<\/p>\n<p><img alt=\"\" decoding=\"auto\" class=\"_re lazyload a_m-h\" height=\"302\"  width=\"414\"  src=\"https:\/\/www.europesays.com\/es\/wp-content\/uploads\/2026\/09\/VL3T7UDS55COVN3O5LGAW576TU.jpg\" loading=\"lazy\" fetchpriority=\"low\"\/>Traslado de Gerardo &#8216;N&#8217; tras su detenci\u00f3n en el Estado de M\u00e9xico.Crisanta Espinosa Aguilar (Cuartoscuro)<\/p>\n<p class=\"\"><a href=\"https:\/\/elpais.com\/mexico\/2026-09-04\/diego-sebastian-rosen-ferlini-y-el-dia-despues-del-crimen-contra-un-pais.html\" target=\"_self\" rel=\"nofollow noopener\" title=\"https:\/\/elpais.com\/mexico\/2026-09-04\/diego-sebastian-rosen-ferlini-y-el-dia-despues-del-crimen-contra-un-pais.html\">D\u00edas despu\u00e9s de la masacre<\/a> que acab\u00f3 con la vida del fundador de la banda mexicana, Ana Paula Barrag\u00e1n, su esposa embarazada de 35 a\u00f1os, su hija de tres a\u00f1os y Aleyda Romero, su empleada dom\u00e9stica de 21 a\u00f1os, se conoci\u00f3 que Mel\u00e9ndez ten\u00eda negocios con Diego Sebasti\u00e1n N, pero que hab\u00eda problemas entre ellos. \u201cTen\u00edan casas en Valle de Bravo que las rentaban por Airbnb\u201d, confirmaron fuentes cercanas a la investigaci\u00f3n a este peri\u00f3dico. <\/p>\n<p class=\"\">Un amigo de la v\u00edctima fue el que dio aviso a las autoridades tras horas de no saber del m\u00fasico, quien le hab\u00eda advertido que se iba a reunir con su entonces socio en su casa. Al acudir al domicilio, las autoridades encontraron a Mel\u00e9ndez y Barrag\u00e1n maniatados y con el tiro de gracia. La ni\u00f1a tambi\u00e9n ten\u00eda <a href=\"https:\/\/elpais.com\/diario\/2008\/09\/14\/portada\/1221343201_850215.html\" target=\"_self\" rel=\"nofollow noopener\" title=\"https:\/\/elpais.com\/diario\/2008\/09\/14\/portada\/1221343201_850215.html\">el tiro de gracia<\/a>, mientras que Romero presentaba una herida por arma de fuego en la espalda. El perro de la familia tambi\u00e9n fue encontrado muerto y amarrado. <\/p>\n<p class=\"\">Garc\u00eda Harfuch ha destacado este viernes la rapidez con la que las autoridades actuaron frente a la \u00faltima tragedia que ha conmocionado al pa\u00eds, y ha resaltado que los primeros dos arrestos se lograron en menos de 12 horas. \u201cEl principal responsable que comete los homicidios est\u00e1 detenido, hay otra persona que lo ayud\u00f3, y de todos modos estamos agotando todas las l\u00edneas de investigaci\u00f3n con la Fiscal\u00eda del <a href=\"https:\/\/elpais.com\/mexico\/2026-08-04\/buscaban-una-nina-de-11-anos-y-hallaron-tres-cuerpos-madres-buscadoras-en-canales-de-aguas-negras-en-el-estado-de-mexico-en-imagenes.html\" target=\"_self\" rel=\"nofollow noopener\" title=\"https:\/\/elpais.com\/mexico\/2026-08-04\/buscaban-una-nina-de-11-anos-y-hallaron-tres-cuerpos-madres-buscadoras-en-canales-de-aguas-negras-en-el-estado-de-mexico-en-imagenes.html\">Estado de M\u00e9xico<\/a> para saber si hay m\u00e1s responsables\u201d, subray\u00f3. El secretario de Seguridad, adem\u00e1s, ha dejado entrever que Diego Sebasti\u00e1n N ten\u00eda antecedentes penales.<\/p>\n","protected":false},"excerpt":{"rendered":"Los primeros dos detenidos por el multihomicidio en Atizap\u00e1n han sido trasladados este viernes por la ma\u00f1ana al&hellip;\n","protected":false},"author":2,"featured_media":748134,"comment_status":"","ping_status":"","sticky":false,"template":"","format":"standard","meta":{"footnotes":""},"categories":[5],"tags":[889,33288,1154,69141,17,18,25,24,87881,13,14,11,19,20,1804,1906,9,10,15,16,23,12,21,22,432,33310],"class_list":["post-748133","post","type-post","status-publish","format-standard","has-post-thumbnail","category-titulares","tag-america","tag-asesinato-menores","tag-asesinatos","tag-asesinatos-multiples","tag-breaking-news","tag-breakingnews","tag-es","tag-espana","tag-estado-de-mexico","tag-featured-news","tag-featurednews","tag-headlines","tag-latest-news","tag-latestnews","tag-latinoamerica","tag-mexico","tag-news","tag-noticias","tag-noticias-destacadas","tag-noticiasdestacadas","tag-spain","tag-titulares","tag-ultimas-noticias","tag-ultimasnoticias","tag-violencia","tag-violencia-en-mexico"],"share_on_mastodon":{"url":"https:\/\/pubeurope.com\/@es\/117214777209025106","error":""},"_links":{"self":[{"href":"https:\/\/www.europesays.com\/es\/wp-json\/wp\/v2\/posts\/748133","targetHints":{"allow":["GET"]}}],"collection":[{"href":"https:\/\/www.europesays.com\/es\/wp-json\/wp\/v2\/posts"}],"about":[{"href":"https:\/\/www.europesays.com\/es\/wp-json\/wp\/v2\/types\/post"}],"author":[{"embeddable":true,"href":"https:\/\/www.europesays.com\/es\/wp-json\/wp\/v2\/users\/2"}],"replies":[{"embeddable":true,"href":"https:\/\/www.europesays.com\/es\/wp-json\/wp\/v2\/comments?post=748133"}],"version-history":[{"count":0,"href":"https:\/\/www.europesays.com\/es\/wp-json\/wp\/v2\/posts\/748133\/revisions"}],"wp:featuredmedia":[{"embeddable":true,"href":"https:\/\/www.europesays.com\/es\/wp-json\/wp\/v2\/media\/748134"}],"wp:attachment":[{"href":"https:\/\/www.europesays.com\/es\/wp-json\/wp\/v2\/media?parent=748133"}],"wp:term":[{"taxonomy":"category","embeddable":true,"href":"https:\/\/www.europesays.com\/es\/wp-json\/wp\/v2\/categories?post=748133"},{"taxonomy":"post_tag","embeddable":true,"href":"https:\/\/www.europesays.com\/es\/wp-json\/wp\/v2\/tags?post=748133"}],"curies":[{"name":"wp","href":"https:\/\/api.w.org\/{rel}","templated":true}]}}