{"id":748137,"date":"2026-09-04T21:05:16","date_gmt":"2026-09-04T21:05:16","guid":{"rendered":"https:\/\/www.europesays.com\/es\/748137\/"},"modified":"2026-09-04T21:05:16","modified_gmt":"2026-09-04T21:05:16","slug":"tosan-evbuomwan-se-pierde-el-valencia-basket","status":"publish","type":"post","link":"https:\/\/www.europesays.com\/es\/748137\/","title":{"rendered":"Tosan Evbuomwan se pierde el Valencia Basket"},"content":{"rendered":"<p class=\"ft-text\"><a class=\"ft-link ft-link--decoration\" href=\"https:\/\/www.superdeporte.es\/valencia-basket\/2025\/09\/28\/campeones-supercopa-mvp-de-larrea-valencia-basket-122054641.html\" rel=\"nofollow noopener\" target=\"_blank\"><strong>El Valencia Basket defender\u00e1 el t\u00edtulo de la Supercopa Endesa que gan\u00f3 el a\u00f1o pasado<\/strong><\/a> los pr\u00f3ximos 19 y 20 de septiembre en el Palau Municipal d\u2019Esports de Badalona. Un escenario en el que debutar\u00e1n en semifinales contra un renovado Barcelona, pero al que le faltar\u00e1 uno de sus fichajes estrella.<\/p>\n<p class=\"ft-text\">Y es que el propio club azulgrana ha hecho p\u00fablica la lesi\u00f3n que ha sufrido el brit\u00e1nico <a class=\"ft-link ft-link--decoration\" href=\"https:\/\/www.fiba.basketball\/es\/players\/255557-tosan-evbuomwan\" rel=\"nofollow noopener\" target=\"_blank\">Tosan Evbuomwan<\/a>, que le alejar\u00e1 de las pistas en lo que resta de mes. \u00ab<strong>El jugador Tosan Evbuomwan sufri\u00f3 una subluxaci\u00f3n del hombro izquierdo durante el partido con la selecci\u00f3n de Gran Breta\u00f1a<\/strong>, disputado el pasado domingo. Seguir\u00e1 un tratamiento rehabilitador y ser\u00e1 reevaluado en tres semanas\u00bb, informa el comunicado del FC Barcelona.<\/p>\n<p><img decoding=\"async\" src=\"https:\/\/www.europesays.com\/es\/wp-content\/uploads\/2026\/09\/740ab3c9-7ff8-4094-905b-5901811ff97f_alta-libre-aspect-ratio_default_0_x479y227.jpg\" width=\"1200\" height=\"855\" alt=\"Tosan Evbuomwan, en uno de sus \u00faltimos partidos con su selecci\u00f3n.\" class=\"ft-helper-img-rd\" loading=\"lazy\" fetchpriority=\"auto\"\/><\/p>\n<p class=\"ft-helper-fontColor-quaternary ft-helper-fontSize-body-S ft-helper-spacer-t-xxs\">Tosan Evbuomwan, en uno de sus \u00faltimos partidos con su selecci\u00f3n.  \/ FIBA<\/p>\n<p class=\"ft-text\"><strong>Una baja notable para Aleksander Sekulic ante un Valencia Basket que llegar\u00e1 tambi\u00e9n con muchas caras nuevas<\/strong> y que <a class=\"ft-link ft-link--decoration\" href=\"https:\/\/www.superdeporte.es\/valencia-basket\/2026\/09\/02\/xavi-albert-contara-jueves-plantilla-valencia-basket-pretemporada-133875750.html\" rel=\"nofollow noopener\" target=\"_blank\">cuenta ya con casi todos sus jugadores disponibles<\/a> despu\u00e9s de los partidos internacionales de las Ventanas FIBA. El brit\u00e1nico hab\u00eda destacado ante Suiza con 21 puntos, tres rebotes y dos asistencias para 19 de valoraci\u00f3n.<\/p>\n<p>Los cruces<\/p>\n<p class=\"ft-text\">El Kosner Baskonia y el Asisa Joventut abrir\u00e1n el fuego en una semifinal con sabor a cl\u00e1sico en la que el conjunto vitoriano, campe\u00f3n de la Copa del Rey, se medir\u00e1 a una Penya que buscar\u00e1 hacer valer el factor cancha ante su afici\u00f3n. <strong>La otra semifinal medir\u00e1 a <\/strong><a class=\"ft-link ft-link--decoration\" href=\"https:\/\/www.superdeporte.es\/valencia-basket\/2026\/06\/24\/ligaendesa-cronica-final-barca-valenciabasket-campeon-leyenda-131780583.html\" rel=\"nofollow noopener\" target=\"_blank\">los dos \u00faltimos finalistas de la Liga Endesa, en la que acab\u00f3 imponi\u00e9ndose el Valencia BC por 3-1<\/a> pese a la derrota en el primer partido.<\/p>\n<p>Amistosos previos<\/p>\n<p class=\"ft-text\"><a class=\"ft-link ft-link--decoration\" href=\"https:\/\/www.superdeporte.es\/valencia-basket\/2026\/07\/31\/valencia-basket-define-pretemporada-amistosos-132986758.html\" rel=\"nofollow noopener\" target=\"_blank\">Antes de la Supercopa Endesa, el Valencia Basket jugar\u00e1 tres amistosos<\/a>. El primero de ellos ser\u00e1 el lunes 7 de septiembre contra <strong>Casademont Zaragoza<\/strong>, siguiendo la tradici\u00f3n de las \u00faltimas temporadas, con un partido que este a\u00f1o por primera vez tendr\u00e1 lugar en el pabell\u00f3n municipal de Benicarl\u00f3. El jueves 10 de septiembre el equipo viajar\u00e1 un a\u00f1o m\u00e1s a tierras gallegas para repetir su participaci\u00f3n en la und\u00e9cima edici\u00f3n del torneo EncestaR\u00edas. El equipo taronja estrenar\u00e1 la competici\u00f3n enfrent\u00e1ndose a <strong>Monbus Obradoiro<\/strong>, en un partido que se disputar\u00e1 el viernes 11 de septiembre a las 21:15 horas. Al d\u00eda siguiente, se medir\u00e1 al equipo que haya obtenido el mismo resultado en la otra semifinal, que disputar\u00e1n <strong>Baskonia <\/strong>y <strong>Alba Berl\u00edn<\/strong>. El partido por el tercer y cuarto puesto est\u00e1 programado para las 18:00 horas y la final del torneo para las 20:30 horas.<\/p>\n","protected":false},"excerpt":{"rendered":"El Valencia Basket defender\u00e1 el t\u00edtulo de la Supercopa Endesa que gan\u00f3 el a\u00f1o pasado los pr\u00f3ximos 19&hellip;\n","protected":false},"author":2,"featured_media":748138,"comment_status":"","ping_status":"","sticky":false,"template":"","format":"standard","meta":{"footnotes":""},"categories":[269],"tags":[15725,299,2296,210,1918,298,168,2917,25,24,14267,285,8252,3457,23,167,4611,6840,235,2916],"class_list":["post-748137","post","type-post","status-publish","format-standard","has-post-thumbnail","category-baloncesto","tag-badalona","tag-baloncesto","tag-barca","tag-barcelona","tag-basket","tag-basketball","tag-deportes","tag-endesa","tag-es","tag-espana","tag-estrella","tag-fichajes","tag-lesion","tag-pierde","tag-spain","tag-sports","tag-supercopa","tag-supercopa-endesa","tag-valencia","tag-valencia-basket"],"share_on_mastodon":{"url":"","error":""},"_links":{"self":[{"href":"https:\/\/www.europesays.com\/es\/wp-json\/wp\/v2\/posts\/748137","targetHints":{"allow":["GET"]}}],"collection":[{"href":"https:\/\/www.europesays.com\/es\/wp-json\/wp\/v2\/posts"}],"about":[{"href":"https:\/\/www.europesays.com\/es\/wp-json\/wp\/v2\/types\/post"}],"author":[{"embeddable":true,"href":"https:\/\/www.europesays.com\/es\/wp-json\/wp\/v2\/users\/2"}],"replies":[{"embeddable":true,"href":"https:\/\/www.europesays.com\/es\/wp-json\/wp\/v2\/comments?post=748137"}],"version-history":[{"count":0,"href":"https:\/\/www.europesays.com\/es\/wp-json\/wp\/v2\/posts\/748137\/revisions"}],"wp:featuredmedia":[{"embeddable":true,"href":"https:\/\/www.europesays.com\/es\/wp-json\/wp\/v2\/media\/748138"}],"wp:attachment":[{"href":"https:\/\/www.europesays.com\/es\/wp-json\/wp\/v2\/media?parent=748137"}],"wp:term":[{"taxonomy":"category","embeddable":true,"href":"https:\/\/www.europesays.com\/es\/wp-json\/wp\/v2\/categories?post=748137"},{"taxonomy":"post_tag","embeddable":true,"href":"https:\/\/www.europesays.com\/es\/wp-json\/wp\/v2\/tags?post=748137"}],"curies":[{"name":"wp","href":"https:\/\/api.w.org\/{rel}","templated":true}]}}