{"id":74814,"date":"2025-08-27T03:01:10","date_gmt":"2025-08-27T03:01:10","guid":{"rendered":"https:\/\/www.europesays.com\/es\/74814\/"},"modified":"2025-08-27T03:01:10","modified_gmt":"2025-08-27T03:01:10","slug":"las-autoridades-sanitarias-lo-confirman-ozempic-y-wegovy-podrian-causar-ceguera-subita","status":"publish","type":"post","link":"https:\/\/www.europesays.com\/es\/74814\/","title":{"rendered":"Las autoridades sanitarias lo confirman: Ozempic y Wegovy podr\u00edan causar ceguera s\u00fabita"},"content":{"rendered":"<p><a class=\"v-mdl-ath__fig-a\" href=\"https:\/\/www.hoy.es\/autor\/irene-toribio-7289.html\" title=\"Irene Toribio\" rel=\"nofollow noopener\" target=\"_blank\"><br \/>\n<img decoding=\"async\" class=\"v-mdl-ath__img\" src=\"https:\/\/www.europesays.com\/es\/wp-content\/uploads\/2025\/07\/autor-7289-foto-2.jpeg\" alt=\"Irene Toribio\"\/><br \/>\n<\/a><\/p>\n<p class=\"v-mdl-ath__p v-mdl-ath__p--6\">\nMartes, 26 de agosto 2025, 11:20<\/p>\n<p class=\"v-p\">La <strong>Agencia Europea del Medicamento (EMA)<\/strong> ya advirti\u00f3 en enero de 2025 de la posible relaci\u00f3n entre la falta de visi\u00f3n y los f\u00e1rmacos compuestos por semaglutida, como <a href=\"https:\/\/www.hoy.es\/sociedad\/salud\/detectan-aumento-casos-pancreatitis-vinculados-uso-ozempic-20250630145456-nt.html\" target=\"_blank\" data-voc-vtm-id=\"in-text-traffic\" title=\"Ozempic y Wegovy\" rel=\"nofollow noopener\">Ozempic y Wegovy<\/a>. Y ahora se confirma. El pasado mi\u00e9rcoles, 20 de agosto, las <a href=\"https:\/\/www.hoy.es\/sociedad\/salud\/alerta-urgente-sanidad-personas-diabetes-fallo-app-riesgo-salud-20250625095546-nt.html\" target=\"_blank\" data-voc-vtm-id=\"in-text-traffic\" title=\"autoridades sanitarias\" rel=\"nofollow noopener\">autoridades sanitarias<\/a> europeas confirmaron que estos medicamentos est\u00e1n asociados a una <strong>complicaci\u00f3n ocular conocida como neuropat\u00eda \u00f3ptica isqu\u00e9mica anterior no arter\u00edtica<\/strong> (NOIANA).<\/p>\n<p class=\"v-p\">Esta condici\u00f3n ocurre cuando el flujo sangu\u00edneo hacia el nervio \u00f3ptico se ve interrumpido, provocando ceguera s\u00fabita. Aunque es rara, se ha convertido en <strong>la segunda causa m\u00e1s com\u00fan de ceguera del nervio \u00f3ptico<\/strong>, solo detr\u00e1s del glaucoma. Y las autoridades sanitarias piden que se incluya entre sus efectos secundarios<\/p>\n<p>El estudio corrobora lo que ya advirti\u00f3 la Aemps<\/p>\n<p class=\"v-p\">La preocupaci\u00f3n surgi\u00f3 tras dos estudios realizados en Dinamarca, que se\u00f1alaron a estos f\u00e1rmacos como posibles desencadenantes de NOIANA. Los resultados mostraron que <strong>los pacientes con diabetes tipo 2 tratados con semaglutida podr\u00edan tener hasta cuatro veces m\u00e1s riesgo<\/strong> de sufrir ceguera s\u00fabita, mientras que quienes la toman para tratar la obesidad podr\u00edan enfrentar hasta siete veces m\u00e1s riesgo.<\/p>\n<p class=\"v-p\">En respuesta, el <strong>Comit\u00e9 para la Evaluaci\u00f3n de Riesgos en Farmacovigilancia (PRAC)<\/strong> analiz\u00f3 los datos para confirmar o descartar estas sospechas. Finalmente, las autoridades sanitarias europeas confirmaron el riesgo y ordenaron que la p\u00e9rdida s\u00fabita de visi\u00f3n se incluya como efecto secundario de estos medicamentos.<\/p>\n<p class=\"v-p\">La evaluaci\u00f3n, que ha llevado meses, incluy\u00f3 datos de ensayos cl\u00ednicos, reportes de sospechas de reacciones adversas y publicaciones cient\u00edficas. La conclusi\u00f3n: el uso de semaglutida est\u00e1 vinculado con un riesgo muy poco frecuente, pero significativo, de sufrir esta condici\u00f3n ocular. La <strong>frecuencia estimada es de un caso por cada 10.000 pacientes tratados durante un a\u00f1o.<\/strong><\/p>\n<p class=\"v-p\">Seg\u00fan informaba la AEMPS, \u00abla semaglutida puede causar una enfermedad ocular llamada neuropat\u00eda \u00f3ptica isqu\u00e9mica anterior no arter\u00edtica (NOIANA), que puede provocar p\u00e9rdida de visi\u00f3n sin dolor\u00bb, por lo que aconsejaba a las personas tratadas con este f\u00e1rmaco consultar inmediatamente al m\u00e9dico si se experimentase un \u00abempeoramiento r\u00e1pido de la visi\u00f3n\u00bb. <\/p>\n<p>Comenta<\/p>\n<p>Reporta un error<\/p>\n","protected":false},"excerpt":{"rendered":"Martes, 26 de agosto 2025, 11:20 La Agencia Europea del Medicamento (EMA) ya advirti\u00f3 en enero de 2025&hellip;\n","protected":false},"author":2,"featured_media":74815,"comment_status":"","ping_status":"","sticky":false,"template":"","format":"standard","meta":{"footnotes":""},"categories":[92],"tags":[7509,29184,29186,29187,8824,794,25,24,165,5698,8799,166,29185,23,29188,8798],"class_list":{"0":"post-74814","1":"post","2":"type-post","3":"status-publish","4":"format-standard","5":"has-post-thumbnail","7":"category-salud","8":"tag-adelgazar","9":"tag-autoridades","10":"tag-causar","11":"tag-ceguera","12":"tag-confirman","13":"tag-drogas","14":"tag-es","15":"tag-espana","16":"tag-health","17":"tag-medicamentos","18":"tag-ozempic","19":"tag-salud","20":"tag-sanitarias","21":"tag-spain","22":"tag-subita","23":"tag-wegovy"},"share_on_mastodon":{"url":"","error":""},"_links":{"self":[{"href":"https:\/\/www.europesays.com\/es\/wp-json\/wp\/v2\/posts\/74814","targetHints":{"allow":["GET"]}}],"collection":[{"href":"https:\/\/www.europesays.com\/es\/wp-json\/wp\/v2\/posts"}],"about":[{"href":"https:\/\/www.europesays.com\/es\/wp-json\/wp\/v2\/types\/post"}],"author":[{"embeddable":true,"href":"https:\/\/www.europesays.com\/es\/wp-json\/wp\/v2\/users\/2"}],"replies":[{"embeddable":true,"href":"https:\/\/www.europesays.com\/es\/wp-json\/wp\/v2\/comments?post=74814"}],"version-history":[{"count":0,"href":"https:\/\/www.europesays.com\/es\/wp-json\/wp\/v2\/posts\/74814\/revisions"}],"wp:featuredmedia":[{"embeddable":true,"href":"https:\/\/www.europesays.com\/es\/wp-json\/wp\/v2\/media\/74815"}],"wp:attachment":[{"href":"https:\/\/www.europesays.com\/es\/wp-json\/wp\/v2\/media?parent=74814"}],"wp:term":[{"taxonomy":"category","embeddable":true,"href":"https:\/\/www.europesays.com\/es\/wp-json\/wp\/v2\/categories?post=74814"},{"taxonomy":"post_tag","embeddable":true,"href":"https:\/\/www.europesays.com\/es\/wp-json\/wp\/v2\/tags?post=74814"}],"curies":[{"name":"wp","href":"https:\/\/api.w.org\/{rel}","templated":true}]}}