{"id":748143,"date":"2026-09-04T21:10:27","date_gmt":"2026-09-04T21:10:27","guid":{"rendered":"https:\/\/www.europesays.com\/es\/748143\/"},"modified":"2026-09-04T21:10:27","modified_gmt":"2026-09-04T21:10:27","slug":"telecinco-se-adelanta-al-estreno-de-la-isla-de-las-tentaciones-11-con-dos-especiales-en-la-noche-del-domingo","status":"publish","type":"post","link":"https:\/\/www.europesays.com\/es\/748143\/","title":{"rendered":"Telecinco se adelanta al estreno de &#8216;La isla de las tentaciones 11&#8217; con dos especiales en la noche del domingo"},"content":{"rendered":"<p class=\"article-text\">\n        <strong>Telecinco <\/strong>emitir\u00e1 en la noche de este domingo 6 de septiembre dos entregas especiales de <strong>La isla de las tentaciones<\/strong> previas al estreno de la und\u00e9cima edici\u00f3n del reality, que se producir\u00e1 el lunes d\u00eda 7.\n    <\/p>\n<p>    <a href=\"https:\/\/www.eldiario.es\/vertele\/noticias\/atresmedia-renueva-contrato-cristina-pedroche-seguir-trabajando-conjuntamente-nuevos-proyectos_1_13486853.html\" data-mrf-recirculation=\"saber-mas\" data-dl-event=\"saber-mas\" rel=\"nofollow noopener\" target=\"_blank\"><\/p>\n<p class=\"know-more__title\">Atresmedia renueva su contrato con Cristina Pedroche para \u00abseguir trabajando en nuevos proyectos\u00bb<\/p>\n<p>            <img decoding=\"async\" class=\"lazy\" loading=\"lazy\" data-src=\"https:\/\/static.eldiario.es\/clip\/fabef6df-063f-40d2-99e5-5ba14080d6a6_16-9-aspect-ratio_default_0.jpg\" src=\"data:image\/svg+xml,%3Csvg xmlns=\" http:=\"\" viewbox=\"0 0 880 495\" alt=\"Atresmedia renueva su contrato con Cristina Pedroche para &quot;seguir trabajando en nuevos proyectos&quot;\"\/><\/p>\n<p>                        <\/a><\/p>\n<p class=\"article-text\">\n        En ellas se avanzar\u00e1n los principales detalles de esta nueva temporada y se presentar\u00e1 a las parejas y los solteros que la protagonizar\u00e1n.\n    <\/p>\n<p class=\"article-text\">\n        El especial en cuesti\u00f3n se llama Rumbo a La isla de las tentaciones y se emitir\u00e1 de 23:00 a 01:25 horas. Despu\u00e9s se ofrecer\u00e1 otra entrega con todos los detalles del casting. Ambos est\u00e1n disponibles en la plataforma Mediaset Infinity.\n    <\/p>\n<p class=\"article-text\">\n        <strong>First Dates<\/strong> ha sido la principal apuesta de la cadena en la noche dominical, pero esta semana reducir\u00e1 su extensi\u00f3n para ceder parte de su franja &#8216;las tentaciones&#8217;. Es una estrategia puntual que \u2013a la vista est\u00e1\u2013 no tiene m\u00e1s objetivo que generar la necesaria expectaci\u00f3n en torno a la nueva temporada del reality.\n    <\/p>\n<p class=\"article-text\">\n        Esta entrega especial de La isla de las tentaciones competir\u00e1 contra el cine de La 1 (que suele ser la oferta m\u00e1s potente del prime time) y los estrenos de la serie <strong>El secreto<\/strong> (Antena 3) y de la nueva temporada de <strong>Salvados <\/strong>(laSexta).\n    <\/p>\n<p class=\"article-text\">\n        <strong>As\u00ed queda el prime time del s\u00e1bado 6 de septiembre en Telecinco<\/strong>\n    <\/p>\n<p>    <a href=\"https:\/\/www.eldiario.es\/vertele\/noticias\/manu-sanchez-dedica-ceuta-regreso-perro-andaluz-rtve-critica-ana-rosa-e-iker-jimenez-medios-si-buitres_1_13486307.html\" data-mrf-recirculation=\"saber-mas-abajo\" data-dl-event=\"saber-mas-abajo\" rel=\"nofollow noopener\" target=\"_blank\"><\/p>\n<p class=\"know-more__title\">Manu S\u00e1nchez dedica a Ceuta el regreso de &#8216;El perro andaluz&#8217; a RTVE y critica a Ana Rosa e Iker Jim\u00e9nez: \u201cM\u00e1s medios s\u00ed, pero menos buitres tambi\u00e9n\u201d<\/p>\n<p>            <img decoding=\"async\" class=\"lazy\" loading=\"lazy\" data-src=\"https:\/\/static.eldiario.es\/clip\/211be692-ea70-40e2-8121-0613a7c871fd_16-9-aspect-ratio_default_0.jpg\" src=\"data:image\/svg+xml,%3Csvg xmlns=\" http:=\"\" viewbox=\"0 0 880 495\" alt=\"Manu S\u00e1nchez dedica a Ceuta el regreso de 'El perro andaluz' a RTVE y critica a Ana Rosa e Iker Jim\u00e9nez: &quot;M\u00e1s medios s\u00ed, pero menos buitres tambi\u00e9n&quot;\"\/><\/p>\n<p>                        <\/a><\/p>\n<ul>\n<li><strong>22:00 &#8211;<\/strong> First Dates<\/li>\n<li><strong>23:00 &#8211; <\/strong>Rumbo a La isla de las tentaciones<\/li>\n<li><strong>01:25 &#8211;<\/strong> La isla de las tentaciones: el casting<\/li>\n<li><strong>02:19 &#8211;<\/strong> Gran Madrid Show<\/li>\n<\/ul>\n<p class=\"article-text\">\n        La und\u00e9cima edici\u00f3n de<strong> La isla de las tentaciones<\/strong> se estrenar\u00e1 el lunes 7 de septiembre. El reality ocupar\u00e1 dos noches a la semana (la del lunes y la del mi\u00e9rcoles) y convivir\u00e1 con las galas de <strong>Supervivientes 2026<\/strong>. La noche del domingo quedar\u00e1 en manos de <strong>Conexi\u00f3n Honduras<\/strong>.\n    <\/p>\n","protected":false},"excerpt":{"rendered":"Telecinco emitir\u00e1 en la noche de este domingo 6 de septiembre dos entregas especiales de La isla de&hellip;\n","protected":false},"author":2,"featured_media":748144,"comment_status":"","ping_status":"","sticky":false,"template":"","format":"standard","meta":{"footnotes":""},"categories":[171],"tags":[25717,1053,146,147,25,24,2172,1055,14194,193,23,692,214],"class_list":["post-748143","post","type-post","status-publish","format-standard","has-post-thumbnail","category-tv","tag-casting","tag-domingo","tag-entertainment","tag-entretenimiento","tag-es","tag-espana","tag-especiales","tag-estreno","tag-la-isla-de-las-tentaciones","tag-noche","tag-spain","tag-telecinco","tag-tv"],"share_on_mastodon":{"url":"https:\/\/pubeurope.com\/@es\/117214827426329506","error":""},"_links":{"self":[{"href":"https:\/\/www.europesays.com\/es\/wp-json\/wp\/v2\/posts\/748143","targetHints":{"allow":["GET"]}}],"collection":[{"href":"https:\/\/www.europesays.com\/es\/wp-json\/wp\/v2\/posts"}],"about":[{"href":"https:\/\/www.europesays.com\/es\/wp-json\/wp\/v2\/types\/post"}],"author":[{"embeddable":true,"href":"https:\/\/www.europesays.com\/es\/wp-json\/wp\/v2\/users\/2"}],"replies":[{"embeddable":true,"href":"https:\/\/www.europesays.com\/es\/wp-json\/wp\/v2\/comments?post=748143"}],"version-history":[{"count":0,"href":"https:\/\/www.europesays.com\/es\/wp-json\/wp\/v2\/posts\/748143\/revisions"}],"wp:featuredmedia":[{"embeddable":true,"href":"https:\/\/www.europesays.com\/es\/wp-json\/wp\/v2\/media\/748144"}],"wp:attachment":[{"href":"https:\/\/www.europesays.com\/es\/wp-json\/wp\/v2\/media?parent=748143"}],"wp:term":[{"taxonomy":"category","embeddable":true,"href":"https:\/\/www.europesays.com\/es\/wp-json\/wp\/v2\/categories?post=748143"},{"taxonomy":"post_tag","embeddable":true,"href":"https:\/\/www.europesays.com\/es\/wp-json\/wp\/v2\/tags?post=748143"}],"curies":[{"name":"wp","href":"https:\/\/api.w.org\/{rel}","templated":true}]}}