{"id":748165,"date":"2026-09-04T21:29:16","date_gmt":"2026-09-04T21:29:16","guid":{"rendered":"https:\/\/www.europesays.com\/es\/748165\/"},"modified":"2026-09-04T21:29:16","modified_gmt":"2026-09-04T21:29:16","slug":"la-conexion-americana-entre-la-leyenda-essie-hollis-y-chiek-diallo","status":"publish","type":"post","link":"https:\/\/www.europesays.com\/es\/748165\/","title":{"rendered":"La conexi\u00f3n americana entre la leyenda Essie Hollis y Chiek Diallo"},"content":{"rendered":"<p>\n        <strong>Chiek Diallo<\/strong> ya tiene nuevo destino. El p\u00edvot vitoriano, que acaba de cumplir 18 a\u00f1os, <strong>continuar\u00e1 su carrera<\/strong> lejos de Vitoria despu\u00e9s de que <a href=\"https:\/\/www.sbu.edu\/\" title=\"St. Bonaventure University\" rel=\"nofollow noopener\" target=\"_blank\" class=\"link copy\">St. Bonaventure University<\/a> hiciera oficial este jueves su incorporaci\u00f3n para la pr\u00f3xima temporada.\n<\/p>\n<p class=\"article-body__text \">\n        El canterano del <a href=\"https:\/\/www.noticiasdealava.eus\/baskonia\/\" title=\"Baskonia\" target=\"_blank\" class=\"link copy\" rel=\"nofollow noopener\">Baskonia<\/a> ha decidido cruzar el Atl\u00e1ntico para <strong>competir en la NCAA<\/strong>, donde defender\u00e1 la camiseta de los <strong>Bonnies en la Conferencia Atlantic 10<\/strong>.\n<\/p>\n<p class=\"article-body__text \">\n        Pero su nuevo destino guarda una <strong>curiosa y especial conexi\u00f3n con el baloncesto vitoriano. <\/strong>\n<\/p>\n<p class=\"article-body__text \">\n        Diallo jugar\u00e1 en la <strong>misma universidad en la que se form\u00f3<\/strong> <strong>Essie Hollis<\/strong>, una de las grandes leyendas de la historia del Baskonia y un jugador que dej\u00f3 una huella imborrable en la ciudad durante las dos temporadas que <strong>defendi\u00f3 la camiseta azulgrana, entre 1983 y 1985<\/strong>. El v\u00ednculo entre ambos fue desvelado este jueves por <a href=\"https:\/\/www.baskonistas.com\/\" title=\"baskonistas.com\" rel=\"nofollow noopener\" target=\"_blank\" class=\"link copy\">baskonistas.com<\/a>, la <strong>enciclopedia del baskonismo.<\/strong>\n<\/p>\n<p class=\"article-body__text \">\n        Hollis, conocido en Vitoria como <strong>\u2018El Helic\u00f3ptero\u2019<\/strong> por su<strong> extraordinaria capacidad de salto<\/strong>, se convirti\u00f3 en uno de los jugadores m\u00e1s carism\u00e1ticos que han pasado por el Baskonia. Sus <strong>mates<\/strong> y sus espectaculares vuelos sobre el aro <strong>hicieron historia en el baloncesto espa\u00f1ol<\/strong>, pero fue tambi\u00e9n su <strong>personalidad, su cercan\u00eda y su eterna sonrisa<\/strong> lo que le convirti\u00f3 en un personaje especialmente querido por la afici\u00f3n vitoriana.\n<\/p>\n<blockquote class=\"twitter-tweet\" data-lang=\"es\" wp_automatic_readability=\"2.9237288135593\">\n<p lang=\"es\" dir=\"ltr\">La universidad de Essie Hollis <a href=\"https:\/\/t.co\/sbWJGvUKS6\" rel=\"nofollow\">pic.twitter.com\/sbWJGvUKS6<\/a><\/p>\n<p>\u2014 baskonistas.com (@baskonistascom) <a href=\"https:\/\/x.com\/baskonistascom\/status\/2095592251971813440?ref_src=twsrc%5Etfw\" rel=\"nofollow\">3 de septiembre de 2026<\/a><\/p><\/blockquote>\n<p>  El impacto de Hollis en Gasteiz<\/p>\n<p class=\"article-body__text \">\n        El estadounidense lleg\u00f3 a Vitoria en una \u00e9poca todav\u00eda muy alejada del Baskonia actual y, pese a permanecer \u00fanicamente dos temporadas en el club, su impacto fue enorme. Hollis lider\u00f3 adem\u00e1s al equipo que conquist\u00f3 en 1985 la <strong>Copa Asociaci\u00f3n<\/strong>, el primer t\u00edtulo oficial de la historia del Baskonia y el que abri\u00f3 las puertas del club a las competiciones europeas.\n<\/p>\n<p>            <a href=\"https:\/\/www.noticiasdealava.eus\/baskonia\/2025\/05\/23\/helicoptero-essie-hollis-aterriza-honores-9673366.html\" title=\"El &#039;Helic\u00f3ptero&#039; Essie Hollis aterriza con honores en Vitoria\" class=\"new__media\" rel=\"nofollow noopener\" target=\"_blank\"><\/p>\n<p>                <img alt=\"El 'Helic\u00f3ptero' Essie Hollis aterriza con honores en Vitoria\" data-src=\"https:\/\/www.europesays.com\/es\/wp-content\/uploads\/2026\/09\/69dcb9f7-8320-45ce-975a-09e5df23b004_16-9-aspect-ratio_default_0_x1988y355.jpg\" class=\"lozad\"\/><\/p>\n<p>        <\/a><\/p>\n<p>        <a href=\"https:\/\/www.noticiasdealava.eus\/baskonia\/2025\/05\/23\/helicoptero-essie-hollis-aterriza-honores-9673366.html\" title=\"El &#039;Helic\u00f3ptero&#039; Essie Hollis aterriza con honores en Vitoria\" class=\"new__headline\" rel=\"nofollow noopener\" target=\"_blank\"><br \/>\n            El &#8216;Helic\u00f3ptero&#8217; Essie Hollis aterriza con honores en Vitoria<br \/>\n        <\/a><\/p>\n<p class=\"article-body__text \">\n        <strong>Cuatro d\u00e9cadas despu\u00e9s, el camino entre Vitoria y St. Bonaventure vuelve a cruzarse<\/strong>. Esta vez lo hace con <a href=\"https:\/\/www.noticiasdealava.eus\/baskonia\/2026\/08\/21\/chiek-diallo-pone-rumbo-ncaa-11458452.html\" title=\"Diallo\" target=\"_blank\" class=\"link copy\" rel=\"nofollow noopener\">Diallo<\/a> como protagonista.\n<\/p>\n<p class=\"article-body__text \">\n        El joven p\u00edvot pone as\u00ed punto final a su etapa de formaci\u00f3n en el Baskonia, despu\u00e9s de haberse convertido en<strong> una de las piezas m\u00e1s destacadas de la generaci\u00f3n de 2008<\/strong>, y afronta ahora una aventura universitaria que le permitir\u00e1<strong> continuar con su desarrollo en Estados Unidos.<\/strong>\n<\/p>\n<p>  Con contrato en el Baskonia<\/p>\n<p class=\"article-body__text \">\n        La marcha del canterano se hab\u00eda venido gestando en las \u00faltimas semanas despu\u00e9s de recibir <strong>varias propuestas de universidades estadounidenses<\/strong>.\n<\/p>\n<p class=\"article-body__text \">\n        De hecho, todav\u00eda el mi\u00e9rcoles, durante la presentaci\u00f3n de Chris Duarte, el director deportivo F\u00e9lix Fern\u00e1ndez se hab\u00eda referido a Diallo como<strong> jugador bajo contrato con el Baskonia<\/strong>. Finalmente, el joven gasteiztarra<strong> ha soltado amarras y ya es oficialmente un \u2018Bonnie\u2019.<\/strong>\n<\/p>\n<p>            <a href=\"https:\/\/www.noticiasdealava.eus\/baskonia\/2026\/09\/02\/baskonia-resigna-bol-diallo-khatiashvili-11495182.html\" title=\"El Baskonia se resigna con Bol, Diallo y Khatiashvili\" class=\"new__media\" rel=\"nofollow noopener\" target=\"_blank\"><\/p>\n<p>                <img alt=\"El Baskonia se resigna con Bol, Diallo y Khatiashvili\" data-src=\"https:\/\/www.europesays.com\/es\/wp-content\/uploads\/2026\/09\/b492eb5e-517e-4bcd-ba9b-85f8fc630f53_16-9-aspect-ratio_default_0_x291y175.jpg\" class=\"lozad\"\/><\/p>\n<p>        <\/a><\/p>\n<p>        <a href=\"https:\/\/www.noticiasdealava.eus\/baskonia\/2026\/09\/02\/baskonia-resigna-bol-diallo-khatiashvili-11495182.html\" title=\"El Baskonia se resigna con Bol, Diallo y Khatiashvili\" class=\"new__headline\" rel=\"nofollow noopener\" target=\"_blank\"><br \/>\n            El Baskonia se resigna con Bol, Diallo y Khatiashvili<br \/>\n        <\/a><\/p>\n<p class=\"article-body__text \">\n        As\u00ed, la pr\u00f3xima temporada Diallo no solo tendr\u00e1 el reto de <strong>hacerse un hueco en el baloncesto universitario estadounidense<\/strong>. Tambi\u00e9n lo har\u00e1 en un lugar que, por una de esas curiosidades que deja el deporte, tiene una conexi\u00f3n directa con la historia del Baskonia.\n<\/p>\n<p class=\"article-body__text \">\n        <strong>El mismo centro universitario que ayud\u00f3 a formar a Essie Hollis ser\u00e1 ahora el escenario en el que Chiek Diallo tratar\u00e1 de escribir el siguiente cap\u00edtulo de su carrera.<\/strong>\n<\/p>\n<p>            <script async src=\"https:\/\/platform.twitter.com\/widgets.js\" charset=\"utf-8\"><\/script><\/p>\n","protected":false},"excerpt":{"rendered":"Chiek Diallo ya tiene nuevo destino. El p\u00edvot vitoriano, que acaba de cumplir 18 a\u00f1os, continuar\u00e1 su carrera&hellip;\n","protected":false},"author":2,"featured_media":748166,"comment_status":"","ping_status":"","sticky":false,"template":"","format":"standard","meta":{"footnotes":""},"categories":[269],"tags":[10645,299,298,22181,168,25,24,132838,132839,368,23,167],"class_list":["post-748165","post","type-post","status-publish","format-standard","has-post-thumbnail","category-baloncesto","tag-americana","tag-baloncesto","tag-basketball","tag-conexion","tag-deportes","tag-es","tag-espana","tag-essie","tag-hollis","tag-leyenda","tag-spain","tag-sports"],"share_on_mastodon":{"url":"https:\/\/pubeurope.com\/@es\/117214902288757038","error":""},"_links":{"self":[{"href":"https:\/\/www.europesays.com\/es\/wp-json\/wp\/v2\/posts\/748165","targetHints":{"allow":["GET"]}}],"collection":[{"href":"https:\/\/www.europesays.com\/es\/wp-json\/wp\/v2\/posts"}],"about":[{"href":"https:\/\/www.europesays.com\/es\/wp-json\/wp\/v2\/types\/post"}],"author":[{"embeddable":true,"href":"https:\/\/www.europesays.com\/es\/wp-json\/wp\/v2\/users\/2"}],"replies":[{"embeddable":true,"href":"https:\/\/www.europesays.com\/es\/wp-json\/wp\/v2\/comments?post=748165"}],"version-history":[{"count":0,"href":"https:\/\/www.europesays.com\/es\/wp-json\/wp\/v2\/posts\/748165\/revisions"}],"wp:featuredmedia":[{"embeddable":true,"href":"https:\/\/www.europesays.com\/es\/wp-json\/wp\/v2\/media\/748166"}],"wp:attachment":[{"href":"https:\/\/www.europesays.com\/es\/wp-json\/wp\/v2\/media?parent=748165"}],"wp:term":[{"taxonomy":"category","embeddable":true,"href":"https:\/\/www.europesays.com\/es\/wp-json\/wp\/v2\/categories?post=748165"},{"taxonomy":"post_tag","embeddable":true,"href":"https:\/\/www.europesays.com\/es\/wp-json\/wp\/v2\/tags?post=748165"}],"curies":[{"name":"wp","href":"https:\/\/api.w.org\/{rel}","templated":true}]}}