{"id":748171,"date":"2026-09-04T21:34:17","date_gmt":"2026-09-04T21:34:17","guid":{"rendered":"https:\/\/www.europesays.com\/es\/748171\/"},"modified":"2026-09-04T21:34:17","modified_gmt":"2026-09-04T21:34:17","slug":"tulsa-king-lo-hace-oficial-confirmada-la-fecha-de-estreno-de-la-temporada-4-2","status":"publish","type":"post","link":"https:\/\/www.europesays.com\/es\/748171\/","title":{"rendered":"&#8216;Tulsa King&#8217; lo hace oficial: confirmada la fecha de estreno de la temporada 4"},"content":{"rendered":"<p class=\"c-paragraph\">Dwight Manfredi acude a su cita anual con el estreno de la temporada 4 de <b>Tulsa King<\/b>. Paramount + acaba de hacer oficial el esperado regreso de la serie de<b> Taylor Sheridan<\/b> para el pr\u00f3ximo <b>16 de octubre<\/b>, aunque a\u00fan no se ha confirmado la fecha exacta de su llegada a Espa\u00f1a a trav\u00e9s de <a href=\"https:\/\/www.20minutos.es\/cinemania\/noticias\/skyshowtime-espana-cuanto-cuesta-planes-tarifas-plataforma_6937815_0.html\" target=\"_blank\" rel=\"nofollow noopener\">SkyShowtime.<\/a>\u00a0Un lanzamiento que llegar\u00e1, si todo marcha seg\u00fan lo previsto, unos d\u00edas despu\u00e9s.<\/p>\n<p class=\"c-paragraph\">Si tomamos como referencia los estrenos de las dos temporadas anteriores,<b> el salto entre Estados Unidos y Espa\u00f1a fue de apenas unos d\u00edas<\/b>. La segunda temporada, por ejemplo, lleg\u00f3 al otro lado del charco el 15 de septiembre y desembarc\u00f3 en nuestro pa\u00eds apenas tres d\u00edas despu\u00e9s, el 18 del mismo mes. En el caso de la tercera, <b>el estreno estadounidense tuvo lugar el 21 de septiembre, mientras que los espectadores espa\u00f1oles pudieron disfrutar de ella a partir del 25<\/b>, solo cuatro d\u00edas m\u00e1s tarde.<\/p>\n<p class=\"c-paragraph\">Como suele ser habitual en el servicio de streaming, la confirmaci\u00f3n oficial se har\u00e1 esperar, pero <b>todo apunta a que el lanzamiento tendr\u00e1 lugar el mes de octubre<\/b>, asegur\u00e1ndonos un oto\u00f1o paseando de nuevo por las calles de Tulsa. Todav\u00eda no ha trascendido el n\u00famero exacto de episodios de esta nueva temporada, pero si se mantiene la t\u00f3nica habitual, podr\u00eda ascender a diez.\u00a0<\/p>\n<p>\u00bfDe qu\u00e9 trata la temporada 4: &#8216;Tulsa King&#8217;?<b\/><\/p>\n<p class=\"c-paragraph\">\u00abEs un negocio sucio, y todos nos manchamos un poco\u00bb. El inicio del primer avance la la serie, disponible desde hace unas horas, nos garantiza que la nueva entrega seguir\u00e1 dando lo que promete, pero con un gran cambio. El capo mafioso con el sobrenombre de &#8216;El General&#8217; que interpreta <b>Sylvester Stallone<\/b> se hace mayor y ha decidido darle un nuevo rumbo a su negocio, llev\u00e1ndolo dentro de los m\u00e1rgenes de la legalidad.<\/p>\n<p class=\"c-paragraph\">Bajo la premisa de reemplazar el negocio de la marihuana por el de los licores, y darle un lavado de cara a su organizaci\u00f3n, Manfredi deber\u00e1 enfrentarse a todo tipo de obst\u00e1culos. Para lograr su objetivo deber\u00e1 v\u00e9rselas con nuevos enemigos y pol\u00edticos corruptos, todo ello mientras trata de lidiar con una devastadora p\u00e9rdida personal. Las tensiones pondr\u00e1n en riesgo lo que ha construido.<\/p>\n<p>\u00bfQui\u00e9n est\u00e1 detr\u00e1s de la temporada 4 de &#8216;Tulsa King&#8217;?<\/p>\n<p class=\"c-paragraph\">La nueva temporada mantendr\u00e1 algunos de los personajes recurrentes de la serie como <b>Martin Starr, Jay Will, Vincent Piazza, Annabella Sciorra, McKenna Quigley Harrington, Frank Grillo<\/b>, as\u00ed como con la nueva incorporaci\u00f3n de <b>Gretchen Mol<\/b>, actriz curtida en pel\u00edculas de mafiosos como Donnie Brasco o El funeral.<b\/><\/p>\n<p class=\"c-paragraph\">Se mantiene a los mandos de la serie el aut\u00e9ntico jefe de todo esto: Taylor Sheridan, que ha recuperado para esta nueva entrega al showrunner de la temporada original, <b>Terence Winter<\/b>, que regresa para sustituir a<b> Dave Erickson.\u00a0<\/b>Este\u00a0dej\u00f3 el cargo tras la \u00faltima tanda de episodios despu\u00e9s de que \u00e9l y Stallone no se pusieran de acuerdo sobre el rumbo que deb\u00eda tomar la serie. Unas diferencias creativas que tambi\u00e9n tuvieron Winter y Sheridan en su momento, aunque parece que el tiempo ha ayudado a limar asperezas.\u00a0<\/p>\n<p class=\"c-paragraph\">Sheridan tambi\u00e9n vuelve a ejercer labores de producci\u00f3n con el propio Stallone, ambos en colaboraci\u00f3n con los productores <b>David C. Glasser, Ron Burkle, David Hutkin, Bob Yari, Thomas Kelly y Keith Cox<\/b>. La serie es producida por Paramount Television Studios y 101 Studios.<\/p>\n","protected":false},"excerpt":{"rendered":"Dwight Manfredi acude a su cita anual con el estreno de la temporada 4 de Tulsa King. Paramount&hellip;\n","protected":false},"author":2,"featured_media":748172,"comment_status":"","ping_status":"","sticky":false,"template":"","format":"standard","meta":{"footnotes":""},"categories":[171],"tags":[132087,146,147,25,24,61999,10218,23,2333,76831,95464,214],"class_list":["post-748171","post","type-post","status-publish","format-standard","has-post-thumbnail","category-tv","tag-dwight-manfredi","tag-entertainment","tag-entretenimiento","tag-es","tag-espana","tag-fecha-de-estreno","tag-skyshowtime","tag-spain","tag-sylvester-stallone","tag-temporada-4","tag-tulsa-king","tag-tv"],"share_on_mastodon":{"url":"https:\/\/pubeurope.com\/@es\/117214921825248082","error":""},"_links":{"self":[{"href":"https:\/\/www.europesays.com\/es\/wp-json\/wp\/v2\/posts\/748171","targetHints":{"allow":["GET"]}}],"collection":[{"href":"https:\/\/www.europesays.com\/es\/wp-json\/wp\/v2\/posts"}],"about":[{"href":"https:\/\/www.europesays.com\/es\/wp-json\/wp\/v2\/types\/post"}],"author":[{"embeddable":true,"href":"https:\/\/www.europesays.com\/es\/wp-json\/wp\/v2\/users\/2"}],"replies":[{"embeddable":true,"href":"https:\/\/www.europesays.com\/es\/wp-json\/wp\/v2\/comments?post=748171"}],"version-history":[{"count":0,"href":"https:\/\/www.europesays.com\/es\/wp-json\/wp\/v2\/posts\/748171\/revisions"}],"wp:featuredmedia":[{"embeddable":true,"href":"https:\/\/www.europesays.com\/es\/wp-json\/wp\/v2\/media\/748172"}],"wp:attachment":[{"href":"https:\/\/www.europesays.com\/es\/wp-json\/wp\/v2\/media?parent=748171"}],"wp:term":[{"taxonomy":"category","embeddable":true,"href":"https:\/\/www.europesays.com\/es\/wp-json\/wp\/v2\/categories?post=748171"},{"taxonomy":"post_tag","embeddable":true,"href":"https:\/\/www.europesays.com\/es\/wp-json\/wp\/v2\/tags?post=748171"}],"curies":[{"name":"wp","href":"https:\/\/api.w.org\/{rel}","templated":true}]}}