{"id":748181,"date":"2026-09-04T21:40:24","date_gmt":"2026-09-04T21:40:24","guid":{"rendered":"https:\/\/www.europesays.com\/es\/748181\/"},"modified":"2026-09-04T21:40:24","modified_gmt":"2026-09-04T21:40:24","slug":"el-ballet-flamenco-de-andalucia-cita-casi-obligada-en-la-xxiv-bienal-de-sevilla","status":"publish","type":"post","link":"https:\/\/www.europesays.com\/es\/748181\/","title":{"rendered":"El Ballet Flamenco de Andaluc\u00eda, \u00abcita casi obligada\u00bb en la XXIV Bienal de Sevilla"},"content":{"rendered":"<p><img decoding=\"async\" class=\"v-ath__i\" loading=\"lazy\" src=\"https:\/\/www.europesays.com\/es\/wp-content\/uploads\/2026\/09\/1788558024_570_autor-5497-foto-3.jpeg\" alt=\"Agencia Europa Press\"\/><\/p>\n<p>04\/09\/2026 a las 14:15h.<\/p>\n<p class=\"v-d-p\">La consejera de Cultura, Patrimonio Hist\u00f3rico y Deporte, Patricia del Pozo, junto al director de la Bienal, Luis Ybarra, han asistido este viernes, 3 de  &#8230; septiembre, al ensayo abierto de la gala inaugural de la XXIV Bienal de Flamenco de Sevilla, en el que se han dado a conocer alguna de las claves art\u00edsticas del espect\u00e1culo que se pondr\u00e1 en escena este jueves, 10 de septiembre, en la Plaza de Toros de la Real Maestranza de Caballer\u00eda y en el que tiene una participaci\u00f3n muy destacada el Ballet Flamenco de Andaluc\u00eda, la compa\u00f1\u00eda p\u00fablica dependiente de la Junta.<\/p>\n","protected":false},"excerpt":{"rendered":"04\/09\/2026 a las 14:15h. La consejera de Cultura, Patrimonio Hist\u00f3rico y Deporte, Patricia del Pozo, junto al director&hellip;\n","protected":false},"author":2,"featured_media":748182,"comment_status":"","ping_status":"","sticky":false,"template":"","format":"standard","meta":{"footnotes":""},"categories":[91],"tags":[45043,12194,51433,28488,7716,146,147,25,24,11925,31972,1171,23,51432],"class_list":["post-748181","post","type-post","status-publish","format-standard","has-post-thumbnail","category-entretenimiento","tag-andaluca","tag-ballet","tag-bienal","tag-casi","tag-cita","tag-entertainment","tag-entretenimiento","tag-es","tag-espana","tag-flamenco","tag-obligada","tag-sevilla","tag-spain","tag-xxiv"],"share_on_mastodon":{"url":"https:\/\/pubeurope.com\/@es\/117214945668123182","error":""},"_links":{"self":[{"href":"https:\/\/www.europesays.com\/es\/wp-json\/wp\/v2\/posts\/748181","targetHints":{"allow":["GET"]}}],"collection":[{"href":"https:\/\/www.europesays.com\/es\/wp-json\/wp\/v2\/posts"}],"about":[{"href":"https:\/\/www.europesays.com\/es\/wp-json\/wp\/v2\/types\/post"}],"author":[{"embeddable":true,"href":"https:\/\/www.europesays.com\/es\/wp-json\/wp\/v2\/users\/2"}],"replies":[{"embeddable":true,"href":"https:\/\/www.europesays.com\/es\/wp-json\/wp\/v2\/comments?post=748181"}],"version-history":[{"count":0,"href":"https:\/\/www.europesays.com\/es\/wp-json\/wp\/v2\/posts\/748181\/revisions"}],"wp:featuredmedia":[{"embeddable":true,"href":"https:\/\/www.europesays.com\/es\/wp-json\/wp\/v2\/media\/748182"}],"wp:attachment":[{"href":"https:\/\/www.europesays.com\/es\/wp-json\/wp\/v2\/media?parent=748181"}],"wp:term":[{"taxonomy":"category","embeddable":true,"href":"https:\/\/www.europesays.com\/es\/wp-json\/wp\/v2\/categories?post=748181"},{"taxonomy":"post_tag","embeddable":true,"href":"https:\/\/www.europesays.com\/es\/wp-json\/wp\/v2\/tags?post=748181"}],"curies":[{"name":"wp","href":"https:\/\/api.w.org\/{rel}","templated":true}]}}