{"id":748211,"date":"2026-09-04T22:04:16","date_gmt":"2026-09-04T22:04:16","guid":{"rendered":"https:\/\/www.europesays.com\/es\/748211\/"},"modified":"2026-09-04T22:04:16","modified_gmt":"2026-09-04T22:04:16","slug":"la-v-edicion-del-vive-latino-espana-empieza-a-fuego-calor-julieta-venegas-y-mucha-gente","status":"publish","type":"post","link":"https:\/\/www.europesays.com\/es\/748211\/","title":{"rendered":"La V edici\u00f3n del Vive Latino Espa\u00f1a empieza a fuego: calor, Julieta Venegas y mucha gente"},"content":{"rendered":"<p class=\"mb-4 text-lg md:leading-8 break-words\">Zaragoza (Espa\u00f1a), 4 sep (EFE).- El festival Vive Latino Espa\u00f1a regres\u00f3 fuerte este viernes a la ciudad espa\u00f1ola de Zaragoza en su quinta edici\u00f3n con la cantante mexicana Julieta Venegas como protagonista, que reuni\u00f3 a miles de personas a pesar del intenso calor.<\/p>\n<p class=\"mb-4 text-lg md:leading-8 break-words\">La artista fue la encargada de inaugurar el escenario Ambar, el m\u00e1s grande del festival despu\u00e9s de que el Vive Latino abriera unas puertas en las que no pocos valientes aguardaban al sol, con 39 grados en el ambiente.<\/p>\n<p class=\"mb-4 text-lg md:leading-8 break-words\">Una vez pasados los controles, se pudieron encontrar el rock de El Practicante. Puntual, la propuesta musical de Nelson Benito fue la primera en sonar en esta quinta entrega del festival, una potente apuesta local que acogi\u00f3 las tablas del espacio Escena VL.<\/p>\n<p class=\"mb-4 text-lg md:leading-8 break-words\">Poco antes de empezar su concierto, Venegas explicaba, en declaraciones a EFE, el \u00abgusto\u00bb que supon\u00eda regresar a esta edici\u00f3n espa\u00f1ola del Vive Latino, en la que ya estuvo hace 3 a\u00f1os.<\/p>\n<p class=\"mb-4 text-lg md:leading-8 break-words\">\u00abHe tocado muchas veces en el Vive Latino de M\u00e9xico, entonces lo siento como algo muy familiar\u00bb, afirm\u00f3 la mexicana, que tambi\u00e9n destac\u00f3 el hecho de coincidir con artistas espa\u00f1olas como Rigoberta Bandini o Amaia, que le \u00abencanta\u00bb.<\/p>\n<p><img alt=\"\" loading=\"lazy\" width=\"960\" height=\"640\" decoding=\"async\" data-nimg=\"1\" class=\"rounded-lg\" style=\"color:transparent\" src=\"https:\/\/www.europesays.com\/es\/wp-content\/uploads\/2026\/09\/https:\/\/media.zenfs.com\/es\/efe.es\/5ec68b63a9b41ac1cb137213a0614d4d.jpg\"\/><\/p>\n<p class=\"mb-4 text-lg md:leading-8 break-words\">Venegas, adem\u00e1s, considera \u00abideal\u00bb que el festival se celebre en Zaragoza, una ciudad en la que ha actuado en varias ocasiones y cuyos aficionados son \u00abmuy del rock\u00bb y \u00abtienen mucha ca\u00f1a\u00bb. \u00abMe gusta mucho poder ser parte de este festival\u00bb, sostuvo.<\/p>\n<p class=\"mb-4 text-lg md:leading-8 break-words\">En la zona gastro, los restaurantes empezaban los preparativos para dar de comer m\u00e1s tarde a los miles de asistentes del festival, que este a\u00f1o espera llegar hasta los 38.000 entre el viernes y el s\u00e1bado.<\/p>\n<p class=\"mb-4 text-lg md:leading-8 break-words\">Como buen reflejo del esp\u00edritu del Vive Latino, las barras ofrecen desde el t\u00edpico bocadillo espa\u00f1ol, pizzas y hamburguesas a propuestas del otro lado del Atl\u00e1ntico como arepas, cebiches y tacos.<\/p>\n<p class=\"mb-4 text-lg md:leading-8 break-words\">Precisamente, de M\u00e9xico lleg\u00f3 a la capital aragonesa por primera vez Guerrero Siam, uno de los luchadores que competir\u00e1 estos d\u00edas en el cuadril\u00e1tero del festival.<\/p>\n<p class=\"mb-4 text-lg md:leading-8 break-words\">\u00abEs un gusto enorme que podamos los luchadores mexicanos demostrar qu\u00e9 es la verdadera lucha profesional\u00bb, asegur\u00f3 a EFE este profesional, que se preparaba para saltar al &#8216;ring&#8217;, enfundado en sus mallas negras y una llamativa m\u00e1scara roja.<\/p>\n<p><img alt=\"\" loading=\"lazy\" width=\"960\" height=\"640\" decoding=\"async\" data-nimg=\"1\" class=\"rounded-lg\" style=\"color:transparent\" src=\"https:\/\/www.europesays.com\/es\/wp-content\/uploads\/2026\/09\/https:\/\/media.zenfs.com\/es\/efe.es\/7f9c1925c92d751bcaf060aa4c9d2100.jpg\"\/><\/p>\n<p class=\"mb-4 text-lg md:leading-8 break-words\">Estos fueron unos primeros destellos de un festival que, a lo largo del viernes, acoger\u00e1 16 conciertos y el s\u00e1bado, 17, con nombres como Loquillo, Rigoberta Bandini, Plastilina Mosh, Biznaga, Esteman y Daniela Spalla, Begut o Silo\u00e9. EFE<\/p>\n<p class=\"mb-4 text-lg md:leading-8 break-words\">(c) Agencia EFE<\/p>\n","protected":false},"excerpt":{"rendered":"Zaragoza (Espa\u00f1a), 4 sep (EFE).- El festival Vive Latino Espa\u00f1a regres\u00f3 fuerte este viernes a la ciudad espa\u00f1ola&hellip;\n","protected":false},"author":2,"featured_media":748212,"comment_status":"","ping_status":"","sticky":false,"template":"","format":"standard","meta":{"footnotes":""},"categories":[91],"tags":[132710,132868,59104,132874,93535,2170,132876,132883,132879,995,132875,158,132882,146,147,25,24,132878,132869,132877,132880,132867,132881,5559,85548,132872,132873,132871,41189,132870,23,20877,19544,17581,491],"class_list":["post-748211","post","type-post","status-publish","format-standard","has-post-thumbnail","category-entretenimiento","tag-4-sep","tag-acogio-las","tag-agencia-efe","tag-begut","tag-biznaga","tag-como","tag-competira-estos-dias-en-el","tag-conciertos-y-el-sabado","tag-daniela-spalla","tag-efe","tag-efe-este-profesional","tag-el","tag-enfundado-en-sus-mallas-negras-y-una","tag-entertainment","tag-entretenimiento","tag-es","tag-espana","tag-esteman","tag-grados-en-el-ambiente","tag-guerrero-siam","tag-gusta-mucho-poder-ser-parte-de-este-festival","tag-julieta-venegas-como-protagonista","tag-lucha-profesional","tag-miles","tag-plastilina-mosh","tag-poco-antes-de-empezar-su-concierto","tag-pudieron-encontrar-el-rock-de-el-practicante","tag-puertas-en-las-que-no","tag-rigoberta-bandini","tag-siento-como-algo-muy-familiar","tag-spain","tag-una","tag-venegas","tag-vive-latino","tag-zaragoza"],"share_on_mastodon":{"url":"","error":"Validation failed: Text character limit of 500 exceeded"},"_links":{"self":[{"href":"https:\/\/www.europesays.com\/es\/wp-json\/wp\/v2\/posts\/748211","targetHints":{"allow":["GET"]}}],"collection":[{"href":"https:\/\/www.europesays.com\/es\/wp-json\/wp\/v2\/posts"}],"about":[{"href":"https:\/\/www.europesays.com\/es\/wp-json\/wp\/v2\/types\/post"}],"author":[{"embeddable":true,"href":"https:\/\/www.europesays.com\/es\/wp-json\/wp\/v2\/users\/2"}],"replies":[{"embeddable":true,"href":"https:\/\/www.europesays.com\/es\/wp-json\/wp\/v2\/comments?post=748211"}],"version-history":[{"count":0,"href":"https:\/\/www.europesays.com\/es\/wp-json\/wp\/v2\/posts\/748211\/revisions"}],"wp:featuredmedia":[{"embeddable":true,"href":"https:\/\/www.europesays.com\/es\/wp-json\/wp\/v2\/media\/748212"}],"wp:attachment":[{"href":"https:\/\/www.europesays.com\/es\/wp-json\/wp\/v2\/media?parent=748211"}],"wp:term":[{"taxonomy":"category","embeddable":true,"href":"https:\/\/www.europesays.com\/es\/wp-json\/wp\/v2\/categories?post=748211"},{"taxonomy":"post_tag","embeddable":true,"href":"https:\/\/www.europesays.com\/es\/wp-json\/wp\/v2\/tags?post=748211"}],"curies":[{"name":"wp","href":"https:\/\/api.w.org\/{rel}","templated":true}]}}