{"id":748221,"date":"2026-09-04T22:09:20","date_gmt":"2026-09-04T22:09:20","guid":{"rendered":"https:\/\/www.europesays.com\/es\/748221\/"},"modified":"2026-09-04T22:09:20","modified_gmt":"2026-09-04T22:09:20","slug":"el-juez-rechaza-la-nulidad-de-la-causa-de-plus-ultra-planteada-por-zapatero","status":"publish","type":"post","link":"https:\/\/www.europesays.com\/es\/748221\/","title":{"rendered":"El juez rechaza la nulidad de la causa de Plus Ultra planteada por Zapatero"},"content":{"rendered":"<p class=\"article-text\">\n        El juez del caso Plus Ultra, Jos\u00e9 Luis Calama, ha rechazado el incidente de nulidad planteado por el expresidente del Gobierno Jos\u00e9 Luis Rodr\u00edguez Zapatero al entender que no fueron vulnerados sus derechos.\n    <\/p>\n<p>    <a href=\"https:\/\/www.eldiario.es\/politica\/declaracion-directivos-plus-ultra-origen-joyas-marcan-presente-judicial-zapatero_1_13460107.html\" data-mrf-recirculation=\"saber-mas\" data-dl-event=\"saber-mas\" rel=\"nofollow noopener\" target=\"_blank\"><\/p>\n<p class=\"know-more__title\">La declaraci\u00f3n de los directivos de Plus Ultra y el origen de las joyas marcan el presente judicial de Zapatero<\/p>\n<p>            <img decoding=\"async\" class=\"lazy\" loading=\"lazy\" data-src=\"https:\/\/static.eldiario.es\/clip\/3a1ee842-4048-4133-8536-5807d253d0ef_16-9-aspect-ratio_default_0_x1150y333.jpg\" src=\"data:image\/svg+xml,%3Csvg xmlns=\" http:=\"\" viewbox=\"0 0 880 495\" alt=\"La declaraci\u00f3n de los directivos de Plus Ultra y el origen de las joyas marcan el presente judicial de Zapatero\"\/><\/p>\n<p>                        <\/a><\/p>\n<p class=\"article-text\">\n        El juez, en un auto que no admite recurso, zanja de este modo la pretensi\u00f3n del expresidente del Ejecutivo de anular la investigaci\u00f3n que sigue contra \u00e9l por liderar presuntamente una red de tr\u00e1fico de influencias en favor de la aerol\u00ednea Plus Ultra.\n    <\/p>\n<p>    <a href=\"https:\/\/www.eldiario.es\/politica\/terrorismo-gurtel-causas-han-llevado-juzgado-presidentes-gobierno_1_13312796.html\" data-mrf-recirculation=\"saber-mas-abajo\" data-dl-event=\"saber-mas-abajo\" rel=\"nofollow noopener\" target=\"_blank\"><\/p>\n<p class=\"know-more__title\">Del terrorismo de Estado a la G\u00fcrtel: las causas que han llevado al juzgado a los presidentes del Gobierno\n<\/p>\n<p>            <img decoding=\"async\" class=\"lazy\" loading=\"lazy\" data-src=\"https:\/\/static.eldiario.es\/clip\/2808e14b-27ed-4005-8e50-e87fd05c7c78_16-9-aspect-ratio_default_0_x642y119.jpg\" src=\"data:image\/svg+xml,%3Csvg xmlns=\" http:=\"\" viewbox=\"0 0 880 495\" alt=\"Del terrorismo de Estado a la G\u00fcrtel: las causas que han llevado al juzgado a los presidentes del Gobierno\"\/><\/p>\n<p>                        <\/a><\/p>\n<p class=\"article-text\">\n        Calama, que en principio hab\u00eda inadmitido el escrito por haber sido presentado fuera de plazo, rectific\u00f3 posteriormente y acept\u00f3 estudiar algunas de las alegaciones, pero, de acuerdo con el criterio del fiscal, ha decidido rechazarlas.\n    <\/p>\n","protected":false},"excerpt":{"rendered":"El juez del caso Plus Ultra, Jos\u00e9 Luis Calama, ha rechazado el incidente de nulidad planteado por el&hellip;\n","protected":false},"author":2,"featured_media":748222,"comment_status":"","ping_status":"","sticky":false,"template":"","format":"standard","meta":{"footnotes":""},"categories":[5],"tags":[17,18,11072,25,24,13,14,11,1664,19,20,9,10,15,16,73917,132884,7741,1350,23,12,21,22,5765,7472],"class_list":["post-748221","post","type-post","status-publish","format-standard","has-post-thumbnail","category-titulares","tag-breaking-news","tag-breakingnews","tag-causa","tag-es","tag-espana","tag-featured-news","tag-featurednews","tag-headlines","tag-juez","tag-latest-news","tag-latestnews","tag-news","tag-noticias","tag-noticias-destacadas","tag-noticiasdestacadas","tag-nulidad","tag-planteada","tag-plus","tag-rechaza","tag-spain","tag-titulares","tag-ultimas-noticias","tag-ultimasnoticias","tag-ultra","tag-zapatero"],"share_on_mastodon":{"url":"https:\/\/pubeurope.com\/@es\/117215059327907097","error":""},"_links":{"self":[{"href":"https:\/\/www.europesays.com\/es\/wp-json\/wp\/v2\/posts\/748221","targetHints":{"allow":["GET"]}}],"collection":[{"href":"https:\/\/www.europesays.com\/es\/wp-json\/wp\/v2\/posts"}],"about":[{"href":"https:\/\/www.europesays.com\/es\/wp-json\/wp\/v2\/types\/post"}],"author":[{"embeddable":true,"href":"https:\/\/www.europesays.com\/es\/wp-json\/wp\/v2\/users\/2"}],"replies":[{"embeddable":true,"href":"https:\/\/www.europesays.com\/es\/wp-json\/wp\/v2\/comments?post=748221"}],"version-history":[{"count":0,"href":"https:\/\/www.europesays.com\/es\/wp-json\/wp\/v2\/posts\/748221\/revisions"}],"wp:featuredmedia":[{"embeddable":true,"href":"https:\/\/www.europesays.com\/es\/wp-json\/wp\/v2\/media\/748222"}],"wp:attachment":[{"href":"https:\/\/www.europesays.com\/es\/wp-json\/wp\/v2\/media?parent=748221"}],"wp:term":[{"taxonomy":"category","embeddable":true,"href":"https:\/\/www.europesays.com\/es\/wp-json\/wp\/v2\/categories?post=748221"},{"taxonomy":"post_tag","embeddable":true,"href":"https:\/\/www.europesays.com\/es\/wp-json\/wp\/v2\/tags?post=748221"}],"curies":[{"name":"wp","href":"https:\/\/api.w.org\/{rel}","templated":true}]}}