{"id":748239,"date":"2026-09-04T22:29:18","date_gmt":"2026-09-04T22:29:18","guid":{"rendered":"https:\/\/www.europesays.com\/es\/748239\/"},"modified":"2026-09-04T22:29:18","modified_gmt":"2026-09-04T22:29:18","slug":"iker-jimenez-sobre-su-visita-a-ceuta-hay-marroquies-viviendo-en-autenticos-agujeros-dentro-de-la-montana-porque-pueden-ser-gente-perseguida","status":"publish","type":"post","link":"https:\/\/www.europesays.com\/es\/748239\/","title":{"rendered":"Iker Jim\u00e9nez, sobre su visita a Ceuta: \u00abHay marroqu\u00edes viviendo en aut\u00e9nticos agujeros dentro de la monta\u00f1a porque pueden ser gente perseguida\u00bb"},"content":{"rendered":"<p class=\"v-d-p\">Ceuta todav\u00eda sufre las secuelas de la entrada masiva de inmigrantes que vivi\u00f3 el 30 y 31 de julio y que comenz\u00f3 los d\u00edas anteriores. Uno de los datos que un mes despu\u00e9s <strong>alteran el funcionamiento normal de la ciudad aut\u00f3noma<\/strong> es la cantidad de personas que cruzaron la frontera desde Marruecos de forma ilegal y todav\u00eda no se han marchado. <\/p>\n<p class=\"v-d-p\">Hace un mes entraron m\u00e1s de 80.000 maroqu\u00edes no identificados, seg\u00fan inform\u00f3 &#8216;El faro&#8217;. Aunque la mayor\u00eda de ellos regresaron a pie en los d\u00edas siguientes, algunos decidieron quedarse en las calles, playas y montes de Ceuta. <\/p>\n<p class=\"v-d-p\">El ministro de Pol\u00edtica Territorial y Memoria Democr\u00e1tica y actual mando \u00fanico del Gobierno para la crisis, \u00c1ngel V\u00edctor Torres, sit\u00faa entre<strong> 4.000 y 4.500 <\/strong>el n\u00famero de <strong>imigrantes que todav\u00eda pernoctan en Ceuta<\/strong>. Algunas de estas personas pasan los d\u00edas en las monta\u00f1as, como <a href=\"https:\/\/www.abc.es\/espana\/monte-ceuti-escondite-inmigrantes-quieren-volver-gente-20260802012133-nt.html\" title=\"\" data-voc-vtm-id=\"in-text-traffic\" data-mrf-link=\"www.abc.es\" rel=\"nofollow noopener\" target=\"_blank\">ellas mismas contaron a ABC<\/a>, lejos de los posibles altercados en la ciudad y de la vigilancia policial. <\/p>\n<ul class=\"v-cmp-rld__u\">\n<li class=\"v-cmp-rld__l\">\n<p><a class=\"v-a-lnk\" href=\"http:\/\/www.abc.es\/play\/television\/noticias\/inaki-lopez-dice-piensan-crisis-ceuta-marruecos-responsabilidad-sanchez-20260903175448-nt.html#vtm_modulosEngag=noticiasrelacionadas-cmp-uno:play:noticia:1\" data-voc-vtm-id=\"in-text-traffic\" rel=\"nofollow noopener\" target=\"_blank\"><br \/>\n<img decoding=\"async\" loading=\"lazy\" src=\"https:\/\/www.europesays.com\/es\/wp-content\/uploads\/2026\/09\/pedro-sanchez-mohamed-vi-espana-marruecos-k1EG--366x256@diario_abc.jpg\" class=\"v-a-img\" width=\"258\" height=\"180\" alt=\"I\u00f1aki L\u00f3pez, sobre la crisis en Ceuta: \u00abQue Marruecos tiene responsabilidad es algo que solo niega S\u00e1nchez\u00bb\"\/><br \/>\n<\/a><\/p>\n<\/li>\n<\/ul>\n<p>\nIker Jim\u00e9nez ve inmigrantes en las monta\u00f1as\n<\/p>\n<p class=\"v-d-p\"><strong>Iker Jim\u00e9nez<\/strong> ha visitado Ceuta y ha comprobado con sus propios ojos que, en efecto, hay un n\u00facleo de inmigrantes refugiados en el monte. El relieve del territorio cuenta con peque\u00f1as colinas y cuevas que pueden utilizarse como <strong>un escondite natural<\/strong>. Estas zonas de dif\u00edcil acceso con veh\u00edculos motorizados sirven de cobijo temporal a los inmigrantes debido a su proximidad con la frontera. <\/p>\n<p class=\"v-d-p\">El presentador ha relatado esta realidad en el programa &#8216;<a href=\"https:\/\/www.cuatro.com\/television\/20260903\/horizonte-iker-jimenez-reflexiona-visita-ceuta-revela-detalle-impacto_18_020085182.html\" title=\"\" data-voc-vtm-id=\"in-text-traffic\" data-mrf-link=\"www.cuatro.com\" rel=\"nofollow noopener\" target=\"_blank\">Horizonte<\/a>&#8216; en Cuatro. \u00ab<strong>Hay que irse a Ceuta al monte y a los barrios para saber lo que pasa<\/strong>\u00bb, asegura. En las monta\u00f1as se est\u00e1 viviendo parte del conflicto entre vecinos y marroqu\u00edes. <\/p>\n<p class=\"v-d-p\">Acudi\u00f3 a &#8216;las toperas&#8217;, una zona de relieve con agujeros excavados donde pernoctan los inmigrantes: \u00abSon los marroqu\u00edes que <strong>est\u00e1n viviendo en aut\u00e9nticos agujeros dentro de la monta\u00f1a <\/strong>porque pueden ser gente perseguida, gente que tiene deudas con la justicia\u00bb. As\u00ed, el presentador lanza una alarma por la peligrosidad de su estancia en suelo espa\u00f1ol y por las condiciones precarias en las que viven desde julio. <\/p>\n<p>\nC\u00f3mo viven los inmigrantes en &#8216;las toperas&#8217;\n<\/p>\n<p class=\"v-d-p\">El reportero Javier P\u00e9rez Campos ha ense\u00f1ado en &#8216;Horizonte&#8217; c\u00f3mo es la vida de los inmigrantes en &#8216;las toperas&#8217;. Accedi\u00f3 a uno de estos asentamientos situado en \u00abuna zona absolutamente indetectable y pr\u00e1cticamente inaccesible\u00bb frente a la playa del Trampol\u00edn. \u00abNos dec\u00edan que aqu\u00ed, en el monte, vienen algunas personas que procuran estar escondidas porque <strong>tienen problemas, incluso en prisi\u00f3n con Marruecos<\/strong>\u00bb.<\/p>\n<p><img decoding=\"async\" loading=\"lazy\" src=\"https:\/\/www.europesays.com\/es\/wp-content\/uploads\/2026\/09\/WhatsApp Image 2026-08-02 at 13.58.53 (1)-U55412574606uRn-680x476@diario_abc.jpg\" class=\"v-a-img\" width=\"680\" height=\"478\" alt=\"Un hombre duerme postrado en suelo rodeado de vegetaci\u00f3n en el monte de Ceuta\" data-voc-vtm-id=\"in-text-traffic\"\/><\/p>\n<p>Un hombre duerme postrado en suelo rodeado de vegetaci\u00f3n en el monte de Ceuta.<\/p>\n<p>(N. Loizaga)<\/p>\n<p class=\"v-d-p\">Tal y como ha contado Xavi a las c\u00e1maras de Cuatro, un migrante que vive en uno de estos asentamientos, en la monta\u00f1a viven \u00ab<strong>desde 80 personas para arriba<\/strong>\u00bb. \u00abNosotros aqu\u00ed descansamos por la noche, hablamos, disfrutamos la comida&#8230;\u00bb, ha contado otro de los inmigrantes, que ha asegurado que vive en la carpa con amigos de su barrio de Marruecos: \u00abVivimos aqu\u00ed como hermanos\u00bb<\/p>\n<p class=\"v-d-p\">Otro de los inmigrantes ha explicado que se trasladaron a &#8216;las toperas&#8217; en busca de tranquilidad y seguridad por los robos que se producen con frecuencia en la playa. La raz\u00f3n por la que han acabado viviendo en este asentamiento oculto es la seguridad relativa: \u00abQueremos dormir tranquilos. <strong>No queremos ruido de la polic\u00eda, no queremos robos<\/strong>\u00bb.<\/p>\n<p class=\"v-d-p\">Los reporteros han ense\u00f1ado otros detalles de las carpas en las que duermen los marroqu\u00edes, un espacio en el que habitan diez personas y donde se observan cartones, ropa tendida, palos que usan para caminar y regletas para cargar sus tel\u00e9fonos m\u00f3viles. <\/p>\n","protected":false},"excerpt":{"rendered":"Ceuta todav\u00eda sufre las secuelas de la entrada masiva de inmigrantes que vivi\u00f3 el 30 y 31 de&hellip;\n","protected":false},"author":2,"featured_media":748240,"comment_status":"","ping_status":"","sticky":false,"template":"","format":"standard","meta":{"footnotes":""},"categories":[91],"tags":[77745,132885,4486,3455,146,147,25,24,260,12929,11672,46526,5329,94419,7171,57,23,938,22117],"class_list":["post-748239","post","type-post","status-publish","format-standard","has-post-thumbnail","category-entretenimiento","tag-agujeros","tag-autenticos","tag-ceuta","tag-dentro","tag-entertainment","tag-entretenimiento","tag-es","tag-espana","tag-gente","tag-iker","tag-jimenez","tag-marroquies","tag-montana","tag-perseguida","tag-pueden","tag-sobre","tag-spain","tag-visita","tag-viviendo"],"share_on_mastodon":{"url":"https:\/\/pubeurope.com\/@es\/117215139228502807","error":""},"_links":{"self":[{"href":"https:\/\/www.europesays.com\/es\/wp-json\/wp\/v2\/posts\/748239","targetHints":{"allow":["GET"]}}],"collection":[{"href":"https:\/\/www.europesays.com\/es\/wp-json\/wp\/v2\/posts"}],"about":[{"href":"https:\/\/www.europesays.com\/es\/wp-json\/wp\/v2\/types\/post"}],"author":[{"embeddable":true,"href":"https:\/\/www.europesays.com\/es\/wp-json\/wp\/v2\/users\/2"}],"replies":[{"embeddable":true,"href":"https:\/\/www.europesays.com\/es\/wp-json\/wp\/v2\/comments?post=748239"}],"version-history":[{"count":0,"href":"https:\/\/www.europesays.com\/es\/wp-json\/wp\/v2\/posts\/748239\/revisions"}],"wp:featuredmedia":[{"embeddable":true,"href":"https:\/\/www.europesays.com\/es\/wp-json\/wp\/v2\/media\/748240"}],"wp:attachment":[{"href":"https:\/\/www.europesays.com\/es\/wp-json\/wp\/v2\/media?parent=748239"}],"wp:term":[{"taxonomy":"category","embeddable":true,"href":"https:\/\/www.europesays.com\/es\/wp-json\/wp\/v2\/categories?post=748239"},{"taxonomy":"post_tag","embeddable":true,"href":"https:\/\/www.europesays.com\/es\/wp-json\/wp\/v2\/tags?post=748239"}],"curies":[{"name":"wp","href":"https:\/\/api.w.org\/{rel}","templated":true}]}}