{"id":748241,"date":"2026-09-04T22:30:22","date_gmt":"2026-09-04T22:30:22","guid":{"rendered":"https:\/\/www.europesays.com\/es\/748241\/"},"modified":"2026-09-04T22:30:22","modified_gmt":"2026-09-04T22:30:22","slug":"que-esperar-del-evento-de-apple-del-9-de-septiembre-iphone-plegable-de-mas-de-us2-000-iphone-18-pro-y-mas","status":"publish","type":"post","link":"https:\/\/www.europesays.com\/es\/748241\/","title":{"rendered":"Qu\u00e9 esperar del evento de Apple del 9 de septiembre: iPhone plegable de m\u00e1s de US$2.000, iPhone 18 Pro y m\u00e1s"},"content":{"rendered":"<p class=\"body-paragraph\">Bloomberg \u2014 Apple Inc. (<a href=\"https:\/\/www.bloomberglinea.com\/quote\/AAPL:UN\/\" target=\"_self\" title=\"https:\/\/www.bloomberglinea.com\/quote\/AAPL:UN\/\" rel=\"nofollow noopener\">AAPL<\/a>) dedic\u00f3 gran parte de los \u00faltimos 15 a\u00f1os a perfeccionar sus l\u00edneas de productos existentes y a lanzar servicios con el fin de generar m\u00e1s ingresos recurrentes. Han surgido algunas categor\u00edas nuevas de dispositivos, como el Apple Watch y los AirPods, pero no ha habido un flujo constante de nuevos conceptos.<\/p>\n<p class=\"body-paragraph\">Ahora todo eso est\u00e1 por cambiar, a partir de la pr\u00f3xima semana, en el evento \u201cSurprise and Shine\u201d de la empresa, que tendr\u00e1 lugar el 9 de septiembre. <\/p>\n<p class=\"body-paragraph\">El nuevo CEO, John Ternus, subir\u00e1 al escenario ese d\u00eda para presentar las \u00faltimas versiones de los iPhone y los Apple Watch, aunque eso solo ser\u00e1 el principio. <\/p>\n<p class=\"default__StyledVerMasText-sc-108h6at-0 cPZEdR body-paragraph view-more-paragraph\">Ver m\u00e1s: <a href=\"https:\/\/www.bloomberglinea.com\/tecnologia\/que-dia-de-septiembre-es-el-evento-de-apple-donde-se-lanzaran-el-iphone-18-y-el-iphone-18-pro-max\/\" target=\"_self\" title=\"https:\/\/www.bloomberglinea.com\/tecnologia\/que-dia-de-septiembre-es-el-evento-de-apple-donde-se-lanzaran-el-iphone-18-y-el-iphone-18-pro-max\/\" rel=\"nofollow noopener\">Qu\u00e9 d\u00eda de septiembre es el evento de Apple donde se lanzar\u00e1n el iPhone 18 y el iPhone 18 Pro Max<\/a><\/p>\n<p><img alt=\"Este ser\u00e1 el sueldo del nuevo CEO de Apple\" title=\"Este ser\u00e1 el sueldo del nuevo CEO de Apple\" src=\"https:\/\/www.europesays.com\/es\/wp-content\/uploads\/2026\/09\/1788561020_904_ZE4ODHWWEJABRKH4TW6MROLUOA.jpg\" style=\"aspect-ratio:4000\/2666;object-fit:cover\" width=\"4000\" height=\"1776\" loading=\"lazy\" decoding=\"async\" fetchpriority=\"auto\"  class=\"w-full undefined\"\/><\/p>\n<p class=\"image-metadata\">Apple dar\u00e1 inicio a la era Ternus con su mayor gama de nuevos productos hasta la fecha.Tim Cook, antiguo CEO de Apple Inc., a la derecha, y el ahora CEO, John Ternus. Fot\u00f3grafo: David Paul Morris\/Bloomberg(Bloomberg\/David Paul Morris)<\/p>\n<p class=\"body-paragraph\">La empresa se dispone a iniciar la mayor oleada de lanzamientos de dispositivos jam\u00e1s vista en su historia, con una serie de nuevos dise\u00f1os y categor\u00edas de productos totalmente nuevas en 2026, 2027 y m\u00e1s all\u00e1.<\/p>\n<p class=\"body-paragraph\">Apple ha estado trabajando en este proyecto desde hace 5 a\u00f1os, y Ternus ha anunciado planes para una nueva era de innovaci\u00f3n. <\/p>\n<p class=\"body-paragraph\">\u201cEstoy muy ilusionado con todo lo que tenemos preparado. La semana que viene realizaremos un gran lanzamiento que va a ser espectacular\u201d, escribi\u00f3 a los empleados este martes. \u201cMe encuentro igual de ilusionado con lo que vendr\u00e1 despu\u00e9s, incluidos los incre\u00edbles productos que ya est\u00e1n en desarrollo y aquellos que todav\u00eda ni siquiera hemos imaginado\u201d.<\/p>\n<p class=\"body-paragraph\">Si bien Tim Cook era el CEO de Apple cuando se concibieron y desarrollaron todos estos productos, estos son, en gran parte, obra del equipo de Ternus dentro de la empresa. <\/p>\n<p class=\"body-paragraph\">Al tomar Cook la decisi\u00f3n de permitir que Ternus los presentara, dej\u00f3 claro cu\u00e1l ser\u00eda la siguiente etapa de Apple. Por eso se fij\u00f3 el cambio de CEO para el 1 de septiembre, lo que situ\u00f3 a Ternus al mando apenas unos d\u00edas antes del evento en el que presentar\u00eda el trabajo que hab\u00eda supervisado.<\/p>\n<p class=\"body-paragraph\">A continuaci\u00f3n se presentan los innumerables productos que Apple est\u00e1 desarrollando para los pr\u00f3ximos a\u00f1os. (Por supuesto, los planes y plazos de la empresa seguir\u00e1n siendo flexibles en muchos casos, y es posible que ciertos dispositivos se retrasen o se descarten por completo.) Un portavoz de Apple, con sede en Cupertino, California, se neg\u00f3 a hacer comentarios. <\/p>\n<p><img alt=\"El primer smartphone plegable de Apple se parecer\u00e1 al Z Fold( de Samsung. Fot\u00f3grafo: Chris Ratcliffe\/Bloomberg\" title=\"El primer smartphone plegable de Apple se parecer\u00e1 al Z Fold( de Samsung. Fot\u00f3grafo: Chris Ratcliffe\/Bloomberg\" src=\"https:\/\/www.europesays.com\/es\/wp-content\/uploads\/2026\/09\/M5LZZTWRMRDGJOBZXVCY3EPTQY.jpeg\" style=\"aspect-ratio:2000\/1334;object-fit:cover\" width=\"2000\" height=\"889\" loading=\"lazy\" decoding=\"async\" fetchpriority=\"auto\"  class=\"w-full undefined\"\/><\/p>\n<p class=\"image-metadata\">Apple dar\u00e1 inicio a la era Ternus con su mayor gama de nuevos productos hasta la fecha.El primer smartphone plegable de Apple se parecer\u00e1 al Z Fold( de Samsung. Fot\u00f3grafo: Chris Ratcliffe\/Bloomberg<\/p>\n<p>Qu\u00e9 cabe esperar el 9 de septiembre, as\u00ed como a finales de 2026 y principios de 2027:<\/p>\n<ul class=\"list__StyledUnorderedList-sc-1tao6o9-2 bhhcZc\">\n<li class=\"list__StyledListItem-sc-1tao6o9-0 eiuOBH\"><b>iPhone plegable:\u00a0<\/b>La pieza central del lanzamiento de productos de este a\u00f1o ser\u00e1 un\u00a0tel\u00e9fono inteligente plegable\u00a0que muchos en Apple denominan iPhone Ultra. Tendr\u00e1 una gran pantalla interior con una peque\u00f1a pantalla externa y ser\u00e1 aproximadamente del tama\u00f1o de un pasaporte cuando est\u00e9 plegado. Entre sus caracter\u00edsticas principales se incluyen un chip A20 Pro, m\u00f3dem C2 propio, opciones de color oscuro y claro, c\u00e1maras est\u00e1ndar y ultra gran angular (sin teleobjetivo), compatibilidad con Touch ID, multitarea con pantalla dividida, una bisagra avanzada y un pliegue mucho menos visible que en dispositivos plegables anteriores. Se espera que el precio supere los US$2.000.<\/li>\n<li class=\"list__StyledListItem-sc-1tao6o9-0 eiuOBH\"><b>iPhone 18 Pro y Pro Max:\u00a0<\/b>Los\u00a0iPhones de gama Pro\u00a0tendr\u00e1n un aspecto muy similar al de los modelos anteriores, salvo por las nuevas opciones de color azul claro y rojo oscuro. Las principales novedades son internas: procesadores A20 Pro, m\u00f3dems C2 de fabricaci\u00f3n propia, mayor duraci\u00f3n de la bater\u00eda y c\u00e1maras de vapor mejoradas para evitar el sobrecalentamiento. Tambi\u00e9n incluir\u00e1n mejoras en la c\u00e1mara, como un diafragma mec\u00e1nico para ajustar con precisi\u00f3n la iluminaci\u00f3n y el control de profundidad, al menos en el Pro Max.\u00a0<\/li>\n<\/ul>\n<p class=\"default__StyledVerMasText-sc-108h6at-0 cPZEdR body-paragraph view-more-paragraph\">Ver m\u00e1s: <a href=\"https:\/\/www.bloomberglinea.com\/negocios\/estoy-muy-ilusionado-con-todo-lo-que-nos-depara-el-futuro-nuevo-ceo-de-apple-envia-su-primer-mensaje\/\" target=\"_self\" title=\"https:\/\/www.bloomberglinea.com\/negocios\/estoy-muy-ilusionado-con-todo-lo-que-nos-depara-el-futuro-nuevo-ceo-de-apple-envia-su-primer-mensaje\/\" rel=\"nofollow noopener\">\u201cEstoy muy ilusionado con todo lo que nos depara el futuro\u201d: nuevo CEO de Apple env\u00eda su primer mensaje<\/a><\/p>\n<ul class=\"list__StyledUnorderedList-sc-1tao6o9-2 bhhcZc\">\n<li class=\"list__StyledListItem-sc-1tao6o9-0 eiuOBH\"><b>Apple Watch Serie 12 y Ultra 4:<\/b> La actualizaci\u00f3n de este a\u00f1o del Apple Watch incluir\u00e1 nuevos colores y carcasas de cer\u00e1mica en la Serie 12, as\u00ed como nuevas funciones de salud y fitness. Los componentes internos actualizados contribuir\u00e1n a potenciar la versi\u00f3n con IA del asistente Siri. Una de las novedades en fase de pruebas es un sensor de frecuencia card\u00edaca continuo que puede funcionar durante todo el d\u00eda, independientemente de si la persona est\u00e1 haciendo ejercicio o no. <\/li>\n<li class=\"list__StyledListItem-sc-1tao6o9-0 eiuOBH\"><b>AirPods 5:<\/b> Este modelo supondr\u00e1 una actualizaci\u00f3n de los AirPods de gama baja, con versiones tanto de los auriculares normales como de los que cuentan con cancelaci\u00f3n de ruido. No se trata de los AirPods con c\u00e1maras integradas para IA, cuyo lanzamiento se ha retrasado y que llegar\u00e1n el a\u00f1o que viene. <\/li>\n<li class=\"list__StyledListItem-sc-1tao6o9-0 eiuOBH\"><b>Decodificador Apple TV:<\/b> El nuevo Apple TV tiene pr\u00e1cticamente el mismo aspecto que el modelo actual, no obstante, incluye un chip m\u00e1s r\u00e1pido que agiliza la navegaci\u00f3n por el sistema operativo y permite, por primera vez, el uso de la IA de Siri. Tambi\u00e9n cuenta con un mando a distancia mejorado. <\/li>\n<li class=\"list__StyledListItem-sc-1tao6o9-0 eiuOBH\"><b>HomePod mini:<\/b> La situaci\u00f3n del HomePod mini es similar a la del Apple TV. No habr\u00e1 cambios est\u00e9ticos significativos en el altavoz inteligente, pero un procesador m\u00e1s r\u00e1pido contribuir\u00e1 a potenciar las capacidades de la IA de Siri. La empresa tambi\u00e9n ha estado probando un nuevo HomePod de tama\u00f1o est\u00e1ndar con compatibilidad con la IA de Siri, pero su lanzamiento no parece inminente. <\/li>\n<li class=\"list__StyledListItem-sc-1tao6o9-0 eiuOBH\"><b>iPad mini con pantalla OLED:<\/b> Este nuevo iPad mini supondr\u00e1 una de las mayores actualizaciones en la historia de este producto, ya que contar\u00e1 por primera vez con una pantalla OLED que deber\u00eda hacer que ver videos, jugar y realizar otras tareas resulte m\u00e1s agradable. La tecnolog\u00eda OLED, abreviatura de \u201cdiodo org\u00e1nico emisor de luz\u201d, ofrece colores m\u00e1s vivos, contrastes m\u00e1s n\u00edtidos y negros aut\u00e9nticos, ya que no necesita retroiluminaci\u00f3n. <\/li>\n<li class=\"list__StyledListItem-sc-1tao6o9-0 eiuOBH\"><b>Actualizaci\u00f3n del iMac con chip M6:<\/b> Apple est\u00e1 preparando una actualizaci\u00f3n de l iMac con el chip M6 y, posiblemente, nuevos colores para la carcasa. Ser\u00e1 la primera actualizaci\u00f3n de esta computadora de esritorio en dos a\u00f1os.<\/li>\n<li class=\"list__StyledListItem-sc-1tao6o9-0 eiuOBH\"><b>Actualizaci\u00f3n del MacBook Pro de 14\u2033 con M6:<\/b> La nueva MacBook Pro de 14\u2033tendr\u00e1 el mismo aspecto que el modelo actual, pero sustituir\u00e1 el chip M5 de gama b\u00e1sica por el chip M6 de gama b\u00e1sica. <\/li>\n<li class=\"list__StyledListItem-sc-1tao6o9-0 eiuOBH\"><b>Primeras MacBook con pantalla t\u00e1ctil y OLED: <\/b>Tras decidir finalmente, hacia 2022, que entrar\u00eda en el mercado de las port\u00e1tiles con pantalla t\u00e1ctil, Apple est\u00e1 preparando la mayor renovaci\u00f3n de la MacBook Pro en media d\u00e9cada con un modelo redise\u00f1ado que cuenta con una pantalla multit\u00e1ctil, tecnolog\u00eda OLED y el elemento \u201cDynamic Island\u201d que ya se encuentra en el iPhone. Adem\u00e1s, contar\u00e1 con una interfaz de software m\u00e1s adaptada al uso t\u00e1ctil. Este dispositivo estar\u00e1 disponible en tama\u00f1os de 14\u2033 y 16\u2033 e incluir\u00e1 los procesadores M5 Pro y M5 Max presentados en marzo. <\/li>\n<li class=\"list__StyledListItem-sc-1tao6o9-0 eiuOBH\"><b>El primer centro de control dom\u00e9stico inteligente con pantalla:<\/b> la otra gran categor\u00eda de productos nuevos de Apple que se lanzar\u00e1 en los pr\u00f3ximos meses es un centro de control dom\u00e9stico con una pantalla cuadrada de aproximadamente 7\u2033. La inteligencia artificial de Siri y las funciones de reconocimiento facial ofrecer\u00e1n contenido personalizado a la persona que mire el dispositivo. Estar\u00e1 disponible en versiones que podr\u00e1n colocarse sobre una mesita de noche o fijarse a la pared, ejecutar\u00e1 widgets, esferas de reloj y aplicaciones, y permitir\u00e1 tanto el uso de FaceTime como el control del hogar inteligente. Este producto supondr\u00e1 la mayor incursi\u00f3n de Apple hasta la fecha en el mercado del hogar inteligente. <\/li>\n<\/ul>\n<p class=\"default__StyledVerMasText-sc-108h6at-0 cPZEdR body-paragraph view-more-paragraph\">Ver m\u00e1s: <a href=\"https:\/\/www.bloomberglinea.com\/actualidad\/que-hara-ahora-tim-cook-tras-dejar-el-cargo-de-ceo-de-apple\/\" target=\"_self\" title=\"https:\/\/www.bloomberglinea.com\/actualidad\/que-hara-ahora-tim-cook-tras-dejar-el-cargo-de-ceo-de-apple\/\" rel=\"nofollow noopener\">Qu\u00e9 har\u00e1 ahora Tim Cook tras dejar el cargo de CEO de Apple<\/a><\/p>\n<p><img alt=\"El model iPhone Air de Apple. Fot\u00f3grafo: David Paul Morris\/Bloomberg\" title=\"El model iPhone Air de Apple. Fot\u00f3grafo: David Paul Morris\/Bloomberg\" src=\"https:\/\/www.europesays.com\/es\/wp-content\/uploads\/2026\/09\/W7WSXH5S4BBVDAF76HIVDYPAOM.jpeg\" style=\"aspect-ratio:2000\/1333;object-fit:cover\" width=\"2000\" height=\"888\" loading=\"lazy\" decoding=\"async\" fetchpriority=\"auto\"  class=\"w-full undefined\"\/><\/p>\n<p class=\"image-metadata\">Apple dar\u00e1 inicio a la era Ternus con su mayor gama de nuevos productos hasta la fecha.El model iPhone Air de Apple. Fot\u00f3grafo: David Paul Morris\/Bloomberg<\/p>\n<p>Esto es lo que se est\u00e1 desarrollando para 2027: <\/p>\n<ul class=\"list__StyledUnorderedList-sc-1tao6o9-2 bhhcZc\">\n<li class=\"list__StyledListItem-sc-1tao6o9-0 eiuOBH\"><b>MacBook Air con chip M6:<\/b> En cuanto a la MacBook Air de 2027, no espere que Apple reinvente la rueda. Lo m\u00e1s probable es que se incorpore el chip m\u00e1s reciente de la empresa, al igual que en las m\u00e1s recientes actualizaciones de su modelo de computadora port\u00e1til m\u00e1s popular. <\/li>\n<li class=\"list__StyledListItem-sc-1tao6o9-0 eiuOBH\"><b>MacBook Neo con A19 Pro:<\/b> Tras el \u00e9xito de la primera MacBook Neo, Apple busca mantener el impulso, incluso con el precio ahora m\u00e1s elevado de US$699. Se est\u00e1 trabajando en una nueva versi\u00f3n con un chip m\u00e1s r\u00e1pido y m\u00e1s memoria, y la empresa tambi\u00e9n tiene previsto renovar los colores del Neo de vez en cuando. <\/li>\n<li class=\"list__StyledListItem-sc-1tao6o9-0 eiuOBH\"><b>Actualizaci\u00f3n del iPad b\u00e1sico:<\/b> Tras un largo par\u00f3n y una subida de precios, la empresa est\u00e1 preparando un nuevo iPad b\u00e1sico con un chip m\u00e1s r\u00e1pido y, por fin, compatibilidad con la plataforma Apple Intelligence.<\/li>\n<li class=\"list__StyledListItem-sc-1tao6o9-0 eiuOBH\"><b>Actualizaci\u00f3n del iPad Air:<\/b> El gran cambio en el iPad Air para 2027 es el paso a una pantalla OLED, igual que la tecnolog\u00eda subyacente de los iPad Pro desde 2024 y del iPad mini de este a\u00f1o. <\/li>\n<li class=\"list__StyledListItem-sc-1tao6o9-0 eiuOBH\"><b>Actualizaci\u00f3n del iPad Pro:<\/b> La actualizaci\u00f3n del iPad Pro no ser\u00e1 tan significativa como la del iPad Air, sin emabrgo, adem\u00e1s de incorporar un nuevo chip, la empresa ha barajado la posibilidad de a\u00f1adir una c\u00e1mara de vapor. De incluirse, esto ayudar\u00e1 a mantener el rendimiento durante per\u00edodos m\u00e1s prolongados y a reducir el sobrecalentamiento.<\/li>\n<li class=\"list__StyledListItem-sc-1tao6o9-0 eiuOBH\"><b>Nuevos Pencils (l\u00e1piz): <\/b>Apple est\u00e1 trabajando en actualizaciones del Pencil Pro y del Pencil b\u00e1sico con conexi\u00f3n USB-C, vinculadas a las renovaciones de los iPad de 2027. <\/li>\n<li class=\"list__StyledListItem-sc-1tao6o9-0 eiuOBH\"><b>iPhone 18 y 18e:<\/b> El mayor cambio en este caso no radica en los propios dispositivos, sino en el calendario de lanzamientos. Por primera vez, la empresa va a dividir el lanzamiento de sus tel\u00e9fonos \u201cPro\u201d y de gama b\u00e1sica en diferentes momentos del a\u00f1o. En 2027, el iPhone 18 est\u00e1ndar se sumar\u00e1 a los modelos \u201ce\u201d de menor presupuesto que saldr\u00e1n al mercado en primavera.<\/li>\n<li class=\"list__StyledListItem-sc-1tao6o9-0 eiuOBH\"><b>iPhone Air 2:<\/b> El iPhone Air actualizado tambi\u00e9n est\u00e1 previsto para la primavera, y entre sus principales novedades se incluyen la incorporaci\u00f3n de una segunda c\u00e1mara trasera (en este caso, para fotograf\u00eda ultra gran angular), un chip m\u00e1s r\u00e1pido y mejoras en la duraci\u00f3n de la bater\u00eda. <\/li>\n<li class=\"list__StyledListItem-sc-1tao6o9-0 eiuOBH\"><b>MacBook Pro de 14\u2033 con chip M7:<\/b> Apple est\u00e1 preparando para el pr\u00f3ximo a\u00f1o una MacBook Pro de gama baja redise\u00f1ada, que incorporar\u00e1 su primer chip M7 de nivel b\u00e1sico. Usar\u00e1 algunos de los mismos elementos de dise\u00f1o que las pr\u00f3ximos MacBook de gama alta con pantalla t\u00e1ctil. <\/li>\n<li class=\"list__StyledListItem-sc-1tao6o9-0 eiuOBH\"><b>AirPods con c\u00e1maras:<\/b> La actualizaci\u00f3n de los AirPods, en la que se lleva trabajando mucho tiempo, con sensores de c\u00e1mara integrados que funcionan con la funci\u00f3n de inteligencia visual de Apple, est\u00e1 prevista para el pr\u00f3ximo a\u00f1o. Este dispositivo proporcionar\u00e1 recordatorios activados por se\u00f1ales visuales, permitir\u00e1 a los usuarios analizar el entorno que les rodea y ofrecer\u00e1 indicaciones paso a paso con contexto. Las c\u00e1maras, sin embargo, no podr\u00e1n grabar fotos ni videos. <\/li>\n<li class=\"list__StyledListItem-sc-1tao6o9-0 eiuOBH\"><b>Sensor y sistema de seguridad para el hogar:<\/b> Apple tiene previsto lanzar una c\u00e1mara de seguridad dom\u00e9stica y un dispositivo de automatizaci\u00f3n centrados en la privacidad que usar\u00e1n la IA para supervisar el entorno circundante en lugar de recurrir a grabaciones de video reales. Se integrar\u00e1 en un nuevo servicio de seguridad y supervisi\u00f3n del hogar. <\/li>\n<li class=\"list__StyledListItem-sc-1tao6o9-0 eiuOBH\"><b>Primeras gafas inteligentes:<\/b> Apple competir\u00e1 con Meta Platforms Inc. (<a href=\"https:\/\/www.bloomberglinea.com\/quote\/META:UN\/\" target=\"_self\" rel=\"nofollow noopener\" title=\"https:\/\/www.bloomberglinea.com\/quote\/META:UN\/\">META<\/a>) en el \u00e1mbito de las gafas por primera vez, lanzando un modelo sin pantallas. El dispositivo permitir\u00e1 a los usuarios escuchar m\u00fasica, gestionar llamadas telef\u00f3nicas y tomar fotograf\u00edas y grabar videos. Las c\u00e1maras, que presentar\u00e1n una forma ovalada \u00fanica, tambi\u00e9n podr\u00e1n realizar las mismas tareas de IAl que los AirPods equipados con c\u00e1mara. Las monturas estar\u00e1n disponibles en varios colores y formas. <\/li>\n<li class=\"list__StyledListItem-sc-1tao6o9-0 eiuOBH\"><b>Renovaci\u00f3n del iPhone con motivo de su 20.\u00ba aniversario:<\/b> Aparte del iPhone plegable, el modelo m\u00e1s innovador en a\u00f1os ser\u00e1 una versi\u00f3n que conmemora el 20.\u00ba aniversario del producto. Cabe esperar un cristal curvado en todas las esquinas y bordes, con marcos m\u00e1s finos. Ser\u00e1 la mayor renovaci\u00f3n de lo que ahora es la l\u00ednea iPhone Pro desde el iPhone X. <\/li>\n<li class=\"list__StyledListItem-sc-1tao6o9-0 eiuOBH\"><b>iPhone plegable de segunda generaci\u00f3n:<\/b> Un <a href=\"https:\/\/www.bloomberglinea.com\/tecnologia\/estos-son-los-posibles-precios-del-iphone-plegable-y-18-pro-que-apple-lanzara-en-septiembre\/\" target=\"_self\" rel=\"nofollow noopener\" title=\"https:\/\/www.bloomberglinea.com\/tecnologia\/estos-son-los-posibles-precios-del-iphone-plegable-y-18-pro-que-apple-lanzara-en-septiembre\/\">iPhone plegable<\/a> de segunda generaci\u00f3n con un nuevo chip ya se encuentra en una fase avanzada de pruebas para su lanzamiento un a\u00f1o despu\u00e9s del modelo inicial. Esto demuestra la confianza de Apple en esta categor\u00eda. <\/li>\n<li class=\"list__StyledListItem-sc-1tao6o9-0 eiuOBH\"><b>Relojes redise\u00f1ados:<\/b> La empresa ha vuelto a la mesa de dise\u00f1o en lo que respecta a sus dispositivos wearables (usables) de fitness y est\u00e1 explorando varias nuevas direcciones para el Apple Watch. Entre tanto, est\u00e1 trabajando en un reloj inteligente redise\u00f1ado con la intenci\u00f3n de lanzarlo el 2027 o el siguiente.<\/li>\n<li class=\"list__StyledListItem-sc-1tao6o9-0 eiuOBH\"><b>MacBooks t\u00e1ctiles de gama alta con M7 Pro y M7 Max:<\/b> Apple ya est\u00e1 trabajando en las versiones de segunda generaci\u00f3n de sus MacBooks t\u00e1ctiles de gama alta con pantallas OLED. El gran cambio es la adopci\u00f3n de los pr\u00f3ximos procesadores M7 Pro y M7 Max. <\/li>\n<\/ul>\n<p class=\"default__StyledVerMasText-sc-108h6at-0 cPZEdR body-paragraph view-more-paragraph\">Ver m\u00e1s: <a href=\"https:\/\/www.bloomberglinea.com\/tecnologia\/estos-son-los-colores-de-los-nuevos-iphone-18-y-iphone-18-pro-max\/\" target=\"_self\" title=\"https:\/\/www.bloomberglinea.com\/tecnologia\/estos-son-los-colores-de-los-nuevos-iphone-18-y-iphone-18-pro-max\/\" rel=\"nofollow noopener\">Estos son los colores de los nuevos iPhone 18 y iPhone 18 Pro Max<\/a><\/p>\n<p><img alt=\"Gafas\" title=\"Gafas\" src=\"https:\/\/www.europesays.com\/es\/wp-content\/uploads\/2026\/09\/3OS2OJMOENE7PELBQQRJYJJEUY.jpg\" style=\"aspect-ratio:4000\/2666;object-fit:cover\" width=\"4000\" height=\"1776\" loading=\"lazy\" decoding=\"async\" fetchpriority=\"auto\"  class=\"w-full undefined\"\/><\/p>\n<p class=\"image-metadata\">Apple dar\u00e1 inicio a la era Ternus con su mayor gama de nuevos productos hasta la fecha.Prototipo de gafas Orion de Meta, segemento de wearables hacia donde Apple mira con intenci\u00f3n de competir. Fot\u00f3grafo: David Paul Morris\/Bloomberg(Bloomberg\/David Paul Morris)<\/p>\n<p>Esto es lo que se est\u00e1 desarrollando para 2028, 2029 y m\u00e1s all\u00e1: <\/p>\n<ul class=\"list__StyledUnorderedList-sc-1tao6o9-2 bhhcZc\">\n<li class=\"list__StyledListItem-sc-1tao6o9-0 eiuOBH\"><b>Una versi\u00f3n rob\u00f3tica para mesa del centro de control dom\u00e9stico inteligente:<\/b> Se basar\u00e1 en el dispositivo dom\u00e9stico inteligente que se lanzar\u00e1 este a\u00f1o, ofreciendo una pantalla de aproximadamente 9 pulgadas, as\u00ed como funciones de inteligencia artificial m\u00e1s avanzadas y comunicativas. La mayor diferencia es la presencia de un brazo rob\u00f3tico que mover\u00e1 la pantalla, lo que ayudar\u00e1 a la m\u00e1quina a interactuar con las personas y a gestionar aspectos como las llamadas de FaceTime.<\/li>\n<li class=\"list__StyledListItem-sc-1tao6o9-0 eiuOBH\"><b>Mac Studio con M7 Max y M7 Ultra:<\/b> La serie de procesadores M7 de Apple se ampliar\u00e1 con un modelo Ultra m\u00e1s potente. La empresa tiene previsto lanzar un nuevo Mac Studio en 2028 que aproveche los \u00faltimos chips de gama alta. <\/li>\n<li class=\"list__StyledListItem-sc-1tao6o9-0 eiuOBH\"><b>Posible redise\u00f1o de los Apple Vision Pro:<\/b> El futuro de los dispositivos de realidad aumentada Vision Pro sigue siendo incierto, sobre todo dado que Ternus se ha mostrado esc\u00e9ptico respecto al dise\u00f1o. Sin embargo, por el momento, una versi\u00f3n renovada y m\u00e1s ligera de este dispositivo sigue figurando en la hoja de ruta de Apple para finales de 2028 o principios de 2029.<\/li>\n<li class=\"list__StyledListItem-sc-1tao6o9-0 eiuOBH\"><b>Posible colgante con c\u00e1mara para inteligencia artificial:<\/b> Como parte de su apuesta por los nuevos dispositivos wearables de IA, Apple ha estado desarrollando y probando un colgante que puede engancharse a la ropa o llevarse como collar. Este dispositivo cuenta con una c\u00e1mara y est\u00e1 dise\u00f1ado para funcionar con un iPhone y servir como \u201cojos\u201d para tareas de IA, de forma similar a lo que har\u00edan unas gafas o unos AirPods. Si finalmente sale al mercado, el colgante podr\u00eda ser una alternativa para aquellas personas que deseen disponer de estas funciones sin tener que llevar nada en la cara ni en los o\u00eddos.<\/li>\n<li class=\"list__StyledListItem-sc-1tao6o9-0 eiuOBH\"><b>Un iPhone plegable de mayor tama\u00f1o:<\/b> Apple ya tiene la mirada puesta en un iPhone plegable de tercera generaci\u00f3n para 2028, y la empresa est\u00e1 barajando una versi\u00f3n que cuente con una pantalla ligeramente m\u00e1s grande tanto en la parte frontal como en el interior (superior a las 5,5\u2033 de la pantalla frontal y las 7,8\u2033 de la pantalla interior del modelo inaugural). <\/li>\n<li class=\"list__StyledListItem-sc-1tao6o9-0 eiuOBH\"><b>Posible iPad plegable<\/b>: Incluso antes de lanzarse de lleno al desarrollo del iPhone plegable, Apple ya hab\u00eda estado creando prototipos y probando un iPad plegable que se abre hasta alcanzar una pantalla de aproximadamente 20\u2033. A nivel interno, el dispositivo se concibi\u00f3 como el futuro de la computadora port\u00e1til. En un inicio, su lanzamiento estaba previsto para 2028, pero ha tropezado con dificultades relacionadas con el precio, la fabricaci\u00f3n y la viabilidad. Esto provoc\u00f3 que se pospusiera y, posteriormente, se archivara el proyecto. Ya hemos visto a Apple retomar el desarrollo de productos anteriormente, por lo que es posible que este llegue al mercado antes de que termine la d\u00e9cada. <\/li>\n<li class=\"list__StyledListItem-sc-1tao6o9-0 eiuOBH\"><b>MacBook Air de gama alta con pantalla OLED:<\/b> El dise\u00f1o actual de la MacBook Air data de 2022, por lo que esta actualizaci\u00f3n se har\u00e1 esperar bastante tiempo. Apple est\u00e1 preparando una importante actualizaci\u00f3n del producto para 2028 o 2029 que incluye una pantalla OLED. Al igual que las MacBook OLED de gama alta que saldr\u00e1n al mercado pr\u00f3ximamente, este modelo se situar\u00e1 un nivel por encima de la l\u00ednea actual de MacBook Air. Para entonces, gran parte de las l\u00edneas de iPhone, iPad y Mac de Apple ya habr\u00e1n completado la transici\u00f3n. <\/li>\n<li class=\"list__StyledListItem-sc-1tao6o9-0 eiuOBH\"><b>iMac de gama alta con OLED<\/b>: Las pantallas OLED se encarecen a medida que aumenta el tama\u00f1o de la pantalla, lo que dificulta ofrecer esta tecnolog\u00eda en dispositivos m\u00e1s grandes. Sin embargo, para 2028 o 2029, es posible que la cadena de suministro de Apple est\u00e9 preparada para hacer frente a un iMac con OLED, tan ansiado desde hace tiempo. La \u00faltima renovaci\u00f3n importante del iMac tuvo lugar en 2021. <\/li>\n<li class=\"list__StyledListItem-sc-1tao6o9-0 eiuOBH\"><b>Gafas de realidad aumentada:<\/b> El objetivo a largo plazo de Apple siempre ha sido lanzar unas aut\u00e9nticas gafas de RA, unas gafas ligeras capaces de superponer datos sobre las im\u00e1genes del mundo real y lo \u00fanico que ha cambiado es el momento en que se producir\u00e1. Es de esperar que lleguen, como muy pronto, hacia finales de esta d\u00e9cada.<\/li>\n<\/ul>\n<p class=\"body-paragraph\">Lea m\u00e1s en Bloomberg.com<\/p>\n","protected":false},"excerpt":{"rendered":"Bloomberg \u2014 Apple Inc. (AAPL) dedic\u00f3 gran parte de los \u00faltimos 15 a\u00f1os a perfeccionar sus l\u00edneas de&hellip;\n","protected":false},"author":2,"featured_media":748242,"comment_status":"","ping_status":"","sticky":false,"template":"","format":"standard","meta":{"footnotes":""},"categories":[81],"tags":[4425,4426,119,123,124,5908,25,24,5913,2750,4441,117,121,122,23,5915,118,120,14542,4448,4449,1559,4450],"class_list":["post-748241","post","type-post","status-publish","format-standard","has-post-thumbnail","category-ciencia-y-tecnologia","tag-american","tag-americas","tag-ciencia","tag-ciencia-y-tecnologia","tag-cienciaytecnologia","tag-conference","tag-es","tag-espana","tag-forum","tag-media","tag-north-american","tag-science","tag-science-and-technology","tag-scienceandtechnology","tag-spain","tag-summit","tag-technology","tag-tecnologia","tag-u-s","tag-u-s-a","tag-united-states-of-america","tag-us","tag-usa"],"share_on_mastodon":{"url":"https:\/\/pubeurope.com\/@es\/117215142220864640","error":""},"_links":{"self":[{"href":"https:\/\/www.europesays.com\/es\/wp-json\/wp\/v2\/posts\/748241","targetHints":{"allow":["GET"]}}],"collection":[{"href":"https:\/\/www.europesays.com\/es\/wp-json\/wp\/v2\/posts"}],"about":[{"href":"https:\/\/www.europesays.com\/es\/wp-json\/wp\/v2\/types\/post"}],"author":[{"embeddable":true,"href":"https:\/\/www.europesays.com\/es\/wp-json\/wp\/v2\/users\/2"}],"replies":[{"embeddable":true,"href":"https:\/\/www.europesays.com\/es\/wp-json\/wp\/v2\/comments?post=748241"}],"version-history":[{"count":0,"href":"https:\/\/www.europesays.com\/es\/wp-json\/wp\/v2\/posts\/748241\/revisions"}],"wp:featuredmedia":[{"embeddable":true,"href":"https:\/\/www.europesays.com\/es\/wp-json\/wp\/v2\/media\/748242"}],"wp:attachment":[{"href":"https:\/\/www.europesays.com\/es\/wp-json\/wp\/v2\/media?parent=748241"}],"wp:term":[{"taxonomy":"category","embeddable":true,"href":"https:\/\/www.europesays.com\/es\/wp-json\/wp\/v2\/categories?post=748241"},{"taxonomy":"post_tag","embeddable":true,"href":"https:\/\/www.europesays.com\/es\/wp-json\/wp\/v2\/tags?post=748241"}],"curies":[{"name":"wp","href":"https:\/\/api.w.org\/{rel}","templated":true}]}}