{"id":748247,"date":"2026-09-04T22:33:11","date_gmt":"2026-09-04T22:33:11","guid":{"rendered":"https:\/\/www.europesays.com\/es\/748247\/"},"modified":"2026-09-04T22:33:11","modified_gmt":"2026-09-04T22:33:11","slug":"el-gobierno-suma-a-mexico-a-su-alianza-de-potencias-medias-para-impulsar-una-ia-alternativa-a-eeuu-y-china","status":"publish","type":"post","link":"https:\/\/www.europesays.com\/es\/748247\/","title":{"rendered":"El Gobierno suma a M\u00e9xico a su \u00abalianza de potencias medias\u00bb para impulsar una IA alternativa a EEUU y China"},"content":{"rendered":"<p class=\"article-text\">\n        Espa\u00f1a suma a M\u00e9xico a una de su principal iniciativa digital de pol\u00edtica exterior. Ambos pa\u00edses han acordado estrechar su colaboraci\u00f3n en inteligencia artificial, buscando un modelo alternativo para esta tecnolog\u00eda respecto al que proponen Washington y Pek\u00edn. \u201cQueremos que haya un gran acuerdo para una tercera v\u00eda, para que en ese gran desarrollo tecnol\u00f3gico internacional, esa carrera en la que hay gigantes como Estados Unidos y China, haya tambi\u00e9n un modelo de potencias medias, en el que Europa y Am\u00e9rica tengan mucho que decir\u201d, ha manifestado el ministro para la Transformaci\u00f3n Digital, \u00d3scar L\u00f3pez, este viernes en Ciudad de M\u00e9xico.\n    <\/p>\n<p>    <a href=\"https:\/\/www.eldiario.es\/tecnologia\/elites-silicon-valley-acatan-orden-trump-abren-ia-militar-proposito-legal_1_13192543.html\" data-mrf-recirculation=\"saber-mas\" data-dl-event=\"saber-mas\" rel=\"nofollow noopener\" target=\"_blank\"><\/p>\n<p class=\"know-more__title\">Las \u00e9lites de Silicon Valley acatan la orden de Trump y abren la IA militar a \u00abcualquier prop\u00f3sito legal\u00bb<\/p>\n<p>            <img decoding=\"async\" class=\"lazy\" loading=\"lazy\" data-src=\"https:\/\/static.eldiario.es\/clip\/d8934b3a-77e5-4f92-92f0-f906e903e6c4_16-9-aspect-ratio_default_0_x870y300.jpg\" src=\"data:image\/svg+xml,%3Csvg xmlns=\" http:=\"\" viewbox=\"0 0 880 495\" alt=\"Las \u00e9lites de Silicon Valley acatan la orden de Trump y abren la IA militar a &quot;cualquier prop\u00f3sito legal&quot;\"\/><\/p>\n<p>                        <\/a><\/p>\n<p class=\"article-text\">\n        El representante espa\u00f1ol y el director de la Agencia de Transformaci\u00f3n Digital y Telecomunicaciones de M\u00e9xico, Jos\u00e9 Antonio Pe\u00f1a Merino, han firmado un Memorando de Entendimiento (MoU) para impulsar la cooperaci\u00f3n t\u00e9cnica bilateral e incorporar formalmente al pa\u00eds norteamericano a esta red de alianzas internacionales, que ha llevado al Ejecutivo espa\u00f1ol a firmar acuerdos con Canad\u00e1 y Brasil.\n    <\/p>\n<p class=\"article-text\">\n        Actualmente, el desarrollo de la IA est\u00e1 marcado por <a href=\"https:\/\/www.eldiario.es\/tecnologia\/mangos-nuevo-club-gigantes-tecnologicos-quiere-dominar-ia_1_13309176.html\" target=\"_blank\" data-mrf-recirculation=\"links-noticia\" class=\"link\" rel=\"nofollow noopener\">el modelo de Estados Unidos<\/a>, definido por los grandes magnates de Silicon Valley y su influencia directa en las pol\u00edticas p\u00fablicas; y el de China, donde la tecnolog\u00eda se integra en <a href=\"https:\/\/www.eldiario.es\/tecnologia\/mito-sistema-credito-social-chinos-aplauden-avance-ia-occidente-teme_129_13312470.html\" target=\"_blank\" data-mrf-recirculation=\"links-noticia\" class=\"link\" rel=\"nofollow noopener\">una estructura estatal de control pol\u00edtico y vigilancia social<\/a>. Frente a esta divisi\u00f3n, la iniciativa busca coordinar a pa\u00edses no alineados en torno a un modelo \u201ccon un enfoque humanista\u201d, explica L\u00f3pez: \u201cLo que queremos es una inteligencia artificial para mejorar, no para hacer el mal\u201d.\n    <\/p>\n<p class=\"article-text\">\n        El acuerdo con el pa\u00eds norteamericano contempla 10 puntos que incluyen disposiciones en materia de ciberseguridad, desarrollo de modelos de IA compartidos, supercomputaci\u00f3n o planificaci\u00f3n sostenible de centros de datos. \u201cM\u00e9xico y Espa\u00f1a podemos y debemos ser la tercera v\u00eda digital. La v\u00eda que colabora y apuesta por los datos interoperables, los modelos abiertos y la cooperaci\u00f3n en supercomputaci\u00f3n, como ya lo hace el Barcelona Supercomputing Center con la supercomputadora Coatlicue que est\u00e1 construyendo M\u00e9xico\u201d, ha insistido el ministro espa\u00f1ol.\n    <\/p>\n<p class=\"article-text\">\n        La suma de M\u00e9xico representa el tercer hito de esta iniciativa diplom\u00e1tica tras los acuerdos sellados durante la primera mitad del a\u00f1o. En abril, Espa\u00f1a firm\u00f3 un memorando con Brasil centrado en el despliegue de cables submarinos y la creaci\u00f3n conjunta de modelos de lenguaje en espa\u00f1ol y portugu\u00e9s. En mayo, el Ejecutivo cerr\u00f3 una alianza con Canad\u00e1 orientada a la seguridad digital y la<a href=\"https:\/\/www.eldiario.es\/tecnologia\/alianza-potencias-medias-ia-acercando-espana-canada-brasil_1_13236548.html\" target=\"_blank\" data-mrf-recirculation=\"links-noticia\" class=\"link\" rel=\"nofollow noopener\"> capacitaci\u00f3n tecnol\u00f3gica de peque\u00f1as y medianas empresas<\/a>.\n    <\/p>\n<p class=\"article-text\">\n        Seg\u00fan lo expresado en anteriores ocasiones, el Gobierno tiene la vista puesta la India como el siguiente objetivo prioritario de su diplomacia digital para extender esta red fuera de los m\u00e1rgenes de la Uni\u00f3n Europea. La India est\u00e1 logrando colocarse en el escal\u00f3n inmediatamente inferior a China y EEUU en desarrollo tecnol\u00f3gico, con muchas de las empresas de las dos grandes potencias recurriendo al pa\u00eds dirigido por Narendra Modi para situar centros de ingenier\u00eda, fabricar componentes estrat\u00e9gicos y servicios t\u00e9cnicos digitales.\n    <\/p>\n<p class=\"article-text\">\n        L\u00f3pez ya expuso los motivos de esta b\u00fasqueda de socios durante el <a href=\"https:\/\/www.eldiario.es\/tecnologia\/barcelona-prende-revolucion-tiranos-digitales-no-hay-creen-desconfianza_1_13219348.html\" target=\"_blank\" data-mrf-recirculation=\"links-noticia\" class=\"link\" rel=\"nofollow noopener\">Encuentro por los Derechos Digitales celebrado en Barcelona<\/a>: \u201cHay un camino maravilloso que nosotros vamos a recorrer, que es el de las potencias medias. Es el modelo de construcci\u00f3n de una v\u00eda que va a ser confiable en el futuro\u201d. En el mismo foro, el ministro advirti\u00f3 sobre el riesgo de no crear este espacio propio: \u201cEstoy completamente convencido de que, o hacemos algo a escala internacional, m\u00e1s all\u00e1 de la Uni\u00f3n Europea, o el sur global se va a convertir en una casilla para engordar las cuentas de las tecnol\u00f3gicas megamillonarias\u201d.\n    <\/p>\n<p>    <a href=\"https:\/\/www.eldiario.es\/tecnologia\/alianza-potencias-medias-ia-acercando-espana-canada-brasil_1_13236548.html\" data-mrf-recirculation=\"saber-mas-abajo\" data-dl-event=\"saber-mas-abajo\" rel=\"nofollow noopener\" target=\"_blank\"><\/p>\n<p class=\"know-more__title\">La alianza de las \u201cpotencias medias\u201d: por qu\u00e9 la IA est\u00e1 acercando Espa\u00f1a a Canad\u00e1 o Brasil\n<\/p>\n<p>            <img decoding=\"async\" class=\"lazy\" loading=\"lazy\" data-src=\"https:\/\/static.eldiario.es\/clip\/941128d9-c102-4d4c-88be-5868b66074dc_16-9-aspect-ratio_default_0_x992y748.jpg\" src=\"data:image\/svg+xml,%3Csvg xmlns=\" http:=\"\" viewbox=\"0 0 880 495\" alt=\"La alianza de las &quot;potencias medias&quot;: por qu\u00e9 la IA est\u00e1 acercando Espa\u00f1a a Canad\u00e1 o Brasil\"\/><\/p>\n<p>                        <\/a><\/p>\n<p class=\"article-text\">\n        La visita institucional sirve como paso previo para preparar la Cumbre Iberoamericana prevista para noviembre de 2026. El plan del Ejecutivo es trasladar los consensos alcanzados con Brasil y M\u00e9xico a una propuesta de acuerdo regional que siente las bases de esta v\u00eda tecnol\u00f3gica com\u00fan entre Europa y Am\u00e9rica Latina.\n    <\/p>\n","protected":false},"excerpt":{"rendered":"Espa\u00f1a suma a M\u00e9xico a una de su principal iniciativa digital de pol\u00edtica exterior. Ambos pa\u00edses han acordado&hellip;\n","protected":false},"author":2,"featured_media":748248,"comment_status":"","ping_status":"","sticky":false,"template":"","format":"standard","meta":{"footnotes":""},"categories":[8],"tags":[5209,14388,17,18,1615,115,25,24,13,14,582,11,1636,4231,19,20,39268,1906,9,10,15,16,98986,23,4991,12,21,22],"class_list":["post-748247","post","type-post","status-publish","format-standard","has-post-thumbnail","category-espana","tag-alianza","tag-alternativa","tag-breaking-news","tag-breakingnews","tag-china","tag-eeuu","tag-es","tag-espana","tag-featured-news","tag-featurednews","tag-gobierno","tag-headlines","tag-ia","tag-impulsar","tag-latest-news","tag-latestnews","tag-medias","tag-mexico","tag-news","tag-noticias","tag-noticias-destacadas","tag-noticiasdestacadas","tag-potencias","tag-spain","tag-suma","tag-titulares","tag-ultimas-noticias","tag-ultimasnoticias"],"share_on_mastodon":{"url":"https:\/\/pubeurope.com\/@es\/117215153816711975","error":""},"_links":{"self":[{"href":"https:\/\/www.europesays.com\/es\/wp-json\/wp\/v2\/posts\/748247","targetHints":{"allow":["GET"]}}],"collection":[{"href":"https:\/\/www.europesays.com\/es\/wp-json\/wp\/v2\/posts"}],"about":[{"href":"https:\/\/www.europesays.com\/es\/wp-json\/wp\/v2\/types\/post"}],"author":[{"embeddable":true,"href":"https:\/\/www.europesays.com\/es\/wp-json\/wp\/v2\/users\/2"}],"replies":[{"embeddable":true,"href":"https:\/\/www.europesays.com\/es\/wp-json\/wp\/v2\/comments?post=748247"}],"version-history":[{"count":0,"href":"https:\/\/www.europesays.com\/es\/wp-json\/wp\/v2\/posts\/748247\/revisions"}],"wp:featuredmedia":[{"embeddable":true,"href":"https:\/\/www.europesays.com\/es\/wp-json\/wp\/v2\/media\/748248"}],"wp:attachment":[{"href":"https:\/\/www.europesays.com\/es\/wp-json\/wp\/v2\/media?parent=748247"}],"wp:term":[{"taxonomy":"category","embeddable":true,"href":"https:\/\/www.europesays.com\/es\/wp-json\/wp\/v2\/categories?post=748247"},{"taxonomy":"post_tag","embeddable":true,"href":"https:\/\/www.europesays.com\/es\/wp-json\/wp\/v2\/tags?post=748247"}],"curies":[{"name":"wp","href":"https:\/\/api.w.org\/{rel}","templated":true}]}}