{"id":748249,"date":"2026-09-04T22:34:22","date_gmt":"2026-09-04T22:34:22","guid":{"rendered":"https:\/\/www.europesays.com\/es\/748249\/"},"modified":"2026-09-04T22:34:22","modified_gmt":"2026-09-04T22:34:22","slug":"ultima-hora-de-ceuta-en-directo-ceuta-se-personara-como-acusacion-particular-en-la-causa-de-audiencia-nacional-por-la-entrada-masiva-levante-emv","status":"publish","type":"post","link":"https:\/\/www.europesays.com\/es\/748249\/","title":{"rendered":"\u00daltima hora de Ceuta, en directo | Ceuta se personar\u00e1 como acusaci\u00f3n particular en la causa de Audiencia Nacional por la entrada masiva &#8211; Levante-EMV"},"content":{"rendered":"<ol>\n<li><a href=\"https:\/\/news.google.com\/rss\/articles\/CBMiowFBVV95cUxNNVJOWmc2S0hCUkg4MkFlSDV5eVB5MUhCS1UxWXljZU5xM0loakNyRklEc29lVG9wM24xVHoxcno5TDNvZjVaaTBVdmJ2WldNTVkwcWtKVWNESENTX29vM2Jtb0NuY3lnOFNZaEoyNEFuN3Fsa1R0OEdLN0k3OVNKVk82LUxaOGNwS1pOMXdwUmxMQXZNeE5YbUlRNnZ5eWRodS1v0gGoAUFVX3lxTFA5bmx4bGtvYjlNTkpfaW00a1k3UWlnMWV5ZVpMM1NzdWVrSDFsX1NQX3JzR2syUmJwQVBCYkUwRHEyMk1qZk81aXdLY1lYSU9Cdjh4YXNIMk5qU0hOcDVGV184LTRJczFZczJvNWpCMnFwZ3kwVXdDNkZrWkVKMkotdGtZSkViSlBBd1R6d1FvZjVHaVlqVTh0Z2RQdHU1SlNQLTctYnNXMQ?oc=5\" target=\"_blank\" rel=\"nofollow noopener\">\u00daltima hora de Ceuta, en directo | Ceuta se personar\u00e1 como acusaci\u00f3n particular en la causa de Audiencia Nacional por la entrada masiva<\/a>&nbsp;&nbsp;Levante-EMV<\/li>\n<li><a href=\"https:\/\/news.google.com\/rss\/articles\/CBMi3AFBVV95cUxOT3BMRkxqTDgtNmNxMmRGZTlOekJzTGlLbmwzZWhiU2pwOTVWQ1U1ZWk3LVhTS2VxLXdKcjRRN2FRaHpZSmdOX1BIUERtQ3FUV1UwOFRUdzF6MjFGQU1KTG92TDlxc243RDFrci1TQ0tkZXBqb0xYNzNJMEdoYVVZYlR0eTcwMVZSaWFpblhjbjAxMGx3ZS16VGk1eWFHVzFCckRfMkloWFhhX2lhNlVSVWtXd2phc1E3MEdDam1weENmdDNteVh1MW5LTjliY0w0TGc3Zm84TWd2bDJ2?oc=5\" target=\"_blank\" rel=\"nofollow noopener\">La Fiscal\u00eda avala que la Audiencia Nacional inicie una investigaci\u00f3n por la crisis migratoria de Ceuta<\/a>&nbsp;&nbsp;EL PA\u00cdS<\/li>\n<li><a href=\"https:\/\/news.google.com\/rss\/articles\/CBMiekFVX3lxTE10Z1hQOTJkRElRM0ZHQll5OU4yOFZ6UEJ3eDhNNFVSX1dxOXBfS3NGN29tNzZyYWVEZ0RxcUdlSmF2VlJqVTFKcVk4ekJ0ZDk3UnBoTmE1WmRHNm1aQ2FETGR3ME9fRndTTGUzY1VaWm9fMzlzZDQwbVJ30gF6QVVfeXFMTXdtVkFKSFF3NmFVZ0h0cWwwcEtFbGZ3eU9FVEpwT0NZZDdnUF9rS29WOElNTnpnRnk1WW85NEx0Sm5CTnhsWU8taWdlMWRjV204YU92c3VrQXJac2JnQjMwcXB1T3lLeF9wWlNXME5ISklDcVFmdjFaREE?oc=5\" target=\"_blank\" rel=\"nofollow noopener\">La Fiscal\u00eda respalda que la Audiencia Nacional investigue el asalto de Ceuta, cuya \u00abdirecci\u00f3n estrat\u00e9gica se habr\u00eda desarrollado en territorio marroqu\u00ed\u00bb<\/a>&nbsp;&nbsp;El Mundo<\/li>\n<li><a href=\"https:\/\/news.google.com\/rss\/articles\/CBMixwFBVV95cUxPMndaeks2Y3otQmNpSGFqQy1PdmhhdkNPQ0ptSWRMcU1pUXJ0V0tqcVg2WVpndHFkaFVuXzZxbVYwVF94ZkpnWTNGcTJzQ3o4M2JkOC1NV0ZBRzJGYnQxN3JwZlR1TkhfUnZ0ZjdKUTVEZ0t6QTBXVks3YUs2blpUZWl5V3d5TF8wZ0pXT2FfeEtJdWYxc3N4SDNlYUc4ZGdYaWZDM3hlSGRtRDNFeTgxRFpxdWd5bUFNTjFtR2ZlNUFVX0J0anVr0gHMAUFVX3lxTE1jeGplcDRWZlM0ZUIyUjdDRGsxdXhwMUVTZGNfVkl3aTJoOWV5N0pHajlDb2t5RHdXeHAtWUk1Q3NoRHN0QThnTngxSi03bjhvZmtmcjg0OWhSMVhmMWxOM1NydDBfRWdfRExndG5pWU5vNVpMSzdRMXFxazM1NVUxNVZ2am1oR2R1aHBuN1g3c0ladzVzTnBkX0wxTGMyYzRJUzBwUklFd043N3JoMFdfbjl6ZXpHNVFtVndIOHA1bm94dmhaYl9iNklWRA?oc=5\" target=\"_blank\" rel=\"nofollow noopener\">La Fiscal\u00eda pide a la jueza Tard\u00f3n que investigue la entrada masiva de migrantes en Ceuta<\/a>&nbsp;&nbsp;La Vanguardia<\/li>\n<li><a href=\"https:\/\/news.google.com\/rss\/articles\/CBMikwFBVV95cUxNV2Uwdmc4VGEwSFRQcEZXYmdZOFMtOC1iU3d6c25vUk1tWDNQTUNyVXpwaHg2djQzSlQ5MU8xR2M1d1ZPeW84V3Mxc1pQYWRVYW5jRzJmYUhOMi1vd2RhYVE2ZXNNOWNVWnc3TWNSN3BJQkZVSzVGX1Zqc2Y3UXNzU3Mza245d2NXLVN5NDl1ZDZkMXM?oc=5\" target=\"_blank\" rel=\"nofollow noopener\">INFORMATIVO DE CEUTA 04\/09\/2026<\/a>&nbsp;&nbsp;RTVE.es<\/li>\n<\/ol>\n","protected":false},"excerpt":{"rendered":"\u00daltima hora de Ceuta, en directo | Ceuta se personar\u00e1 como acusaci\u00f3n particular en la causa de Audiencia&hellip;\n","protected":false},"author":2,"featured_media":748250,"comment_status":"","ping_status":"","sticky":false,"template":"","format":"standard","meta":{"footnotes":""},"categories":[5],"tags":[17,18,4486,2125,5089,25,24,13,14,582,11,1458,19,20,4485,44281,9,10,15,16,23,12,1885,21,22],"class_list":["post-748249","post","type-post","status-publish","format-standard","has-post-thumbnail","category-titulares","tag-breaking-news","tag-breakingnews","tag-ceuta","tag-directo","tag-entrada","tag-es","tag-espana","tag-featured-news","tag-featurednews","tag-gobierno","tag-headlines","tag-hora","tag-latest-news","tag-latestnews","tag-marruecos","tag-masiva","tag-news","tag-noticias","tag-noticias-destacadas","tag-noticiasdestacadas","tag-spain","tag-titulares","tag-ultima","tag-ultimas-noticias","tag-ultimasnoticias"],"share_on_mastodon":{"url":"https:\/\/pubeurope.com\/@es\/117215157489065808","error":""},"_links":{"self":[{"href":"https:\/\/www.europesays.com\/es\/wp-json\/wp\/v2\/posts\/748249","targetHints":{"allow":["GET"]}}],"collection":[{"href":"https:\/\/www.europesays.com\/es\/wp-json\/wp\/v2\/posts"}],"about":[{"href":"https:\/\/www.europesays.com\/es\/wp-json\/wp\/v2\/types\/post"}],"author":[{"embeddable":true,"href":"https:\/\/www.europesays.com\/es\/wp-json\/wp\/v2\/users\/2"}],"replies":[{"embeddable":true,"href":"https:\/\/www.europesays.com\/es\/wp-json\/wp\/v2\/comments?post=748249"}],"version-history":[{"count":0,"href":"https:\/\/www.europesays.com\/es\/wp-json\/wp\/v2\/posts\/748249\/revisions"}],"wp:featuredmedia":[{"embeddable":true,"href":"https:\/\/www.europesays.com\/es\/wp-json\/wp\/v2\/media\/748250"}],"wp:attachment":[{"href":"https:\/\/www.europesays.com\/es\/wp-json\/wp\/v2\/media?parent=748249"}],"wp:term":[{"taxonomy":"category","embeddable":true,"href":"https:\/\/www.europesays.com\/es\/wp-json\/wp\/v2\/categories?post=748249"},{"taxonomy":"post_tag","embeddable":true,"href":"https:\/\/www.europesays.com\/es\/wp-json\/wp\/v2\/tags?post=748249"}],"curies":[{"name":"wp","href":"https:\/\/api.w.org\/{rel}","templated":true}]}}