{"id":748251,"date":"2026-09-04T22:45:17","date_gmt":"2026-09-04T22:45:17","guid":{"rendered":"https:\/\/www.europesays.com\/es\/748251\/"},"modified":"2026-09-04T22:45:17","modified_gmt":"2026-09-04T22:45:17","slug":"iberolea-palencia-anota-su-primera-victoria-del-verano","status":"publish","type":"post","link":"https:\/\/www.europesays.com\/es\/748251\/","title":{"rendered":"Iberolea Palencia anota su primera victoria del verano"},"content":{"rendered":"<p>El Iberolea Palencia sum\u00f3 su primer triunfo en la Copa Castilla y Le\u00f3n tras imponerse al Grupo Ureta Tizona Burgos por 92-96 en la segunda jornada de la competici\u00f3n. Natxo Lezkano gui\u00f3 a los suyos en un choque repleto de alternativas que tuvo como figura indiscutible a Spencer Littleson.<\/p>\n<p>El choque arranc\u00f3 con una salida fulgurante del Iberolea Palencia, capitaneada por el acierto exterior de Littleson. El parcial de 2-7 de salida oblig\u00f3 al t\u00e9cnico del Tizona Burgos a solicitar un tiempo muerto temprano para ajustar la retaguardia. La pausa sent\u00f3 fenomenal a la escuadra burgalesa, que apret\u00f3 los dientes en defensa y se apoy\u00f3 en el rebote para recortar distancias hasta el 7-9. A partir de ah\u00ed, el intercambio de canastas deriv\u00f3 en una fase de tregua y equilibrio en el luminoso, marcando un ajustado 13-15 a menos de cuatro minutos para la conclusi\u00f3n del periodo. Sin embargo, cuando mejor asentado parec\u00eda el Tizona, Palencia asest\u00f3 un parcial letal de 0-7 que volvi\u00f3 a estirar la renta visitante hasta el 13-22. Los primeros diez minutos concluyeron con un ritmo anotador alt\u00edsimo y ventaja morada por 20-29.<\/p>\n<p>Todo cambi\u00f3 dr\u00e1sticamente en el arranque del segundo periodo. El Tizona salt\u00f3 a la cancha con una marcha m\u00e1s y endos\u00f3 un parcial de 6-1 para apretar el marcador (26-30). Ante la p\u00e9rdida de rumbo de sus jugadores, Lezkano detuvo el choque para reordenar la t\u00e1ctica, aunque la inercia burgalesa continu\u00f3 hasta ponerse a un solo punto (32-33). La insistencia del Tizona tuvo premio a 4&#8217;38\u00bb para el descanso, cuando culminaron la remontada poni\u00e9ndose por primera vez por delante gracias a un triple (35-33). Lejos de amedrentarse, el Iberolea Palencia reaccion\u00f3 de inmediato con un parcial de 3-9 para voltear la situaci\u00f3n (38-42), forzando a Denis Pombar a consumir un tiempo muerto a tres minutos del intermedio. El segundo cuarto se lo adjudic\u00f3 el Tizona, pero el descanso lleg\u00f3 con un ajustado 47-50 en el electr\u00f3nico y con Littleson coronado como m\u00e1ximo anotador del choque.<\/p>\n<p><img decoding=\"async\" loading=\"lazy\" src=\"https:\/\/www.europesays.com\/es\/wp-content\/uploads\/2026\/09\/E4F91BBB-9BA8-432D-B7E6E610BBDA2EC5.JPG\" alt=\"Los morados estrenan su casillero de triunfos de pretemporada despu\u00e9s de vencer 92-96 a Grupo Ureta Tizona Burgos en el segundo partido de la Copa Castilla y Le\u00f3n. Littleson (28 puntos), De Graaf (20) y Vrankic (17) fueron los m\u00e1s destacados\" border=\"0\"\/>Iberolea Palencia anota su primera victoria del verano &#8211; Foto: FBCyL<\/p>\n<p>Tras el paso por vestuarios, el Iberolea Palencia mantuvo el tipo ante un rival que no ces\u00f3 en su empe\u00f1o de remontar (57-60). El ecuador del tercer periodo reflejaba una ventaja m\u00ednima visitante (62-63) en medio de una batalla donde el equilibrio de fuerzas era la nota dominante. Un nuevo arre\u00f3n palentino con un parcial de 3-8 pareci\u00f3 encarrilar el choque (65-71), obligando a Pombar a detener el crono. Gerard Jofresa sali\u00f3 al rescate de los burgaleses y mantuvo a flote a su equipo a base de triplazos (68-71). Fue entonces cuando emergi\u00f3 de nuevo la figura sideral de Spencer Littleson, que enlaz\u00f3 varios aciertos desde el per\u00edmetro para apagar el incendio y firmar un 71-77 al cierre del tercer acto.<\/p>\n<p>Los \u00faltimos diez minutos mantuvieron la tensi\u00f3n en todo lo alto con un arranque vibrante (82-85). En el momento de m\u00e1xima zozobra, el Palencia tir\u00f3 de oficio y asest\u00f3 un parcial de 0-5 (90-95) a menos de dos minutos para la conclusi\u00f3n que le dio un bal\u00f3n de ox\u00edgeno definitivo, cerrando una sufrida victoria por 92-96.<\/p>\n<p><strong>Ficha t\u00e9cnica<\/strong><\/p>\n<p><strong>Grupo Ureta Tizona Burgos<\/strong><\/p>\n<p>Tate (2), Hern\u00e1ndez (8), Huelves (7), Brown (11), Czerapowic (6) -quinteto inicial- Phevadze (5), Rocak (6), Urdiain (16), Cisse (6), Echui (4) y Jofresa (21).<\/p>\n<p><strong>Iberolea Palencia<\/strong><\/p>\n<p>Littleson (28), \u00c1lvaro Mart\u00ednez (4), Naspler (6), Mu\u00f1oz (8), De Graaf (20) -quinteto inicial-Juan Luis Mart\u00ednez, Gonz\u00e1lez, Vrankic (17), Bieshaar (4), Jord\u00e1 (9) y Esteban.<\/p>\n<p><strong>\u00c1rbitros<\/strong><\/p>\n<p>Calvo Ace\u00f1a, Del Val Nu\u00f1o y P\u00e9rez Hern\u00e1ndez. Sin eliminados.<\/p>\n<p><strong>Parciales<\/strong><\/p>\n<p>20-29, 27-21 (47-50), 24-27 (71-77), 21-19 (92-96).<\/p>\n","protected":false},"excerpt":{"rendered":"El Iberolea Palencia sum\u00f3 su primer triunfo en la Copa Castilla y Le\u00f3n tras imponerse al Grupo Ureta&hellip;\n","protected":false},"author":2,"featured_media":748252,"comment_status":"","ping_status":"","sticky":false,"template":"","format":"standard","meta":{"footnotes":""},"categories":[269],"tags":[299,298,3590,29062,168,25,24,108023,23,167,1793],"class_list":["post-748251","post","type-post","status-publish","format-standard","has-post-thumbnail","category-baloncesto","tag-baloncesto","tag-basketball","tag-castilla-y-leon","tag-cb-tizona","tag-deportes","tag-es","tag-espana","tag-natxo-lezkano","tag-spain","tag-sports","tag-verano"],"share_on_mastodon":{"url":"https:\/\/pubeurope.com\/@es\/117215200867558533","error":""},"_links":{"self":[{"href":"https:\/\/www.europesays.com\/es\/wp-json\/wp\/v2\/posts\/748251","targetHints":{"allow":["GET"]}}],"collection":[{"href":"https:\/\/www.europesays.com\/es\/wp-json\/wp\/v2\/posts"}],"about":[{"href":"https:\/\/www.europesays.com\/es\/wp-json\/wp\/v2\/types\/post"}],"author":[{"embeddable":true,"href":"https:\/\/www.europesays.com\/es\/wp-json\/wp\/v2\/users\/2"}],"replies":[{"embeddable":true,"href":"https:\/\/www.europesays.com\/es\/wp-json\/wp\/v2\/comments?post=748251"}],"version-history":[{"count":0,"href":"https:\/\/www.europesays.com\/es\/wp-json\/wp\/v2\/posts\/748251\/revisions"}],"wp:featuredmedia":[{"embeddable":true,"href":"https:\/\/www.europesays.com\/es\/wp-json\/wp\/v2\/media\/748252"}],"wp:attachment":[{"href":"https:\/\/www.europesays.com\/es\/wp-json\/wp\/v2\/media?parent=748251"}],"wp:term":[{"taxonomy":"category","embeddable":true,"href":"https:\/\/www.europesays.com\/es\/wp-json\/wp\/v2\/categories?post=748251"},{"taxonomy":"post_tag","embeddable":true,"href":"https:\/\/www.europesays.com\/es\/wp-json\/wp\/v2\/tags?post=748251"}],"curies":[{"name":"wp","href":"https:\/\/api.w.org\/{rel}","templated":true}]}}