{"id":748283,"date":"2026-09-04T23:14:22","date_gmt":"2026-09-04T23:14:22","guid":{"rendered":"https:\/\/www.europesays.com\/es\/748283\/"},"modified":"2026-09-04T23:14:22","modified_gmt":"2026-09-04T23:14:22","slug":"el-hormiguero-cambia-su-mitico-baile-en-la-temporada-21-marron-adelanta-los-nuevos-pasos-al-ritmo-de-gonna-make-you-sweat","status":"publish","type":"post","link":"https:\/\/www.europesays.com\/es\/748283\/","title":{"rendered":"&#8216;El Hormiguero&#8217; cambia su m\u00edtico baile en la temporada 21: Marron adelanta los nuevos pasos al ritmo de &#8216;Gonna Make You Sweat&#8217;"},"content":{"rendered":"<p><a title=\"&#039;El Hormiguero&#039;\" href=\"https:\/\/www.larazon.es\/tags\/el-hormiguero\/\" target=\"_blank\" rel=\"nofollow noopener\">&#8216;El Hormiguero&#8217;<\/a> ya prepara <a title=\"su regreso a Antena 3\" href=\"https:\/\/www.larazon.es\/television\/netflix-suma-cinco-grandes-exitos-atresmedia-hormiguero-pasapalabra-suenos-libertad-llegan-plataforma_202609046a9aa56e2d7d3022177e7429.html\" target=\"_blank\" rel=\"nofollow noopener\">su regreso a Antena 3<\/a> con una de sus tradiciones m\u00e1s reconocibles: <strong>el baile del equipo que da comienzo a cada programa<\/strong>. De cara a la temporada 21, el espacio presentado por Pablo Motos ha decidido renovar esta particular puesta en escena con nuevos pasos y una canci\u00f3n que promete marcar el ritmo de la nueva etapa. Marron ha sido el encargado de mostrar un peque\u00f1o adelanto de esta coreograf\u00eda, que mantiene la esencia de la que los espectadores conocen, pero incorpora algunas novedades para su regreso. En esta ocasi\u00f3n, el equipo se mueve al ritmo del remix de <strong>&#8216;Gonna Make You Sweat&#8217;<\/strong>, uno de los temas m\u00e1s reconocibles de la m\u00fasica dance. El baile volver\u00e1 a convertirse as\u00ed en uno de los momentos m\u00e1s esperados al inicio de cada entrega de &#8216;El Hormiguero&#8217;, que afronta <a title=\"una nueva temporada con Pablo Motos al frente y nuevas sorpresas.\" href=\"https:\/\/www.larazon.es\/television\/programas\/hormiguero-estrena-temporada-21-15-robots-regreso-carlos-latre-grandes-invitados_202609036a9954293bfe5d1eff41c14f.html\" target=\"_blank\" rel=\"nofollow noopener\">una nueva temporada con Pablo Motos al frente y nuevas sorpresas.<\/a><\/p>\n<p>&#8216;El Hormiguero&#8217; estrena su temporada 21 con 15 robots, el regreso de Carlos Latre y grandes invitados<\/p>\n<p><strong>&#8216;El Hormiguero&#8217; vuelve a Antena 3 para afrontar su temporada 21<\/strong> con <a title=\"Pablo Motos al frente y una nueva tanda de invitados, colaboradores y novedades\" href=\"https:\/\/www.larazon.es\/television\/programas\/hormiguero-fecha-regreso-7-septiembre_202608316a95d06b4941316b1e72a18f.html\" target=\"_blank\" rel=\"nofollow noopener\">Pablo Motos al frente y una nueva tanda de invitados, colaboradores y novedades<\/a>. El programa encara el nuevo curso despu\u00e9s de cerrar la pasada temporada como <strong>el espacio de entretenimiento m\u00e1s visto de la televisi\u00f3n y l\u00edder de su franja<\/strong>, con una media del 14,5% de cuota de pantalla y cerca de 1,8 millones de espectadores. Unos datos que permiten al formato encadenar ya 12 temporadas consecutivas como l\u00edder de la noche.<\/p>\n<p class=\"isSelectedEnd\">La nueva temporada arrancar\u00e1 con una amplia representaci\u00f3n de la actualidad, la cultura y el entretenimiento. Entre los primeros invitados que se sentar\u00e1n junto a Pablo Motos estar\u00e1n <strong>Luis de la Fuente, Carlos Alsina, Rafa Latorre, Ester Exp\u00f3sito y Paula Echevarr\u00eda<\/strong>. Una lista de nombres que permitir\u00e1 al programa abordar desde la actualidad y el deporte hasta el cine y la televisi\u00f3n. Uno de los principales reclamos del nuevo curso ser\u00e1 adem\u00e1s <strong>el regreso de Carlos Latre<\/strong>. <a title=\"El humorista\" href=\"https:\/\/www.larazon.es\/television\/programas\/carlos-latre-pone-fecha-adios-mediaset_202607236a627fc24687a22bdeca3981.html\" target=\"_blank\" rel=\"nofollow noopener\">El humorista<\/a> volver\u00e1 a &#8216;El Hormiguero&#8217; con sus imitaciones y una secci\u00f3n especialmente vinculada a la actualidad, recuperando as\u00ed una de las caras conocidas del formato.<\/p>\n<ul>\n<li>Lunes: Carlos Alsina y Rafa Latorre<\/li>\n<li>Martes: Luis de la Fuente<\/li>\n<li>Mi\u00e9rcoles: Paula Echevarr\u00eda<\/li>\n<li>Jueves: Ester Exp\u00f3sito<\/li>\n<\/ul>\n<p>La tecnolog\u00eda gana protagonismo en &#8216;El Hormiguero&#8217;<\/p>\n<p class=\"isSelectedEnd\">La temporada 21 tambi\u00e9n tendr\u00e1 una importante presencia tecnol\u00f3gica. El programa incorporar\u00e1 <strong>15 robots<\/strong>, que se sumar\u00e1n a los habituales experimentos, retos y demostraciones que caracterizan al espacio de Antena 3. Entre los colaboradores que continuar\u00e1n est\u00e1 <strong>Esperansa Grasia<\/strong>, que volver\u00e1 con sus trucos para hacer m\u00e1s sencillo el d\u00eda a d\u00eda. Tambi\u00e9n regresar\u00e1 Juan Carlos Ortega con sus particulares conexiones construidas alrededor de la Inteligencia Artificial. El programa mantendr\u00e1 adem\u00e1s secciones como \u2018Cochinando\u2019, con David de Jorge; la magia de Luis Piedrahita; los objetos japoneses de El Monaguillo; los v\u00eddeos de Jorge Salvador y los contenidos de Suko sobre los riesgos de la tecnolog\u00eda. <strong>Jordi Molt\u00f3 seguir\u00e1 al frente de los &#8216;V\u00eddeos virales&#8217;<\/strong>, una secci\u00f3n que ya ha acumulado m\u00e1s de 700 millones de visualizaciones en todo el mundo. Las tertulias de actualidad volver\u00e1n a reunir a <strong>Tamara Falc\u00f3, Nuria Roca, Juan del Val, Cristina Pardo, Rub\u00e9n Am\u00f3n, Mar\u00eda Dab\u00e1n y Rosa Belmonte<\/strong>, mientras que la tertulia c\u00f3mica contar\u00e1 con Luis Piedrahita, El Monaguillo, Marron y Dani Fontecha. Y, como no pod\u00eda ser de otra manera, <strong>Trancas, Barrancas y Petancas<\/strong> tambi\u00e9n estar\u00e1n en esta nueva temporada.<\/p>\n","protected":false},"excerpt":{"rendered":"&#8216;El Hormiguero&#8217; ya prepara su regreso a Antena 3 con una de sus tradiciones m\u00e1s reconocibles: el baile&hellip;\n","protected":false},"author":2,"featured_media":748284,"comment_status":"","ping_status":"","sticky":false,"template":"","format":"standard","meta":{"footnotes":""},"categories":[171],"tags":[517,4040,5813,146,147,25,24,2662,23,807,214],"class_list":["post-748283","post","type-post","status-publish","format-standard","has-post-thumbnail","category-tv","tag-actualidad","tag-antena-3","tag-el-hormiguero","tag-entertainment","tag-entretenimiento","tag-es","tag-espana","tag-programas-de-television","tag-spain","tag-television","tag-tv"],"share_on_mastodon":{"url":"https:\/\/pubeurope.com\/@es\/117215315000084261","error":""},"_links":{"self":[{"href":"https:\/\/www.europesays.com\/es\/wp-json\/wp\/v2\/posts\/748283","targetHints":{"allow":["GET"]}}],"collection":[{"href":"https:\/\/www.europesays.com\/es\/wp-json\/wp\/v2\/posts"}],"about":[{"href":"https:\/\/www.europesays.com\/es\/wp-json\/wp\/v2\/types\/post"}],"author":[{"embeddable":true,"href":"https:\/\/www.europesays.com\/es\/wp-json\/wp\/v2\/users\/2"}],"replies":[{"embeddable":true,"href":"https:\/\/www.europesays.com\/es\/wp-json\/wp\/v2\/comments?post=748283"}],"version-history":[{"count":0,"href":"https:\/\/www.europesays.com\/es\/wp-json\/wp\/v2\/posts\/748283\/revisions"}],"wp:featuredmedia":[{"embeddable":true,"href":"https:\/\/www.europesays.com\/es\/wp-json\/wp\/v2\/media\/748284"}],"wp:attachment":[{"href":"https:\/\/www.europesays.com\/es\/wp-json\/wp\/v2\/media?parent=748283"}],"wp:term":[{"taxonomy":"category","embeddable":true,"href":"https:\/\/www.europesays.com\/es\/wp-json\/wp\/v2\/categories?post=748283"},{"taxonomy":"post_tag","embeddable":true,"href":"https:\/\/www.europesays.com\/es\/wp-json\/wp\/v2\/tags?post=748283"}],"curies":[{"name":"wp","href":"https:\/\/api.w.org\/{rel}","templated":true}]}}