{"id":748287,"date":"2026-09-04T23:16:11","date_gmt":"2026-09-04T23:16:11","guid":{"rendered":"https:\/\/www.europesays.com\/es\/748287\/"},"modified":"2026-09-04T23:16:11","modified_gmt":"2026-09-04T23:16:11","slug":"netflix-la-pelicula-espanola-ideal-para-reir-y-desconectar-este-fin-de-semana","status":"publish","type":"post","link":"https:\/\/www.europesays.com\/es\/748287\/","title":{"rendered":"Netflix: la pel\u00edcula espa\u00f1ola ideal para re\u00edr y desconectar este fin de semana"},"content":{"rendered":"<p id=\"p-1788535788065-85245\" class=\"ignore-parser\">Este fin de semana, Netflix ofrece la comedia espa\u00f1ola Amor de madre, protagonizada por Carmen Machi y Quim Guti\u00e9rrez.<\/p>\n<p id=\"p-1788535573155-81255\"> <strong><a href=\"https:\/\/www.mdzol.com\/temas\/netflix-1108.html\" target=\"_blank\" rel=\"follow nofollow noopener\">Netflix <\/a><\/strong> cuenta con un amplio cat\u00e1logo de producciones espa\u00f1olas en las que se destacan reconocidos actores y actrices del pa\u00eds europeo. Entre ellas se encuentra <strong> Amor de madre<\/strong>, una comedia estrenada en 2022 y protagonizada por Carmen Machi y Quim Guti\u00e9rrez.<\/p>\n<p id=\"p-1788535573155-68513\"> La pel\u00edcula comienza con una situaci\u00f3n inesperada: Jos\u00e9 Luis es abandonado por su prometida en el altar, quien decide escapar con su amante. A pesar del mal momento, hay algo que el joven no est\u00e1 dispuesto a perder: el viaje de luna de miel que ya tiene reservado en un hotel all inclusive de la isla Mauricio.<\/p>\n<p id=\"p-1788535573155-89705\"> Para evitar que todo el dinero gastado en el viaje se pierda, Mari Carmen, su madre, decide acompa\u00f1arlo. Lo que deb\u00eda ser una rom\u00e1ntica luna de miel para una pareja reci\u00e9n casada termina convirti\u00e9ndose en un particular viaje entre madre e hijo. La propia sinopsis oficial de la pel\u00edcula plantea una pregunta: \u00bfqu\u00e9 podr\u00eda salir mal?<\/p>\n<p id=\"p-1788535573155-644\"> Mientras Jos\u00e9 Luis intenta atravesar uno de los momentos m\u00e1s inesperados de su vida y adaptarse a un viaje que hab\u00eda imaginado completamente diferente, su madre comienza a disfrutar de unas vacaciones que terminan convirti\u00e9ndose en una de las mejores experiencias de su vida.<\/p>\n<p>\t \t El elenco de Amor de madre  <\/p>\n<p id=\"p-1788535573155-57095\">La <strong>pel\u00edcula <\/strong>cuenta con un elenco encabezado por Carmen Machi y Quim Guti\u00e9rrez, quienes interpretan a Mari Carmen y Jos\u00e9 Luis, respectivamente. El reparto tambi\u00e9n incluye a Justina Bustos, actriz argentina, adem\u00e1s de Celia Freijeiro, Andr\u00e9s Velencoso y Yolanda Ramos, entre otros.<\/p>\n<p id=\"p-1788535573155-15849\"> Con una combinaci\u00f3n de humor, situaciones inc\u00f3modas y una particular relaci\u00f3n entre madre e hijo, Amor de madre<a href=\"https:\/\/www.mdzol.com\/tendencias\/netflix-la-miniserie-espanola-perfecta-reir-este-fin-semana-n1597408\" target=\"_blank\" rel=\"follow nofollow noopener\"> propone una historia liviana para quienes buscan una comedia <\/a> que permita desconectar y pasar un buen rato durante el <strong>fin de semana<\/strong>.<\/p>\n<p> Netflix: mira el tr\u00e1iler de la pel\u00edcula  \t\t<\/p>\n","protected":false},"excerpt":{"rendered":"Este fin de semana, Netflix ofrece la comedia espa\u00f1ola Amor de madre, protagonizada por Carmen Machi y Quim&hellip;\n","protected":false},"author":2,"featured_media":748288,"comment_status":"","ping_status":"","sticky":false,"template":"","format":"standard","meta":{"footnotes":""},"categories":[169],"tags":[177,3059,146,147,25,24,132920,176,10957,175,152,106084,23],"class_list":["post-748287","post","type-post","status-publish","format-standard","has-post-thumbnail","category-cine","tag-cine","tag-comedia","tag-entertainment","tag-entretenimiento","tag-es","tag-espana","tag-espau00f1ola","tag-film","tag-fin-de-semana","tag-movies","tag-netflix","tag-pelu00edcula","tag-spain"],"share_on_mastodon":{"url":"https:\/\/pubeurope.com\/@es\/117215322833309425","error":""},"_links":{"self":[{"href":"https:\/\/www.europesays.com\/es\/wp-json\/wp\/v2\/posts\/748287","targetHints":{"allow":["GET"]}}],"collection":[{"href":"https:\/\/www.europesays.com\/es\/wp-json\/wp\/v2\/posts"}],"about":[{"href":"https:\/\/www.europesays.com\/es\/wp-json\/wp\/v2\/types\/post"}],"author":[{"embeddable":true,"href":"https:\/\/www.europesays.com\/es\/wp-json\/wp\/v2\/users\/2"}],"replies":[{"embeddable":true,"href":"https:\/\/www.europesays.com\/es\/wp-json\/wp\/v2\/comments?post=748287"}],"version-history":[{"count":0,"href":"https:\/\/www.europesays.com\/es\/wp-json\/wp\/v2\/posts\/748287\/revisions"}],"wp:featuredmedia":[{"embeddable":true,"href":"https:\/\/www.europesays.com\/es\/wp-json\/wp\/v2\/media\/748288"}],"wp:attachment":[{"href":"https:\/\/www.europesays.com\/es\/wp-json\/wp\/v2\/media?parent=748287"}],"wp:term":[{"taxonomy":"category","embeddable":true,"href":"https:\/\/www.europesays.com\/es\/wp-json\/wp\/v2\/categories?post=748287"},{"taxonomy":"post_tag","embeddable":true,"href":"https:\/\/www.europesays.com\/es\/wp-json\/wp\/v2\/tags?post=748287"}],"curies":[{"name":"wp","href":"https:\/\/api.w.org\/{rel}","templated":true}]}}