{"id":748293,"date":"2026-09-04T23:19:18","date_gmt":"2026-09-04T23:19:18","guid":{"rendered":"https:\/\/www.europesays.com\/es\/748293\/"},"modified":"2026-09-04T23:19:18","modified_gmt":"2026-09-04T23:19:18","slug":"anabel-pantoja-tajante-en-su-regreso-a-la-television-tras-todas-sus-polemicas-ahora-entiendo-mucho-a-mi-tia-cuando-se-cuestiona-a-una-madre-es-indignante","status":"publish","type":"post","link":"https:\/\/www.europesays.com\/es\/748293\/","title":{"rendered":"Anabel Pantoja, tajante en su regreso a la televisi\u00f3n tras todas sus pol\u00e9micas: \u00abAhora entiendo mucho a mi t\u00eda. Cuando se cuestiona a una madre es indignante\u00bb"},"content":{"rendered":"<p id=\"e81h5H0B2J\" data-wc=\"68\"><strong>Anabel Pantoja<\/strong> <strong>ha vuelto a sentarse en un plat\u00f3 de televisi\u00f3n<\/strong> <a class=\"hm-link ho-link\" href=\"https:\/\/www.hola.com\/actualidad\/20260903921483\/anabel-pantoja-de-viernes-entrevista\/\" rel=\"noopener nofollow\" target=\"_blank\" data-mrf-recirculation=\"article-body-link\">despu\u00e9s de atravesar unos meses especialmente dif\u00edciles<\/a>. Aunque asegura que se encuentra bien, reconoce que todav\u00eda no est\u00e1 \u00abal cien por cien\u00bb y que durante mucho tiempo tuvo miedo de dar este paso por temor a no sentirse preparada. Ahora, \u00abest\u00e1 viendo la luz\u00bb y poco a poco, comienza a recuperar a la persona que era antes.\u00a0<\/p>\n<p>Te recomendamosSeguir leyendo<br \/>\n <img src=\"https:\/\/www.europesays.com\/es\/wp-content\/uploads\/2026\/09\/5a43a568cf90-anabelpantoja.png\"   width=\"1024\" height=\"575\" loading=\"lazy\" decoding=\"async\" alt=\"Anabel Pantoja en '\u00a1De Viernes!'\" fetchpriority=\"auto\" class=\"image ho-image\"\/>\u00a9 TelecincoAnabel Pantoja en &#8216;\u00a1De Viernes!&#8217;<\/p>\n<p id=\"e2v6QVgWly\" data-wc=\"87\">\u00abMi gente lleva detr\u00e1s de m\u00ed bastante tiempo, en que necesito volver a ser yo porque <strong>hace tiempo que no soy yo<\/strong>\u00ab, ha confesado en \u00a1De Viernes! Aunque siente que no es la misma, la sobrina de Isabel Pantoja busca recuperar, en cierta medida, aquella rutina entre plat\u00f3s, eventos y redes sociales. \u00ab<strong>Tengo que seguir con mi vida<\/strong>. Lo m\u00e1s importante es que tengo que darle de comer a mi beb\u00e9, que no le falte de nada. Tengo que trabajar y es muy guay eso\u00bb, ha explicado.\u00a0<\/p>\n<p id=\"eaN_12Tl5M\" data-wc=\"75\">En este proceso de recuperaci\u00f3n, <strong>su hija Alma se ha convertido en su principal motor<\/strong>. \u00abElla <strong>me est\u00e1 salvando<\/strong> en un momento en el que igual no me apetece salir a un evento, arreglarme&#8230; Es una alegr\u00eda verle la cara\u00bb, ha reconocido. La peque\u00f1a, que est\u00e1 a punto de cumplir dos a\u00f1os, le ha devuelto una ilusi\u00f3n que en determinados momentos lleg\u00f3 a perder y es ahora quien consigue sacarla de los momentos m\u00e1s bajos.<\/p>\n<p>El ingreso de su hija<\/p>\n<p id=\"e-QOGaWrwF\" data-wc=\"137\">Anabel tambi\u00e9n se ha sincerado sobre el dif\u00edcil episodio que marc\u00f3 un antes y un despu\u00e9s en su vida: el ingreso de su hija Alma a comienzos de 2025. La peque\u00f1a estuvo 18 d\u00edas en el Hospital Universitario Materno Infantil de Gran Canaria, cuando no ten\u00eda ni siquiera dos meses. Esta situaci\u00f3n activ\u00f3 el protocolo que existe con los menores y el Tribunal Superior de Justicia de Canarias comenz\u00f3 un proceso de investigaci\u00f3n en el que la sobrina de la influencer\u00a0y su pareja, David Rodr\u00edguez, dieron su versi\u00f3n ante el juez. El pasado mes mayo, los forenses publicaron un informe en el que explican que la ni\u00f1a fue v\u00edctima de \u00ab<strong>un zarandeo violento<\/strong> que origin\u00f3 un derrame cerebral\u00bb que habr\u00eda tenido lugar cuando la menor se qued\u00f3 a solas con su padre en un centro comercial.<\/p>\n<p> <img src=\"https:\/\/www.europesays.com\/es\/wp-content\/uploads\/2026\/09\/d673e76d417d-ok.png\"   width=\"1024\" height=\"939\" loading=\"lazy\" decoding=\"async\" alt=\"Anabel Pantoja con su hija Alma en la Semana Santa\" fetchpriority=\"auto\" class=\"image ho-image\"\/>\u00a9 GTRESAnabel Pantoja con su hija Alma en la Semana Santa<\/p>\n<p id=\"eAWWR7AeJkY\" data-wc=\"107\">\u00abEl momento m\u00e1s bonito que tenemos las mujeres, no fue el m\u00e1s bonito para m\u00ed&#8230; Luego<strong>\u00a0pas\u00f3 una cosa que evidentemente no se la deseo a nadie y ah\u00ed se par\u00f3 mi vida de manera persona<\/strong>l. No ve\u00eda nada, ni la luz del d\u00eda ni la noche\u00bb, ha recordado sobre el ingreso hospitalario de Alma. Una doloroso periodo que, seg\u00fan explica, le hizo \u00abapagarse\u00bb y perder muchas cosas de s\u00ed misma. Ahora, asegura encontrarse en un mejor momento: \u00abVeo a mi ni\u00f1a y es lo que m\u00e1s me saca\u00bb. Sin embargo, asegura que todav\u00eda hay situaciones que le hacen da\u00f1o. Especialmente cuando la cuestionan por la maternidad.\u00a0<\/p>\n<p>Identificada con Isabel Pantoja<\/p>\n<p id=\"epG0LEUBi_V\" data-wc=\"59\">El se\u00f1alamiento y la cr\u00edtica constante han hecho que Anabel, m\u00e1s que nunca, empatice con Isabel Pantoja. \u00abCreo que<strong>\u00a0ahora entiendo mucho a mi t\u00eda<\/strong>, a mi madre, a mi prima Isa&#8230;<strong>\u00a0Cuando se cuestiona a una madre es lo mas indignante<\/strong> que puede sentir una persona\u00bb, ha confesado en el programa conducido por Santi Acosta y Bea Archidona.\u00a0<\/p>\n<p> <img src=\"https:\/\/www.europesays.com\/es\/wp-content\/uploads\/2026\/09\/e8c847a5b398-dlu436123087.jpg\"   width=\"1024\" height=\"681\" loading=\"lazy\" decoding=\"async\" alt=\"Isabel Pantoja y Anabel en el plat\u00f3 de 'Supervivientes' 2019\" fetchpriority=\"auto\" class=\"image ho-image\"\/>\u00a9 GTRESIsabel Pantoja y Anabel en el plat\u00f3 de &#8216;Supervivientes&#8217; 2019<\/p>\n<p id=\"eUZeU6tSulQ\" data-wc=\"60\">Pese a las opiniones y el juicio que se ha hecho en su contra, la creadora de contenido no considera que se haya equivocado como madre y asegura que lo que realmente le duele es sentirse se\u00f1alada. Esta dif\u00edcil situaci\u00f3n, adem\u00e1s, ha tenido consecuencias directas en su trabajo. \u00abVivo de mi imagen y mi vida laboral se para\u00bb, ha lamentado.\u00a0<\/p>\n<p>David Rodr\u00edguez, su gran apoyo<\/p>\n<p id=\"el4-zfAddSe\" data-wc=\"98\">En cuanto a su pareja y padre de su hija, David Rodr\u00edguez, Anabel se ha mantenido m\u00e1s discreta. \u00abSe dedica a lo suyo y no pertenece a este mundo\u00bb, ha explicado. Sin embargo, s\u00ed ha querido destacar que ha sido \u00e9l su mayor apoyo en estos meses tan convulsos. \u00abDavid <strong>est\u00e1 ah\u00ed y bastante traga<\/strong>, porque una ni\u00f1a de casi dos a\u00f1itos no me puede ayudar&#8230; me puede ayudar, pero con su alegr\u00eda\u00bb, ha expresado. \u00abTampoco puedo dejar a mi madre, a mis amigos\u00bb, ha respondido Anabel Pantoja cuando Bea Archidona le ha preguntado por sus principales pilares.\u00a0<\/p>\n<p> <img src=\"https:\/\/www.europesays.com\/es\/wp-content\/uploads\/2026\/09\/5f11f8aa5d8e-60699056618554212414021813697200165228362440n.jpg\"   width=\"768\" height=\"1024\" loading=\"lazy\" decoding=\"async\" alt=\"Anabel Pantoja y David Rodr\u00edguez con su hija\" fetchpriority=\"auto\" class=\"image ho-image\"\/>\u00a9 @anabelpantoja00Anabel Pantoja y David Rodr\u00edguez con su hija<\/p>\n<p id=\"eufKEAn49_\" data-wc=\"83\">Emocionada, Anabel ha confesado que, antes de conocer a David, nunca hab\u00eda tenido claro que quisiera ser madre. Su llegada lo cambi\u00f3 todo. \u00abEs el amor de mi vida y eso que yo no quer\u00eda ser mam\u00e1, pero lleg\u00f3 David y me dio esa cosa\u00bb, ha asegurado. Para ella, Alma es \u00abun milagro\u00bb y \u00abun regalo\u00bb que le ha dado su pareja. \u00ab<strong>Sin David no hubiese existido Alma<\/strong>.<strong>\u00a0Le debo la vida entera<\/strong>\u00ab, ha sentenciado antes de responder a los colaboradores del programa.<\/p>\n","protected":false},"excerpt":{"rendered":"Anabel Pantoja ha vuelto a sentarse en un plat\u00f3 de televisi\u00f3n despu\u00e9s de atravesar unos meses especialmente dif\u00edciles.&hellip;\n","protected":false},"author":2,"featured_media":748294,"comment_status":"","ping_status":"","sticky":false,"template":"","format":"standard","meta":{"footnotes":""},"categories":[91],"tags":[517,4476,146,147,25,24,23],"class_list":["post-748293","post","type-post","status-publish","format-standard","has-post-thumbnail","category-entretenimiento","tag-actualidad","tag-anabel-pantoja","tag-entertainment","tag-entretenimiento","tag-es","tag-espana","tag-spain"],"share_on_mastodon":{"url":"https:\/\/pubeurope.com\/@es\/117215335643970669","error":""},"_links":{"self":[{"href":"https:\/\/www.europesays.com\/es\/wp-json\/wp\/v2\/posts\/748293","targetHints":{"allow":["GET"]}}],"collection":[{"href":"https:\/\/www.europesays.com\/es\/wp-json\/wp\/v2\/posts"}],"about":[{"href":"https:\/\/www.europesays.com\/es\/wp-json\/wp\/v2\/types\/post"}],"author":[{"embeddable":true,"href":"https:\/\/www.europesays.com\/es\/wp-json\/wp\/v2\/users\/2"}],"replies":[{"embeddable":true,"href":"https:\/\/www.europesays.com\/es\/wp-json\/wp\/v2\/comments?post=748293"}],"version-history":[{"count":0,"href":"https:\/\/www.europesays.com\/es\/wp-json\/wp\/v2\/posts\/748293\/revisions"}],"wp:featuredmedia":[{"embeddable":true,"href":"https:\/\/www.europesays.com\/es\/wp-json\/wp\/v2\/media\/748294"}],"wp:attachment":[{"href":"https:\/\/www.europesays.com\/es\/wp-json\/wp\/v2\/media?parent=748293"}],"wp:term":[{"taxonomy":"category","embeddable":true,"href":"https:\/\/www.europesays.com\/es\/wp-json\/wp\/v2\/categories?post=748293"},{"taxonomy":"post_tag","embeddable":true,"href":"https:\/\/www.europesays.com\/es\/wp-json\/wp\/v2\/tags?post=748293"}],"curies":[{"name":"wp","href":"https:\/\/api.w.org\/{rel}","templated":true}]}}