{"id":748301,"date":"2026-09-04T23:23:14","date_gmt":"2026-09-04T23:23:14","guid":{"rendered":"https:\/\/www.europesays.com\/es\/748301\/"},"modified":"2026-09-04T23:23:14","modified_gmt":"2026-09-04T23:23:14","slug":"mompo-carga-contra-diana-morant-y-la-acusa-de-ser-la-lameculos-de-sanchez","status":"publish","type":"post","link":"https:\/\/www.europesays.com\/es\/748301\/","title":{"rendered":"Momp\u00f3 carga contra Diana Morant y la acusa de ser la \u00ablameculos de S\u00e1nchez\u00bb"},"content":{"rendered":"<p class=\"L6-news-detail__text\">El presidente de la Diputaci\u00f3n de Valencia y l\u00edder del PP en esta provincia, <b>Vicente Momp\u00f3, ha calificado a la secretaria general del PSPV y ministra de Ciencia, Innovaci\u00f3n y Universidades, Diana Morant, de \u00ablameculos\u00bb del presidente del Gobierno, Pedro S\u00e1nchez<\/b>, y le ha espetado: \u00ab<b>No vales para nada, as\u00ed de claro<\/b>\u00ab.<\/p>\n<p class=\"L6-news-detail__text\">La pol\u00e9mica ha surgido a ra\u00edz de un mensaje de Momp\u00f3 en su cuenta de &#8216;X&#8217; publicado este viernes, en respuesta a un tuit de Morant del d\u00eda anterior que reaccionaba a una informaci\u00f3n period\u00edstica sobre el informe de la Jefatura de Recursos Humanos de la Diputaci\u00f3n trasladado a la jueza de Catarroja que instruye la gesti\u00f3n de la DANA.<\/p>\n<p class=\"L6-news-detail__text\">El juzgado solicitaba informaci\u00f3n sobre si en la lista de difusi\u00f3n a la que se envi\u00f3 el correo por el que se acordaba la suspensi\u00f3n de la actividad de los centros dependientes de la corporaci\u00f3n provincial y el cierre, a partir de las 14:00 del d\u00eda de la DANA, estaban incluidos todos los diputados y sus asesores y para que informara de las suspensiones de cursos de formaci\u00f3n. Recursos Humanos de la Diputaci\u00f3n confirm\u00f3 que el listado inclu\u00eda a los diputados y diputadas, asesores, presidente y vicepresidenta.<\/p>\n<p class=\"L6-news-detail__text\">En su mensaje de X publicado el jueves, Morant se\u00f1alaba y criticaba: \u00ab<b>As\u00ed de claro: la Diputaci\u00f3n de Valencia avis\u00f3 a sus trabajadores y suspendi\u00f3 actividades por la DANA. Su presidente, que estaba en el Cecopi, lo sab\u00eda. Momp\u00f3 conoc\u00eda las medidas preventivas, pero decidi\u00f3 avisar solo a su entorno. Al resto de valencianos, no<\/b>\u00ab.<\/p>\n<p class=\"L6-news-detail__text\">Momp\u00f3 ha respondido este viernes al tuit de la l\u00edder del PSPV: \u00abLos valencianos de cordura intent\u00e1bamos ayudar. En cambio, t\u00fa apareciste dos d\u00edas despu\u00e9s en el helic\u00f3ptero Pedro S\u00e1nchez, el de &#8216;Si quieren m\u00e1s recursos, que los pidan&#8217;. Todo el mundo sabe que, en las tragedias que hemos sufrido, te ha preocupado mucho m\u00e1s d\u00f3nde est\u00e1n las c\u00e1maras que las personas afectadas\u00bb. Seguidamente, recrimina a Morant: \u00abDiana, siempre ser\u00e1s la hija de Zapatero, la lameculos de S\u00e1nchez. No vales para nada, as\u00ed de claro\u00bb.<\/p>\n<p>El PSOE exige a Feij\u00f3o que desautorice a Momp\u00f3 por su \u00abmachismo rancio\u00bb<\/p>\n<p class=\"L6-news-detail__text\"><b>La secretaria de Organizaci\u00f3n del PSOE, Rebeca Torr\u00f3, ha exigido al l\u00edder del PP, Alberto N\u00fa\u00f1ez Feij\u00f3o, que \u00abdesautorice\u00bb y reclame \u00abdisculpas inmediatas\u00bb al presidente de la Diputaci\u00f3n de Valencia<\/b>, Vicente Momp\u00f3, por tildar de \u00ablameculos\u00bb de Pedro S\u00e1nchez a la ministra de Ciencia y secretaria general de los socialistas valencianos, Diana Morant.<\/p>\n<p class=\"L6-news-detail__text\">La pol\u00e9mica ha surgido a ra\u00edz de un mensaje de Momp\u00f3 en su cuenta de &#8216;X&#8217; publicado este viernes, en respuesta a un &#8216;tuit&#8217; de Morant del d\u00eda anterior que reaccionaba a una informaci\u00f3n period\u00edstica sobre el informe de la Jefatura de Recursos Humanos de la Diputaci\u00f3n trasladado a la jueza de Catarroja que instruye la gesti\u00f3n de la dana.<\/p>\n<p class=\"L6-news-detail__text\">Tambi\u00e9n en redes sociales, <b>Torr\u00f3 ha reclamado a Feij\u00f3o que \u00abdebe exigir a Momp\u00f3 disculpas inmediatas y desautorizar sus palabras\u00bb<\/b>. \u00abBasta ya de insultos y de este machismo rancio. \u00bfPara cu\u00e1ndo un PP que no insulte ni convierta la pol\u00edtica en un lodazal?\u00bb, ha escrito en &#8216;X&#8217;.<\/p>\n<p class=\"L6-news-detail__text\"><b><a title=\"*A\u00f1ade laSexta como tu medio de referencia en Google y no te pierdas toda la actualidad y el mejor contenido\" href=\"https:\/\/www.google.com\/preferences\/source?q=lasexta.com\" target=\"_blank\" rel=\"nofollow noopener\">*A\u00f1ade laSexta como tu medio de referencia en Google y no te pierdas toda la actualidad y el mejor contenido<\/a><\/b><\/p>\n<p class=\"L6-support-news-video__title\">Tensi\u00f3n entre Espa\u00f1a y Marruecos<\/p>\n<p> <a href=\"https:\/\/www.lasexta.com\/noticias\/nacional\/periodista-marroqui-dice-que-ceuta-melilla-son-vestigios-colonialismo-pese-que-aparecen-lista-onu_202609046a9b32403bfe5d1eff43d9a3.html\" class=\"L6-news__link\" rel=\"nofollow noopener\" target=\"_blank\">Un periodista marroqu\u00ed dice que \u00abCeuta y Melilla son vestigios del colonialismo\u00bb pese a que no aparecen en la lista de la ONU<\/p>\n<p class=\"recirculation-video-desc\">El periodista marroqu\u00ed Menem El Amrani ha defendido en M\u00e1s Vale Tarde que la reivindicaci\u00f3n de Rabat es similar a \u00abcuando Espa\u00f1a reivindica Gibraltar\u00bb.<\/p>\n<p> <\/a><\/p>\n","protected":false},"excerpt":{"rendered":"El presidente de la Diputaci\u00f3n de Valencia y l\u00edder del PP en esta provincia, Vicente Momp\u00f3, ha calificado&hellip;\n","protected":false},"author":2,"featured_media":748302,"comment_status":"","ping_status":"","sticky":false,"template":"","format":"standard","meta":{"footnotes":""},"categories":[8],"tags":[17,18,21756,2125,25,24,13,14,11,19,20,9,10,15,110362,16,6066,1699,23,12,21,22],"class_list":["post-748301","post","type-post","status-publish","format-standard","has-post-thumbnail","category-espana","tag-breaking-news","tag-breakingnews","tag-diana-morant","tag-directo","tag-es","tag-espana","tag-featured-news","tag-featurednews","tag-headlines","tag-latest-news","tag-latestnews","tag-news","tag-noticias","tag-noticias-destacadas","tag-noticias-ultima-hora","tag-noticiasdestacadas","tag-partido-popular-pp","tag-psoe","tag-spain","tag-titulares","tag-ultimas-noticias","tag-ultimasnoticias"],"share_on_mastodon":{"url":"https:\/\/pubeurope.com\/@es\/117215350505163361","error":""},"_links":{"self":[{"href":"https:\/\/www.europesays.com\/es\/wp-json\/wp\/v2\/posts\/748301","targetHints":{"allow":["GET"]}}],"collection":[{"href":"https:\/\/www.europesays.com\/es\/wp-json\/wp\/v2\/posts"}],"about":[{"href":"https:\/\/www.europesays.com\/es\/wp-json\/wp\/v2\/types\/post"}],"author":[{"embeddable":true,"href":"https:\/\/www.europesays.com\/es\/wp-json\/wp\/v2\/users\/2"}],"replies":[{"embeddable":true,"href":"https:\/\/www.europesays.com\/es\/wp-json\/wp\/v2\/comments?post=748301"}],"version-history":[{"count":0,"href":"https:\/\/www.europesays.com\/es\/wp-json\/wp\/v2\/posts\/748301\/revisions"}],"wp:featuredmedia":[{"embeddable":true,"href":"https:\/\/www.europesays.com\/es\/wp-json\/wp\/v2\/media\/748302"}],"wp:attachment":[{"href":"https:\/\/www.europesays.com\/es\/wp-json\/wp\/v2\/media?parent=748301"}],"wp:term":[{"taxonomy":"category","embeddable":true,"href":"https:\/\/www.europesays.com\/es\/wp-json\/wp\/v2\/categories?post=748301"},{"taxonomy":"post_tag","embeddable":true,"href":"https:\/\/www.europesays.com\/es\/wp-json\/wp\/v2\/tags?post=748301"}],"curies":[{"name":"wp","href":"https:\/\/api.w.org\/{rel}","templated":true}]}}