{"id":748313,"date":"2026-09-04T23:35:20","date_gmt":"2026-09-04T23:35:20","guid":{"rendered":"https:\/\/www.europesays.com\/es\/748313\/"},"modified":"2026-09-04T23:35:20","modified_gmt":"2026-09-04T23:35:20","slug":"fundacion-cb-inaugura-espacio-casa-alba-en-badajoz-con-una-exposicion-de-goya-dali-y-picasso","status":"publish","type":"post","link":"https:\/\/www.europesays.com\/es\/748313\/","title":{"rendered":"Fundaci\u00f3n CB inaugura Espacio Casa Alba en Badajoz con una exposici\u00f3n de Goya, Dal\u00ed y Picasso"},"content":{"rendered":"<p class=\"ft-text\"><a class=\"ft-link ft-link--decoration\" href=\"https:\/\/www.lacronicabadajoz.com\/badajoz\/2026\/08\/20\/antigua-discoteca-calle-san-juan-133522519.html\" target=\"_blank\" rel=\"nofollow noopener\">Fundaci\u00f3n CB ya ha inaugurado el Espacio Casa Alba, un nuevo enclave cultural situado en la calle San Juan, 7<\/a>. <strong>Decenas de personas han abarrotado este espacio<\/strong>, que ha abierto sus puertas con una propuesta de alt\u00edsimo nivel: la exposici\u00f3n <strong>&#8216;Las Tres Tauromaquias: Arte y Tragedia&#8217;<\/strong>, una muestra que re\u00fane <strong>40 grabados de Francisco de Goya, cinco litograf\u00edas de Salvador Dal\u00ed y 28 grabados de Pablo Picasso<\/strong>. Promovida por Fundaci\u00f3n CB en colaboraci\u00f3n con la Fundaci\u00f3n Universitaria Iberoamericana (Funiber) y la Universidad Europea del Atl\u00e1ntico, la exposici\u00f3n podr\u00e1 visitarse <strong>desde este viernes hasta el pr\u00f3ximo 25 de octubre<\/strong>.<\/p>\n<p class=\"ft-text\">El acto de inauguraci\u00f3n ha contado con la participaci\u00f3n de <strong>Francisco La Moneda, presidente del Patronato de la Fundaci\u00f3n CB<\/strong>, quien ha destacado el triple impacto del nuevo espacio y su capacidad transformadora eel casco antiguo. La Moneda ha subrayado que la entidad abre un inmueble con <strong>tres v\u00e9rtices fundamentales: \u00abEl \u00e1mbito educativo, el social y el cultural\u00bb<\/strong>. Adem\u00e1s, ha recordado la trascendencia social del proyecto, indicando que <strong>\u00ablas plantas superiores van a ser destinadas a 14 apartamentos para entre 25 y 30 personas con discapacidad\u00bb<\/strong>. Sobre la muestra art\u00edstica que inaugura la sala, el presidente ha valorado la extraordinaria oportunidad de contemplar juntos a <strong>tres maestros universales<\/strong>, se\u00f1alando que <strong>\u00abes la segunda vez que se unen sus obras en una exposici\u00f3n como esta\u00bb<\/strong>.<\/p>\n<p class=\"ft-text\">El alcalde de Badajoz, <strong>Ignacio Gragera<\/strong>, ha felicitado a la fundaci\u00f3n por su firme compromiso con el patrimonio y la vida social de la ciudad. Gragera ha celebrado el rescate de un inmueble hist\u00f3rico para el uso comunitario, recordando que <strong>\u00abes un edificio que durante muchos a\u00f1os ha estado dedicado al ocio nocturno y que ahora se abre a la ciudadan\u00eda desde la cultura y el conocimiento\u00bb<\/strong>. El regidor ha expresado el reconocimiento de la ciudad a la labor que realiza la entidad en el entorno urbano, afirmando que <strong>\u00abBadajoz no ser\u00eda la misma sin la actividad continua, constante y decidida de Fundaci\u00f3n CB en su casco hist\u00f3rico\u00bb<\/strong>.<\/p>\n<p>El arte y la tauromaquia en su primera exposici\u00f3n<\/p>\n<p class=\"ft-text\">Por su parte, el diputado de Cultura de la Diputaci\u00f3n de Badajoz, <strong>Ricardo Cabezas<\/strong>, ha querido resaltar la constante presencia institucional en la revitalizaci\u00f3n del centro y la sinergia existente con Fundaci\u00f3n CB. Cabezas ha destacado el trabajo conjunto y ha indicando que <strong>\u00abla Diputaci\u00f3n de Badajoz lleva muchos a\u00f1os con presencia en el casco antiguo\u00bb<\/strong> a trav\u00e9s de sus conservatorios y museos. Respecto a la tem\u00e1tica de la exposici\u00f3n y su influencia en el arte, el diputado ha se\u00f1alado que <strong>\u00abla tauromaquia ha sido fuente de inspiraci\u00f3n para muchos creadores del \u00e1mbito de la cultura, la literatura, la m\u00fasica o el cine\u00bb<\/strong>. Asimismo, ha enfatizado el valor cualitativo de la propuesta expuesta: <strong>\u00abAqu\u00ed estamos hablando de arte, de cultura de calidad\u00bb<\/strong>.<\/p>\n<p class=\"ft-text\">En representaci\u00f3n de Funiber ha intervenido el director de la C\u00e1tedra de Estudios Iberoamericanos y de la Iberofon\u00eda, <strong>Frigdiano \u00c1lvaro Dur\u00e1ntez<\/strong>, quien ha ensalzado la relevancia hist\u00f3rica de la regi\u00f3n en la proyecci\u00f3n exterior de Espa\u00f1a. <strong>\u00abExtremadura es una tierra fundamental, la principal que ha dado la gran proyecci\u00f3n exterior hist\u00f3rica de Espa\u00f1a\u00bb<\/strong>, ha afirmado durante su discurso. Asimismo, ha reflexionado sobre el papel estrat\u00e9gico que desempe\u00f1a la provincia en la integraci\u00f3n del espacio ling\u00fc\u00edstico e ib\u00e9rico, asegurando que <strong>\u00abExtremadura y Badajoz est\u00e1n llamadas a ser la zona cero de la iberofon\u00eda\u00bb<\/strong>. A su juicio, la cultura act\u00faa como un elemento cohesivo de alcance global: <strong>\u00abLa obra cultural de una fundaci\u00f3n internacional al servicio de Espa\u00f1a y del mundo hisp\u00e1nico\u00bb<\/strong>.<\/p>\n<p class=\"ft-text\">Al acto inaugural tambi\u00e9n han asistido <strong>Jos\u00e9 Antonio Casablanca, concejal de Cultura del Ayuntamiento de Badajoz, e Iv\u00e1n Manzano, director de Fundaci\u00f3n CB<\/strong>. El Espacio Casa Alba consolida as\u00ed la propuesta estrat\u00e9gica para <strong>revitalizar el casco antiguo<\/strong>, contribuyendo a la puesta en valor del patrimonio cultural de Badajoz y a la integraci\u00f3n social.<\/p>\n","protected":false},"excerpt":{"rendered":"Fundaci\u00f3n CB ya ha inaugurado el Espacio Casa Alba, un nuevo enclave cultural situado en la calle San&hellip;\n","protected":false},"author":2,"featured_media":748314,"comment_status":"","ping_status":"","sticky":false,"template":"","format":"standard","meta":{"footnotes":""},"categories":[173],"tags":[9623,229,233,231,230,7235,385,2609,9680,232,234,146,147,25,10558,24,2003,2881,89776,3980,9193,559,23],"class_list":["post-748313","post","type-post","status-publish","format-standard","has-post-thumbnail","category-arte-y-diseno","tag-alba","tag-arte","tag-arte-y-diseno","tag-arts","tag-arts-and-design","tag-badajoz","tag-casa","tag-cb","tag-dali","tag-design","tag-diseno","tag-entertainment","tag-entretenimiento","tag-es","tag-espacio","tag-espana","tag-exposicion","tag-fundacion","tag-fundacion-cb","tag-goya","tag-inauguracion","tag-picasso","tag-spain"],"share_on_mastodon":{"url":"https:\/\/pubeurope.com\/@es\/117215397308987323","error":""},"_links":{"self":[{"href":"https:\/\/www.europesays.com\/es\/wp-json\/wp\/v2\/posts\/748313","targetHints":{"allow":["GET"]}}],"collection":[{"href":"https:\/\/www.europesays.com\/es\/wp-json\/wp\/v2\/posts"}],"about":[{"href":"https:\/\/www.europesays.com\/es\/wp-json\/wp\/v2\/types\/post"}],"author":[{"embeddable":true,"href":"https:\/\/www.europesays.com\/es\/wp-json\/wp\/v2\/users\/2"}],"replies":[{"embeddable":true,"href":"https:\/\/www.europesays.com\/es\/wp-json\/wp\/v2\/comments?post=748313"}],"version-history":[{"count":0,"href":"https:\/\/www.europesays.com\/es\/wp-json\/wp\/v2\/posts\/748313\/revisions"}],"wp:featuredmedia":[{"embeddable":true,"href":"https:\/\/www.europesays.com\/es\/wp-json\/wp\/v2\/media\/748314"}],"wp:attachment":[{"href":"https:\/\/www.europesays.com\/es\/wp-json\/wp\/v2\/media?parent=748313"}],"wp:term":[{"taxonomy":"category","embeddable":true,"href":"https:\/\/www.europesays.com\/es\/wp-json\/wp\/v2\/categories?post=748313"},{"taxonomy":"post_tag","embeddable":true,"href":"https:\/\/www.europesays.com\/es\/wp-json\/wp\/v2\/tags?post=748313"}],"curies":[{"name":"wp","href":"https:\/\/api.w.org\/{rel}","templated":true}]}}