{"id":748329,"date":"2026-09-04T23:45:19","date_gmt":"2026-09-04T23:45:19","guid":{"rendered":"https:\/\/www.europesays.com\/es\/748329\/"},"modified":"2026-09-04T23:45:19","modified_gmt":"2026-09-04T23:45:19","slug":"meloni-celebra-la-resiliencia-de-su-gobierno-y-mira-ya-a-la-reeleccion","status":"publish","type":"post","link":"https:\/\/www.europesays.com\/es\/748329\/","title":{"rendered":"Meloni celebra la resiliencia de su Gobierno y mira ya a la reelecci\u00f3n"},"content":{"rendered":"<p>Giorgia Meloni ha alcanzado este viernes los 1.413 d\u00edas al frente del Gobierno italiano, superando por primera vez el r\u00e9cord de longevidad que ostentaba Silvio Berlusconi, de 1.412 d\u00edas, entre 2001 y 2005. Con ese hito bajo el brazo, la primera ministra se  &#8230; ha propuesto ahora romper otra maldici\u00f3n hist\u00f3rica, pues ning\u00fan Gobierno italiano ha logrado hasta ahora ser reelegido en unas elecciones generales. No lo tendr\u00e1 f\u00e1cil. Aunque el consenso hacia su partido ha crecido desde que lleg\u00f3 al poder en 2022, su coalici\u00f3n pierde apoyo para ganar los pr\u00f3ximos comicios, previstos para 2027. <\/p>\n<p class=\"v-d-p\">Las encuestas publicadas este viernes, el mismo d\u00eda que ella hab\u00eda reservado para conmemorar sus logros, se\u00f1alan que incluso Forza Italia, el partido de los Berlusconi, ha sido superado por el partido de extrema derecha Futuro Nazionale del general retirado <strong>Roberto Vannacci,<\/strong> que incluye en su programa gui\u00f1os a la familia y contra el aborto junto a pol\u00edticas filorrusas y medidas de remigraci\u00f3n. <\/p>\n<p class=\"v-d-p\">Seg\u00fan la agencia demosc\u00f3pica YouTrend, el partido de extrema derecha ser\u00eda la cuarta fuerza m\u00e1s votada en Italia, con un 7,9% de los votos, por delante de Forza Italia (7,1%). El partido de Meloni, Fratelli d&#8217;Italia, se mantiene hoy en el 26,5%, mientras cuando gan\u00f3 las elecciones recibi\u00f3 el 26,06% de votos. Lo sigue el Partito Democratico (22,2%) y el Movimento 5 Stelle (12,6%). El otro socio de la coalici\u00f3n de gobierno, la Lega de Matteo Salvini, est\u00e1 en el 4,4%, la mitad de los votos que recibi\u00f3 en 2022.<\/p>\n<ul class=\"v-cmp-rld__u\">\n<li class=\"v-cmp-rld__l\">\n<p><a class=\"v-a-lnk\" href=\"http:\/\/www.abc.es\/internacional\/meloni-rompe-record-longevidad-italia-acostumbrada-crisis-20260830012123-nt.html#vtm_modulosEngag=noticiasrelacionadas-cmp-uno:internacional:noticia:1\" data-voc-vtm-id=\"in-text-traffic\" rel=\"nofollow noopener\" target=\"_blank\"><br \/>\n<img decoding=\"async\" loading=\"lazy\" src=\"https:\/\/www.europesays.com\/es\/wp-content\/uploads\/2026\/09\/1472493099-k0SC-U50642232472uMK-366x256@diario_abc.jpg\" class=\"v-a-img\" width=\"258\" height=\"180\" alt=\"Meloni rompe el r\u00e9cord de longevidad en una Italia acostumbrada a las crisis\"\/><br \/>\n<\/a><\/p>\n<\/li>\n<\/ul>\n<p class=\"v-d-p\">La actual coalici\u00f3n de gobierno suma el 38,9% de las preferencias, 1,1 puntos menos que hace un mes y cinco menos de cuando gan\u00f3 las elecciones en 2022. Actualmente perder\u00eda las elecciones en el caso de que la izquierda italiana siga adelante con su proyecto de presentarse en bloque. En ese caso, la oposici\u00f3n tendr\u00eda el 40,6% de las preferencias, aunque se trata de partidos muy diferentes y no lo tendr\u00e1n f\u00e1cil para ponerse de acuerdo y elegir un l\u00edder que unifique sensibilidades tan diversas. Ser\u00e1n claves los indecisos y los no votantes, que actualmente son el 33,6% de los electores italianos.<\/p>\n<p>\nDeclive en las encuestas\n<\/p>\n<p class=\"v-d-p\">YouTrend tambi\u00e9n asegura que el 53% de los italianos considera que bajo la batuta de Giorgia Meloni, Italia ha ido por el camino equivocado, mientras que el 31% opina que ha ido por el camino correcto. La derrota en el <a href=\"https:\/\/www.abc.es\/internacional\/italia-transforma-referendum-sobre-justicia-voto-sobre-20260321155545-nt.html\" target=\"_self\" data-voc-vtm-id=\"in-text-traffic\" data-mrf-link=\"www.abc.es\" rel=\"nofollow noopener\">refer\u00e9ndum de marzo sobre la Justicia<\/a>, el aumento del precio de la gasolina y los insultos de Trump despu\u00e9s de que ella presumiera de mantener una relaci\u00f3n especial le est\u00e1n pasando factura.<\/p>\n<p class=\"v-d-p\">Pero ante este panorama, Giorgia Meloni ha mostrado este viernes que quiere jugarse bien sus cartas. En primer lugar, mantiene la discreci\u00f3n sobre cu\u00e1ndo pretende presentar su dimisi\u00f3n para que el presidente convoque nuevas elecciones. La disyuntiva que se plantea es si esperar a que se desgaste el partido del general Vannacci para que sus socios de gobierno recuperen el terreno perdido, o adelantarlas antes de que empeore la situaci\u00f3n. No tiene demasiado tiempo para decidir. La primera fecha \u00fatil para ir a votar es a finales de abril y la \u00faltima en octubre. <\/p>\n<p class=\"v-d-p\">Con la vista puesta ya en esas elecciones, este viernes Meloni ha reivindicado como un \u00e9xito la estabilidad de su gobierno y ha adelantado el tono y las propuestas que va a plantear para continuar su proyecto. Lo ha hecho tanto en redes sociales como en un mitin multitudinario en el puerto de Bari, en Apulia.<\/p>\n<p class=\"v-d-p\">\u00abEn estos a\u00f1os hemos trabajado para aumentar el empleo, reducir el desempleo, apoyar a familias y empresas, reforzar la seguridad, gestionar las cuentas p\u00fablicas con seriedad y devolver a Italia peso y credibilidad en la escena internacional. Los resultados est\u00e1n ah\u00ed, pero sabemos bien cu\u00e1ntas cosas quedan a\u00fan por hacer\u00bb, ha reivindicado a primera hora del viernes.<\/p>\n<blockquote class=\"twitter-tweet\" data-width=\"550\">\n<p lang=\"it\" dir=\"ltr\">Oggi il nostro Governo diventa il pi\u00f9 longevo della storia della Repubblica italiana.<\/p>\n<p>\u00c8 un dato che accolgo con gratitudine e con un forte senso di responsabilit\u00e0. Perch\u00e9 la stabilit\u00e0 non \u00e8 un record da esibire, ma la condizione che consente a una Nazione di programmare,\u2026 <a href=\"https:\/\/t.co\/EpdHe35vJa\" rel=\"nofollow\">pic.twitter.com\/EpdHe35vJa<\/a><\/p>\n<p>\u2014 Giorgia Meloni (@GiorgiaMeloni) <a href=\"https:\/\/x.com\/GiorgiaMeloni\/status\/2095754798192534010?ref_src=twsrc%5Etfw\" rel=\"nofollow\">September 4, 2026<\/a><\/p><\/blockquote>\n<p class=\"v-d-p\">En Bari, ante diez mil seguidores entusiasmados, ha subido al escenario bajo las notas de &#8216;Il cielo \u00e8 sempre pi\u00f9 blu&#8217; y ha presumido de que \u00abesta estabilidad es la primera gran reforma, porque durante a\u00f1os Italia era considerada la gran enferma de Europa, quienes cambiaban de gobierno. Nos miraban y dec\u00edan: &#8216;Este cu\u00e1nto va a durar&#8217;. Hoy saben que con este interlocutor hay que tratar mucho tiempo\u00bb. <\/p>\n<p class=\"v-d-p\">Ha explicado que el m\u00e9rito de la estabilidad no debe atribuirse solo a ella sino a que la coalici\u00f3n de gobierno est\u00e1 \u00abunida\u00bb y comparte \u00abuna visi\u00f3n com\u00fan\u00bb. Reivindica que \u00e9sta \u00abha elegido permanecer junta, no contra alguien sino para realizar un proyecto para Italia\u00bb. \u00abNo creo que sea casualidad que, desde hoy, los tres gobiernos m\u00e1s longevos de la historia republicana sean todos gobiernos de centroderecha. La estabilidad se construye cuando una alianza comparte valores, objetivos y una visi\u00f3n de la naci\u00f3n, no cuando la \u00fanica raz\u00f3n para estar juntos es impedir que otros gobiernen\u00bb, a\u00f1ade.<\/p>\n<p class=\"v-a-t\">\n\u00abNo creo que sea casualidad que, desde hoy, los tres gobiernos m\u00e1s longevos de la historia republicana sean todos gobiernos de centroderecha\u00bb\n<\/p>\n<p class=\"v-pst__p\">Giorgia Meloni<\/p>\n<p class=\"v-pst__j\">Primera ministra italiana<\/p>\n<p>\nDardo a S\u00e1nchez\n<\/p>\n<p class=\"v-d-p\">Ironizando sobre la falta de programa que presentar\u00e1 la izquierda italiana, ha asegurado que probablemente se plantean que \u00abdespu\u00e9s de lo de Ceuta, (seguir) el modelo S\u00e1nchez, quiz\u00e1 mejor, no\u00bb. \u00abQueremos ser el gobierno de quien trabaja y de quien se esfuerza; a los perezosos y listillos los dejamos para otros partidos\u00bb, ha asegurado.<\/p>\n<p class=\"v-d-p\">Haciendo balance de estos cuatro a\u00f1os, ha reconocido que \u00aba\u00fan queda mucho por hacer: los sueldos deben aumentar, la energ\u00eda es demasiado cara, la industria debe avanzar m\u00e1s r\u00e1pido, las listas de espera en hospitales deben acortarse, nuestras ciudades deben ser m\u00e1s seguras\u2026 Lo sabemos, pero prometimos que pondr\u00edamos a Italia y a los italianos por encima de todo; que proteger\u00edamos el empleo, la familia, la seguridad en las fronteras, las empresas y la identidad de esta naci\u00f3n, compromisos que hemos cumplido. Pero eso no significa que nos conformemos\u00bb.<\/p>\n<p>Felicitaciones de todo el mundo<\/p>\n<p class=\"v-d-p \">\nCon vistas al voto, la primera ministra italiana ha reducido su agenda internacional para concentrarse dentro de sus fronteras. Sin embargo, en sus redes s\u00ed que ha dedicado tiempo a mostrar sus contactos internacionales dando las gracias a los l\u00edderes mundiales que le han felicitado por haber superado el r\u00e9cord de Silvio Berlusconi. Le han enviado mensajes el primer ministro indio Narendra Modi, que la llama \u00abamiga\u00bb y para quien \u00abeste hito es un reflejo de la confianza que el pueblo italiano deposita en su liderazgo\u00bb; o la japonesa Takaichi Sanae, que recuerda que Italia y Jap\u00f3n se han convertido en \u00absocios estrat\u00e9gicos especiales\u00bb. Tambi\u00e9n Meloni ha respondido mensajes del presidente de Emiratos \u00c1rabes, Mohamed bin Zayed, del presidente de Azerbaiy\u00e1n Ilham Aliyev y, en Europa, Mark Rutte, secretario general de la OTAN, el presidente del Gobierno de la Rep\u00fablica Checa Andrej Babi\u0161, y el primer ministro belga Bart De Wever.\n<\/p>\n<p class=\"v-d-p\">Las encuestas de sus socios de gobierno no le dan buenas noticias, pero ella a\u00fan no da por perdidas las elecciones. \u00abNo me he rendido jam\u00e1s y no pretendo hacerlo ahora. A quienes nos quieren obstaculizar y apuestan por cansarnos, les digo que se pongan c\u00f3modos\u00bb. Meloni seguir\u00e1 dando batalla.<\/p>\n<p><script async src=\"https:\/\/platform.twitter.com\/widgets.js\" charset=\"utf-8\"><\/script><\/p>\n","protected":false},"excerpt":{"rendered":"Giorgia Meloni ha alcanzado este viernes los 1.413 d\u00edas al frente del Gobierno italiano, superando por primera vez&hellip;\n","protected":false},"author":2,"featured_media":748330,"comment_status":"","ping_status":"","sticky":false,"template":"","format":"standard","meta":{"footnotes":""},"categories":[42],"tags":[17,18,6951,13,14,582,11,61,62,63,64,1741,19,20,132924,1743,9,10,15,16,15600,12,21,22,65,66,67],"class_list":["post-748329","post","type-post","status-publish","format-standard","has-post-thumbnail","category-internacional","tag-breaking-news","tag-breakingnews","tag-celebra","tag-featured-news","tag-featurednews","tag-gobierno","tag-headlines","tag-internacional","tag-international","tag-international-news","tag-internationalnews","tag-italiana","tag-latest-news","tag-latestnews","tag-longevo","tag-meloni","tag-news","tag-noticias","tag-noticias-destacadas","tag-noticiasdestacadas","tag-republica","tag-titulares","tag-ultimas-noticias","tag-ultimasnoticias","tag-world","tag-world-news","tag-worldnews"],"share_on_mastodon":{"url":"https:\/\/pubeurope.com\/@es\/117215437741457291","error":""},"_links":{"self":[{"href":"https:\/\/www.europesays.com\/es\/wp-json\/wp\/v2\/posts\/748329","targetHints":{"allow":["GET"]}}],"collection":[{"href":"https:\/\/www.europesays.com\/es\/wp-json\/wp\/v2\/posts"}],"about":[{"href":"https:\/\/www.europesays.com\/es\/wp-json\/wp\/v2\/types\/post"}],"author":[{"embeddable":true,"href":"https:\/\/www.europesays.com\/es\/wp-json\/wp\/v2\/users\/2"}],"replies":[{"embeddable":true,"href":"https:\/\/www.europesays.com\/es\/wp-json\/wp\/v2\/comments?post=748329"}],"version-history":[{"count":0,"href":"https:\/\/www.europesays.com\/es\/wp-json\/wp\/v2\/posts\/748329\/revisions"}],"wp:featuredmedia":[{"embeddable":true,"href":"https:\/\/www.europesays.com\/es\/wp-json\/wp\/v2\/media\/748330"}],"wp:attachment":[{"href":"https:\/\/www.europesays.com\/es\/wp-json\/wp\/v2\/media?parent=748329"}],"wp:term":[{"taxonomy":"category","embeddable":true,"href":"https:\/\/www.europesays.com\/es\/wp-json\/wp\/v2\/categories?post=748329"},{"taxonomy":"post_tag","embeddable":true,"href":"https:\/\/www.europesays.com\/es\/wp-json\/wp\/v2\/tags?post=748329"}],"curies":[{"name":"wp","href":"https:\/\/api.w.org\/{rel}","templated":true}]}}