{"id":748331,"date":"2026-09-04T23:46:12","date_gmt":"2026-09-04T23:46:12","guid":{"rendered":"https:\/\/www.europesays.com\/es\/748331\/"},"modified":"2026-09-04T23:46:12","modified_gmt":"2026-09-04T23:46:12","slug":"pablo-iglesias-sobre-el-asalto-a-ceuta-es-imposible-que-no-tuviera-el-consentimiento-de-marruecos","status":"publish","type":"post","link":"https:\/\/www.europesays.com\/es\/748331\/","title":{"rendered":"Pablo Iglesias, sobre el asalto a Ceuta: \u00abEs imposible que no tuviera el consentimiento de Marruecos\u00bb"},"content":{"rendered":"<p>Pablo Iglesias ha apuntado indirectamente a Marruecos por <a title=\" la entrada masiva de inmigrantes en Ceuta\" href=\"https:\/\/www.larazon.es\/espana\/marruecos-marlaska-estos-son-culpables-sanchez-crisis-migratoria-ceuta_202609036a998cab4941316b1e767ea5.html\" target=\"_blank\" rel=\"nofollow noopener\"> la entrada masiva de inmigrantes en Ceuta<\/a> y ha cuestionado la respuesta del Gobierno de Pedro S\u00e1nchez. Durante su intervenci\u00f3n en el programa Malas Lenguas, el exvicepresidente ha defendido que lo ocurrido en la ciudad aut\u00f3noma no pudo producirse sin la intervenci\u00f3n o el consentimiento de Rabat.<\/p>\n<p><b>\u00abEs evidente para cualquiera que tenga ojos en la cara, m\u00e1s all\u00e1 de los <\/b><a title=\"informes que pueda hacer la Polic\u00eda\" href=\"https:\/\/www.larazon.es\/espana\/policias-denuncian-acoso-persecucion-agentes-que-elaboraron-informes-ceuta_202609046a9a942e2d7d3022177e49f5.html\" target=\"_blank\" rel=\"nofollow noopener\">informes que pueda hacer la Polic\u00eda<\/a><b> o la Guardia Civil, que es imposible que lo que ocurri\u00f3 en Ceuta ocurriera sin el consentimiento o sin la acci\u00f3n de Marruecos\u00bb<\/b>, ha afirmado.<\/p>\n<p>Iglesias tambi\u00e9n ha criticado que el Gobierno no haya reubicado en distintos puntos de Espa\u00f1a a las \u00abpoco m\u00e1s de cinco mil personas\u00bb que permanecen en Ceuta, despu\u00e9s de que nueve de cada diez inmigrantes que entraron hayan regresado a Marruecos.<\/p>\n<p>\u00abCinco mil personas no deber\u00edan ser un problema\u00bb<\/p>\n<p>\u00abRecordemos que Espa\u00f1a pudo ubicar a 300.000 refugiados ucranianos ante el alborozo y una marea de solidaridad. Cinco mil personas en Ceuta no deber\u00edan ser un problema\u00bb, ha apuntado, a la vez que recordaba que \u00abadem\u00e1s no pueden volver los menores de edad ni los solicitantes de asilo\u00bb.<\/p>\n<p>A su juicio, mantener a los inmigrantes en la ciudad aut\u00f3noma contribuye a convertir Ceuta en el centro de la tensi\u00f3n pol\u00edtica. \u00abEso es facilitar que la derecha siga intentando hacer lo que llevan intentando hacer todo el verano, que es convertir Ceuta en un nuevo Torre Pacheco\u00bb, ha asegurado.<\/p>\n<p>Iglesias cuestiona la relaci\u00f3n de Espa\u00f1a con Marruecos<\/p>\n<p>Iglesias ha a\u00f1adido que el objetivo de Marruecos es reclamar Ceuta y Melilla y ha aseverado que Estados Unidos podr\u00eda respaldar esas aspiraciones por su alianza con Rabat: \u00abAunque no tengan el apoyo de la ONU, pueden tener perfectamente el apoyo de Estados Unidos porque no es casual la alianza de Marruecos con Israel y con Estados Unidos\u00bb.<\/p>\n<p>Por ello, ha cuestionado que Espa\u00f1a siga manteniendo buena relaci\u00f3n con Marruecos. <b>\u00abLa pol\u00edtica exterior del Gobierno de Pedro S\u00e1nchez no pueden ser solamente gestos. \u00bfTiene sentido mantener buena relaci\u00f3n con Marruecos despu\u00e9s de lo que hemos visto?\u00bb.<\/b><\/p>\n<p>Lo mismo con Estados Unidos. \u00ab\u00bfTiene sentido mantener una alianza estrat\u00e9gica a trav\u00e9s de la OTAN con Estados Unidos cuando va a terminar apoyando a Marruecos para que Ceuta y Melilla sean marroqu\u00edes? Yo creo que no\u00bb, ha subrayado.<\/p>\n<p>El exvicepresidente ha concluido su intervenci\u00f3n con una afirmaci\u00f3n rotunda: <b>\u00abYo creo que la relaci\u00f3n con Marruecos no es sensata\u00bb.<\/b><\/p>\n","protected":false},"excerpt":{"rendered":"Pablo Iglesias ha apuntado indirectamente a Marruecos por la entrada masiva de inmigrantes en Ceuta y ha cuestionado&hellip;\n","protected":false},"author":2,"featured_media":748332,"comment_status":"","ping_status":"","sticky":false,"template":"","format":"standard","meta":{"footnotes":""},"categories":[8],"tags":[17,18,4486,25,24,13,14,582,11,590,19,20,4485,9,10,15,16,22397,23,12,21,22],"class_list":["post-748331","post","type-post","status-publish","format-standard","has-post-thumbnail","category-espana","tag-breaking-news","tag-breakingnews","tag-ceuta","tag-es","tag-espana","tag-featured-news","tag-featurednews","tag-gobierno","tag-headlines","tag-inmigracion","tag-latest-news","tag-latestnews","tag-marruecos","tag-news","tag-noticias","tag-noticias-destacadas","tag-noticiasdestacadas","tag-pablo-iglesias","tag-spain","tag-titulares","tag-ultimas-noticias","tag-ultimasnoticias"],"share_on_mastodon":{"url":"https:\/\/pubeurope.com\/@es\/117215440816446339","error":""},"_links":{"self":[{"href":"https:\/\/www.europesays.com\/es\/wp-json\/wp\/v2\/posts\/748331","targetHints":{"allow":["GET"]}}],"collection":[{"href":"https:\/\/www.europesays.com\/es\/wp-json\/wp\/v2\/posts"}],"about":[{"href":"https:\/\/www.europesays.com\/es\/wp-json\/wp\/v2\/types\/post"}],"author":[{"embeddable":true,"href":"https:\/\/www.europesays.com\/es\/wp-json\/wp\/v2\/users\/2"}],"replies":[{"embeddable":true,"href":"https:\/\/www.europesays.com\/es\/wp-json\/wp\/v2\/comments?post=748331"}],"version-history":[{"count":0,"href":"https:\/\/www.europesays.com\/es\/wp-json\/wp\/v2\/posts\/748331\/revisions"}],"wp:featuredmedia":[{"embeddable":true,"href":"https:\/\/www.europesays.com\/es\/wp-json\/wp\/v2\/media\/748332"}],"wp:attachment":[{"href":"https:\/\/www.europesays.com\/es\/wp-json\/wp\/v2\/media?parent=748331"}],"wp:term":[{"taxonomy":"category","embeddable":true,"href":"https:\/\/www.europesays.com\/es\/wp-json\/wp\/v2\/categories?post=748331"},{"taxonomy":"post_tag","embeddable":true,"href":"https:\/\/www.europesays.com\/es\/wp-json\/wp\/v2\/tags?post=748331"}],"curies":[{"name":"wp","href":"https:\/\/api.w.org\/{rel}","templated":true}]}}