{"id":748333,"date":"2026-09-04T23:47:18","date_gmt":"2026-09-04T23:47:18","guid":{"rendered":"https:\/\/www.europesays.com\/es\/748333\/"},"modified":"2026-09-04T23:47:18","modified_gmt":"2026-09-04T23:47:18","slug":"giorgia-meloni-celebro-que-su-gobierno-se-convirtio-en-el-mas-longevo-de-la-historia-de-italia","status":"publish","type":"post","link":"https:\/\/www.europesays.com\/es\/748333\/","title":{"rendered":"Giorgia Meloni celebr\u00f3 que su Gobierno se convirti\u00f3 en el m\u00e1s longevo de la historia de Italia"},"content":{"rendered":"<p><img alt=\"La primera ministra italiana, Giorgia Meloni, el pasado 20 de abril de 2026 en el Palazzo Chigi en Roma, Italia (EFE\/EPA\/ANGELO CARCONI)\" class=\"global-image\" decoding=\"async\" fetchpriority=\"high\" height=\"2048\" loading=\"eager\" src=\"https:\/\/www.europesays.com\/es\/wp-content\/uploads\/2026\/09\/XIT45RNIYRHAFOQTBIAIJ7EASA.jpg\" width=\"3072\"\/>La primera ministra italiana, Giorgia Meloni, el pasado 20 de abril de 2026 en el Palazzo Chigi en Roma, Italia (EFE\/EPA\/ANGELO CARCONI)<\/p>\n<p>04 Sep, 2026 08:32 a. m. EST<\/p>\n<p class=\"paragraph\" data-paragraph-number=\"1\">La primera ministra italiana, <b>Giorgia Meloni<\/b>, celebr\u00f3 este viernes que su Gobierno se haya convertido en el m\u00e1s duradero de la historia de <b>Italia<\/b>. En ese marco, reivindic\u00f3 la continuidad de la coalici\u00f3n de derecha integrada por <b>Hermanos de Italia<\/b>, <b>La Liga<\/b> y <b>Forza Italia<\/b>, al frente del poder desde octubre de 2022.<\/p>\n<p class=\"paragraph\" data-paragraph-number=\"2\">\u201c<b>Hoy nuestro Gobierno se convierte en el m\u00e1s longevo de la historia de la Rep\u00fablica italiana<\/b>. Es un dato que acojo con gratitud y con un fuerte sentido de responsabilidad. Porque la estabilidad no es un r\u00e9cord para exhibir, sino la condici\u00f3n que permite a una naci\u00f3n programar, decidir, mantener los compromisos y hacerse respetar\u201d, expres\u00f3 la jefa del Ejecutivo luego de superar los <b>1.413 d\u00edas<\/b> de gesti\u00f3n.<\/p>\n<p class=\"paragraph\" data-paragraph-number=\"3\"><b>Meloni<\/b>, adem\u00e1s de haber sido la primera mujer en ocupar ese cargo, destac\u00f3 la labor de su administraci\u00f3n en \u00e1reas como la reducci\u00f3n del desempleo, el respaldo a las familias y el refuerzo de la seguridad nacional.<\/p>\n<p class=\"paragraph\" data-paragraph-number=\"4\">\u201cLos resultados est\u00e1n ah\u00ed, pero sabemos bien cu\u00e1ntas cosas quedan a\u00fan por hacer\u201d, sostuvo. Tambi\u00e9n remarc\u00f3 la disciplina en las cuentas p\u00fablicas y afirm\u00f3 que su Gobierno logr\u00f3 devolverle a Italia \u201c<b>peso y credibilidad en la escena internacional<\/b>\u201d.<\/p>\n<p><img alt=\"La l\u00edder de Hermanos de Italia, Giorgia Meloni, sostiene un cartel de agradecimiento (REUTERS\/Guglielmo Mangiapane\/Archivo)\" class=\"global-image\" decoding=\"async\" fetchpriority=\"low\" height=\"2352\" loading=\"lazy\" src=\"https:\/\/www.europesays.com\/es\/wp-content\/uploads\/2026\/09\/RA4ICNTNIRH5NHNYSZUKXU3EUE.JPG\" width=\"3511\"\/>La l\u00edder de Hermanos de Italia, Giorgia Meloni, sostiene un cartel de agradecimiento (REUTERS\/Guglielmo Mangiapane\/Archivo)<\/p>\n<p class=\"paragraph\" data-paragraph-number=\"5\">En ese sentido, puso en valor la alianza que comparte con <b>Matteo Salvini<\/b> y <b>Antonio Tajani<\/b>, y asegur\u00f3 que la estabilidad alcanzada responde a una \u201ccoalici\u00f3n unida, que gobierna con una visi\u00f3n com\u00fan y que ha elegido estar junta no contra alguien, sino para realizar un proyecto para Italia\u201d.<\/p>\n<p class=\"paragraph\" data-paragraph-number=\"6\">La mandataria tambi\u00e9n subray\u00f3 que los gobiernos m\u00e1s extensos de la historia italiana han sido encabezados por la derecha. El suyo, de hecho, super\u00f3 uno de los mandatos de <b>Silvio Berlusconi<\/b> entre 2001 y 2005. \u201cLa estabilidad se construye cuando una alianza comparte valores, objetivos y una visi\u00f3n de la naci\u00f3n, no cuando la \u00fanica raz\u00f3n para estar juntos es impedir que otros gobiernen\u201d, enfatiz\u00f3.<\/p>\n<p class=\"paragraph\" data-paragraph-number=\"7\">Al mismo tiempo, agradeci\u00f3 el respaldo recibido en 2022, cuando <b>Hermanos de Italia<\/b> pas\u00f3 de ser una fuerza minoritaria de <b>ultraderecha<\/b> a convertirse en el principal partido del pa\u00eds. Con ese antecedente, ya proyecta buscar la continuidad de su Gobierno el pr\u00f3ximo a\u00f1o, cuando Italia vuelva a votar.<\/p>\n<p class=\"paragraph\" data-paragraph-number=\"8\">\u201cVolveremos ante los ciudadanos con lo que hemos hecho, con lo que queda por hacer y con nuestra idea de futuro. Y ser\u00e1n una vez m\u00e1s ellos quienes decidan si merecemos continuar este camino\u201d, a\u00f1adi\u00f3, al dejar en claro que el Ejecutivo seguir\u00e1 \u201cadelante, con los pies en la tierra y la mirada dirigida al futuro\u201d.<\/p>\n<p class=\"paragraph\" data-paragraph-number=\"9\">A lo largo de casi ocho d\u00e9cadas de Rep\u00fablica, Italia ha tenido alrededor de 70 gobiernos y m\u00e1s de 30 primeros ministros, una muestra de la hist\u00f3rica inestabilidad pol\u00edtica del pa\u00eds, donde los Ejecutivos han durado en promedio apenas 13 meses.<\/p>\n","protected":false},"excerpt":{"rendered":"La primera ministra italiana, Giorgia Meloni, el pasado 20 de abril de 2026 en el Palazzo Chigi en&hellip;\n","protected":false},"author":2,"featured_media":748334,"comment_status":"","ping_status":"","sticky":false,"template":"","format":"standard","meta":{"footnotes":""},"categories":[5],"tags":[17,18,15229,25,24,13,14,11,628,8472,19,20,9,10,15,16,952,1670,1620,23,12,21,22,132925],"class_list":["post-748333","post","type-post","status-publish","format-standard","has-post-thumbnail","category-titulares","tag-breaking-news","tag-breakingnews","tag-diplomacia","tag-es","tag-espana","tag-featured-news","tag-featurednews","tag-headlines","tag-italia","tag-kenia","tag-latest-news","tag-latestnews","tag-news","tag-noticias","tag-noticias-destacadas","tag-noticiasdestacadas","tag-politica","tag-politicos","tag-relaciones-internacionales","tag-spain","tag-titulares","tag-ultimas-noticias","tag-ultimasnoticias","tag-visita-oficial"],"share_on_mastodon":{"url":"https:\/\/pubeurope.com\/@es\/117215445694800060","error":""},"_links":{"self":[{"href":"https:\/\/www.europesays.com\/es\/wp-json\/wp\/v2\/posts\/748333","targetHints":{"allow":["GET"]}}],"collection":[{"href":"https:\/\/www.europesays.com\/es\/wp-json\/wp\/v2\/posts"}],"about":[{"href":"https:\/\/www.europesays.com\/es\/wp-json\/wp\/v2\/types\/post"}],"author":[{"embeddable":true,"href":"https:\/\/www.europesays.com\/es\/wp-json\/wp\/v2\/users\/2"}],"replies":[{"embeddable":true,"href":"https:\/\/www.europesays.com\/es\/wp-json\/wp\/v2\/comments?post=748333"}],"version-history":[{"count":0,"href":"https:\/\/www.europesays.com\/es\/wp-json\/wp\/v2\/posts\/748333\/revisions"}],"wp:featuredmedia":[{"embeddable":true,"href":"https:\/\/www.europesays.com\/es\/wp-json\/wp\/v2\/media\/748334"}],"wp:attachment":[{"href":"https:\/\/www.europesays.com\/es\/wp-json\/wp\/v2\/media?parent=748333"}],"wp:term":[{"taxonomy":"category","embeddable":true,"href":"https:\/\/www.europesays.com\/es\/wp-json\/wp\/v2\/categories?post=748333"},{"taxonomy":"post_tag","embeddable":true,"href":"https:\/\/www.europesays.com\/es\/wp-json\/wp\/v2\/tags?post=748333"}],"curies":[{"name":"wp","href":"https:\/\/api.w.org\/{rel}","templated":true}]}}