{"id":748343,"date":"2026-09-05T00:00:35","date_gmt":"2026-09-05T00:00:35","guid":{"rendered":"https:\/\/www.europesays.com\/es\/748343\/"},"modified":"2026-09-05T00:00:35","modified_gmt":"2026-09-05T00:00:35","slug":"adachitoka-comenzara-nueva-serie-ramen-para-dos","status":"publish","type":"post","link":"https:\/\/www.europesays.com\/es\/748343\/","title":{"rendered":"Adachitoka comenzar\u00e1 nueva serie &#8211; Ramen Para Dos"},"content":{"rendered":"<p>\t\t\t\t\t\t\t\t\t\t\t\t\t\t\t\t\t\t\t\t\t\t\t\t\t\t\t\t\t\t\t\t<img decoding=\"async\" itemprop=\"image\" src=\"data:image\/svg+xml,%3Csvg%20xmlns=\" http:=\"\" alt=\"Adachitoka comenzar\u00e1 nueva serie\" data-lazy-src=\"https:\/\/www.europesays.com\/es\/wp-content\/uploads\/2026\/09\/Noragami-manga-fondo-939x600.jpg\"\/><\/p>\n<p>\n\t\t\t\t\t\t\t\t\t\t\tAdachitoka comenzar\u00e1 nueva serie\n\t\t\t\t\t\t\t\t\t\t<\/p>\n<p>\t\t\t\t\t\t\t\t\t\t\t\t\t<img loading=\"lazy\" referrerpolicy=\"no-referrer\" alt=\"Avatar de Desconocido\" src=\"data:image\/svg+xml,%3Csvg%20xmlns=\" http:=\"\" data-lazy- class=\"avatar avatar-120 photo\" height=\"120\" width=\"120\" decoding=\"async\" data-lazy-src=\"https:\/\/www.europesays.com\/es\/wp-content\/uploads\/2026\/09\/1788566431_642_23c20d4776be2611733e49d8f186536ad29ebf6ebba2134d6cfb0d005ca2f20b.jpeg\"\/>\t\t\t\t\t\t\t\t\t\t\t\t<\/p>\n<p><a href=\"https:\/\/ramenparados.com\/tag\/adachitoka\" rel=\"nofollow noopener\" target=\"_blank\"><strong>Adachitoka<\/strong><\/a>, el d\u00fao de mangakas detr\u00e1s de <a href=\"https:\/\/ramenparados.com\/manga\/noragami\" rel=\"nofollow noopener\" target=\"_blank\">Noragami<\/a>, comenzar\u00e1 una <strong>nueva serie<\/strong> el siguiente mes. Se trata de <strong>Yadoya no o-Inu-sama<\/strong> (El Noble Perro de la Posada) y comenzar\u00e1 su serializaci\u00f3n en la edici\u00f3n de noviembre de la revista <a href=\"https:\/\/ramenparados.com\/tag\/monthly-shonen-magazine\/\" rel=\"nofollow noopener\" target=\"_blank\"><strong>Monthly Sh\u014dnen Magazine<\/strong><\/a>, que saldr\u00e1 a la venta en Jap\u00f3n el <strong>6 de octubre<\/strong>.\n<\/p>\n<p><a href=\"https:\/\/www.europesays.com\/es\/wp-content\/uploads\/2026\/09\/adachitoka-nueva-serie.jpg\"><img fetchpriority=\"high\" decoding=\"async\" class=\"aligncenter size-full wp-image-494113\" src=\"data:image\/svg+xml,%3Csvg%20xmlns=\" http:=\"\" alt=\"adachitoka nueva serie\" width=\"1258\" height=\"868\" data-lazy- data-lazy- data-lazy-src=\"https:\/\/www.europesays.com\/es\/wp-content\/uploads\/2026\/09\/adachitoka-nueva-serie.jpg\"\/><\/a><\/p>\n<p>En esta nueva obra de Adachitoka, una chica de secundaria bastante feroz, que creci\u00f3 rodeada de la naturaleza rural, est\u00e1 en un viaje escolar cuando de repente cae por una monta\u00f1a, adentr\u00e1ndose en un mundo inusual.\n<\/p>\n<p><strong>Adachi<\/strong> y <strong>Tokashiki<\/strong> regresan a la revista Monthly Sh\u014dnen Magazine tras m\u00e1s de dos a\u00f1os, despu\u00e9s de la serializaci\u00f3n de su obra m\u00e1s conocida, <strong>Noragami<\/strong>. Las aventuras del dios\u00a0Yato,\u00a0Noragami, se publicaron en el magazine mensual de <a href=\"https:\/\/ramenparados.com\/empresa\/kodansha\" rel=\"nofollow noopener\" target=\"_blank\">Kodansha<\/a> desde el a\u00f1o 2010 hasta enero de 2024, siendo recopiladas en <strong>26\u00a0tomos recopilatorios<\/strong>.\n<\/p>\n<p><a href=\"https:\/\/www.europesays.com\/es\/wp-content\/uploads\/2026\/09\/FpBSCx1WYAEd9pU.jpg\"><img loading=\"lazy\" decoding=\"async\" class=\"wp-image-368159 aligncenter\" src=\"data:image\/svg+xml,%3Csvg%20xmlns=\" http:=\"\" alt=\"\" width=\"486\" height=\"727\" data-lazy- data-lazy- data-lazy-src=\"https:\/\/www.europesays.com\/es\/wp-content\/uploads\/2026\/09\/FpBSCx1WYAEd9pU.jpg\"\/><\/a>\n<\/p>\n<p>El manga de Noragami sirvi\u00f3 de inspiraci\u00f3n para una adaptaci\u00f3n al <strong>anime<\/strong> en forma de serie de televisi\u00f3n. La serie consta de <strong>dos temporadas<\/strong> animadas, estas por el estudio <a href=\"https:\/\/ramenparados.com\/empresa\/bones\/\" rel=\"nofollow noopener\" target=\"_blank\"><strong>Bones<\/strong><\/a> y con <a href=\"https:\/\/ramenparados.com\/persona\/kotaro-tamura\/\" rel=\"nofollow noopener\" target=\"_blank\">Kotaro Tamura<\/a> como director y <a href=\"https:\/\/ramenparados.com\/persona\/deko-akao\/\" rel=\"nofollow noopener\" target=\"_blank\">Deko Akao<\/a> como guionista. La primera de ellas, de 12 episodios m\u00e1s 2 OVA, fue emitida en 2014, mientras que la segunda consta de 13 episodios m\u00e1s 2 OVA y que lleva por t\u00edtulo Noragami Aragoto.\n<\/p>\n<p>Previamente a Noragami, el d\u00fao de Adachitoka trabaj\u00f3 conjuntamente con <strong>Tadashi Kawashima<\/strong> para publicar en la revista Monthly Sh\u014dnen Magazine el thriller de ciencia ficci\u00f3n <strong>Alive: The Final Evolution<\/strong>, serializado entre 2003 y 2010 y recopilado en un total de 21 tomos.\n<\/p>\n<p><a href=\"https:\/\/www.europesays.com\/es\/wp-content\/uploads\/2026\/09\/noragami-pack-bd.jpg\"><img loading=\"lazy\" decoding=\"async\" class=\"wp-image-229752 aligncenter\" src=\"data:image\/svg+xml,%3Csvg%20xmlns=\" http:=\"\" alt=\"\" width=\"484\" height=\"612\" data-lazy- data-lazy- data-lazy-src=\"https:\/\/www.europesays.com\/es\/wp-content\/uploads\/2026\/09\/noragami-pack-bd.jpg\"\/><\/a>\n<\/p>\n<p>Tanto el manga como el anime de Noragami han sido publicados en Espa\u00f1a. <a href=\"https:\/\/ramenparados.com\/empresa\/noragami\" rel=\"nofollow noopener\" target=\"_blank\"><strong>Norma Editorial<\/strong><\/a> edit\u00f3 al castellano los 26 tomos que componen el manga, aunque los \u00faltimos vol\u00famenes sin una periodicidad. En cuanto a la serie animada, las dos temporadas fueron editadas tanto en DVD como en Blu-ray por <a href=\"https:\/\/ramenparados.com\/empresa\/selecta-vision\" rel=\"nofollow noopener\" target=\"_blank\">Selecta Visi\u00f3n<\/a>.\n<\/p>\n<p>Fuente: <a href=\"https:\/\/x.com\/adachitoka_PR\/status\/2095699957982609700\/\" rel=\"nofollow\">Adachitoka<\/a>\n\t\t\t\t\t\t\t\t\t\t\t\t\t\t\t\t\t\t\t\t\t\t\t\t\t\t\t\t\t\t<\/p>\n","protected":false},"excerpt":{"rendered":"Adachitoka comenzar\u00e1 nueva serie Adachitoka, el d\u00fao de mangakas detr\u00e1s de Noragami, comenzar\u00e1 una nueva serie el siguiente&hellip;\n","protected":false},"author":2,"featured_media":748344,"comment_status":"","ping_status":"","sticky":false,"template":"","format":"standard","meta":{"footnotes":""},"categories":[171],"tags":[132927,146,147,25,24,132928,338,23,214],"class_list":["post-748343","post","type-post","status-publish","format-standard","has-post-thumbnail","category-tv","tag-adachitoka","tag-entertainment","tag-entretenimiento","tag-es","tag-espana","tag-monthly-shonen-magazine","tag-portada","tag-spain","tag-tv"],"share_on_mastodon":{"url":"https:\/\/pubeurope.com\/@es\/117215496118060278","error":""},"_links":{"self":[{"href":"https:\/\/www.europesays.com\/es\/wp-json\/wp\/v2\/posts\/748343","targetHints":{"allow":["GET"]}}],"collection":[{"href":"https:\/\/www.europesays.com\/es\/wp-json\/wp\/v2\/posts"}],"about":[{"href":"https:\/\/www.europesays.com\/es\/wp-json\/wp\/v2\/types\/post"}],"author":[{"embeddable":true,"href":"https:\/\/www.europesays.com\/es\/wp-json\/wp\/v2\/users\/2"}],"replies":[{"embeddable":true,"href":"https:\/\/www.europesays.com\/es\/wp-json\/wp\/v2\/comments?post=748343"}],"version-history":[{"count":0,"href":"https:\/\/www.europesays.com\/es\/wp-json\/wp\/v2\/posts\/748343\/revisions"}],"wp:featuredmedia":[{"embeddable":true,"href":"https:\/\/www.europesays.com\/es\/wp-json\/wp\/v2\/media\/748344"}],"wp:attachment":[{"href":"https:\/\/www.europesays.com\/es\/wp-json\/wp\/v2\/media?parent=748343"}],"wp:term":[{"taxonomy":"category","embeddable":true,"href":"https:\/\/www.europesays.com\/es\/wp-json\/wp\/v2\/categories?post=748343"},{"taxonomy":"post_tag","embeddable":true,"href":"https:\/\/www.europesays.com\/es\/wp-json\/wp\/v2\/tags?post=748343"}],"curies":[{"name":"wp","href":"https:\/\/api.w.org\/{rel}","templated":true}]}}