{"id":748351,"date":"2026-09-05T00:06:21","date_gmt":"2026-09-05T00:06:21","guid":{"rendered":"https:\/\/www.europesays.com\/es\/748351\/"},"modified":"2026-09-05T00:06:21","modified_gmt":"2026-09-05T00:06:21","slug":"el-ballet-flamenco-de-andalucia-participa-en-la-gala-inaugural-de-la-xxiv-bienal-de-flamenco-de-sevilla-noticias","status":"publish","type":"post","link":"https:\/\/www.europesays.com\/es\/748351\/","title":{"rendered":"El Ballet Flamenco de Andaluc\u00eda participa en la gala inaugural de la XXIV Bienal de Flamenco de Sevilla &#8211; Noticias"},"content":{"rendered":"<p class=\"Textbody\">La consejera de Cultura, Patrimonio Hist\u00f3rico y Deporte, Patricia del Pozo, junto al director de la Bienal, Luis Ybarra, han asistido hoy al ensayo abierto de la gala inaugural de la XXIV Bienal de Flamenco de Sevilla, en el que se han dado a conocer alguna de las claves art\u00edsticas del espect\u00e1culo que se pondr\u00e1 en escena pr\u00f3ximo 10 de septiembre en la Plaza de Toros de la Real Maestranza de Caballer\u00eda y en el que tiene una participaci\u00f3n muy destacada el Ballet Flamenco de Andaluc\u00eda, la compa\u00f1\u00eda p\u00fablica dependiente de la Junta de Andaluc\u00eda. <\/p>\n<p class=\"Textbody\">\u201cLa participaci\u00f3n de la compa\u00f1\u00eda p\u00fablica andaluza en la apertura de la Bienal pone de relieve su papel como embajadora del flamenco de Andaluc\u00eda y como referente de la creaci\u00f3n esc\u00e9nica vinculada baile. Bajo la direcci\u00f3n de Patricia Guerrero, el Ballet Flamenco de Andaluc\u00eda afronta esta cita en uno de los escenarios m\u00e1s emblem\u00e1ticos de Sevilla, dentro de un espect\u00e1culo que re\u00fane sobre las tablas a destacados nombres del presente y el futuro del flamenco\u201d, ha se\u00f1alado la consejera Patricia del Pozo. <\/p>\n<p class=\"Textbody\">Para Del Pozo, \u201cel Ballet Flamenco de Andaluc\u00eda ha experimentado en los dos \u00faltimos a\u00f1os un gran salto adelante, con cuatro espect\u00e1culos en repertorio y gira, el \u00faltimo de los cuales obtuvo llenos absolutos en las tres funciones programadas a mediados de agosto en el ciclo Lorca y Granada en el Generalife\u201d. Por este motivo, su presencia en la gala inaugural de la Bienal de Sevilla, el certamen jondo de referencia era \u201ccasi obligada, toda vez que la calidad y vanguardia de su trabajo son una de las se\u00f1as de identidad del joven elenco\u201d.\u00a0\u00a0 <\/p>\n<p class=\"Textbody\">El pr\u00f3ximo jueves 10 de septiembre, el Ballet Flamenco de Andaluc\u00eda compartir\u00e1 escenario con un elenco art\u00edstico que pone de manifiesto la diversidad del flamenco contempor\u00e1neo y que reunir\u00e1 diferentes generaciones, estilos y formas de entender el arte jondo en una noche \u00fanica que abrir\u00e1 oficialmente la programaci\u00f3n de la Bienal. <\/p>\n<p class=\"Textbody\">En el cante participar\u00e1n figuras como Jos\u00e9 Merc\u00e9, Jos\u00e9 de la Tomasa, Martirio, Arc\u00e1ngel, La Tremendita, \u00c1ngeles Toledano, El Perrete y Manuel de la Tomasa; acompa\u00f1ados por las guitarras de Manolo Franco, Alfredo Lagos y David de Arahal. Tambi\u00e9n estar\u00e1n presentes los saxofonistas Juan Jim\u00e9nez y Alfonso Padilla, junto a la percusi\u00f3n y palmas de El Oruco, Abel Harana, Daniel Su\u00e1rez y El Chupete. <\/p>\n<p class=\"Textbody\">Sobre las tablas, todos ellos festejar\u00e1n ese lanzamiento masivo que vivi\u00f3 el flamenco en 1926, cuando Pepe Marchena entraba en los circuitos de la llamada \u00d3pera Flamenca, Manuel Vallejo recib\u00eda la II Llave de Oro al Cante tras el triunfo de Manuel Centeno en la Copa Pav\u00f3n, y la industria discogr\u00e1fica daba un salto decisivo con la llegada de las grabaciones el\u00e9ctricas. Fue entonces cuando el flamenco salpicaba teatros, cines y plazas de toros, convertido en espect\u00e1culo de masas pero sin perder su pulso \u00edntimo.<\/p>\n<p class=\"Textbody\">En este sentido, la gala, que cuenta con la direcci\u00f3n art\u00edstica de Andr\u00e9s Mar\u00edn y Luis Ybarra, se concibe como una gran celebraci\u00f3n colectiva para rendir homenaje a aquellas figuras pioneras que hace un siglo llevaron el flamenco a una dimensi\u00f3n popular y masiva.<\/p>\n<p class=\"Textbody\"><strong>El Ballet Flamenco de Andaluc\u00eda abre la gran cita del flamenco en Sevilla<\/strong><\/p>\n<p class=\"Textbody\">La presencia del Ballet Flamenco de Andaluc\u00eda en la gala inaugural se enmarca en la colaboraci\u00f3n de la Junta de Andaluc\u00eda con la XXIV Bienal de Flamenco de Sevilla. La compa\u00f1\u00eda, dependiente de la Consejer\u00eda de Cultura, Patrimonio Hist\u00f3rico y Deporte, se suma as\u00ed a la apertura de un certamen que, entre el 9 de septiembre y el 3 de octubre, convertir\u00e1 a Sevilla en punto de encuentro del flamenco nacional e internacional.<\/p>\n<p class=\"Textbody\">Adem\u00e1s de la participaci\u00f3n del Ballet Flamenco de Andaluc\u00eda en este espect\u00e1culo inaugural, la colaboraci\u00f3n de la Consejer\u00eda de Cultura, Patrimonio Hist\u00f3rico y Deporte con el certamen sevillano se completa con la cesi\u00f3n del Teatro Central que, del 11 de septiembre al 2 de octubre pondr\u00e1 en escena nueve espect\u00e1culos recorrer\u00e1n algunos de los caminos m\u00e1s inquietos del flamenco actual. Contar\u00e1 con siete estrenos absolutos firmados por Rosario La Tremendita, Olga Pericet, Juan Tom\u00e1s de la Mol\u00eda y \u00c1gueda Saavedra, Andr\u00e9s Mar\u00edn, Sara Jim\u00e9nez y Sandra Carrasco junto a David de Arahal. El programa en este espacio esc\u00e9nico se completa con las propuestas de Jos\u00e9 Maya, Isabel Bay\u00f3n y Est\u00e9vez\/Pa\u00f1os y Compa\u00f1\u00eda. <\/p>\n<p>Asimismo, la Junta de Andaluc\u00eda realiza una aportaci\u00f3n econ\u00f3mica directa de 100.000 euros destinada a la contrataci\u00f3n art\u00edstica del festival. En conjunto, la colaboraci\u00f3n de la Consejer\u00eda de Cultura, Patrimonio Hist\u00f3rico y Deporte con esta edici\u00f3n de la Bienal, a trav\u00e9s de estas tres l\u00edneas de actuaci\u00f3n, supera los 350.000 euros.<\/p>\n","protected":false},"excerpt":{"rendered":"La consejera de Cultura, Patrimonio Hist\u00f3rico y Deporte, Patricia del Pozo, junto al director de la Bienal, Luis&hellip;\n","protected":false},"author":2,"featured_media":748352,"comment_status":"","ping_status":"","sticky":false,"template":"","format":"standard","meta":{"footnotes":""},"categories":[91],"tags":[146,147,25,24,11925,23],"class_list":["post-748351","post","type-post","status-publish","format-standard","has-post-thumbnail","category-entretenimiento","tag-entertainment","tag-entretenimiento","tag-es","tag-espana","tag-flamenco","tag-spain"],"share_on_mastodon":{"url":"https:\/\/pubeurope.com\/@es\/117215519639139082","error":""},"_links":{"self":[{"href":"https:\/\/www.europesays.com\/es\/wp-json\/wp\/v2\/posts\/748351","targetHints":{"allow":["GET"]}}],"collection":[{"href":"https:\/\/www.europesays.com\/es\/wp-json\/wp\/v2\/posts"}],"about":[{"href":"https:\/\/www.europesays.com\/es\/wp-json\/wp\/v2\/types\/post"}],"author":[{"embeddable":true,"href":"https:\/\/www.europesays.com\/es\/wp-json\/wp\/v2\/users\/2"}],"replies":[{"embeddable":true,"href":"https:\/\/www.europesays.com\/es\/wp-json\/wp\/v2\/comments?post=748351"}],"version-history":[{"count":0,"href":"https:\/\/www.europesays.com\/es\/wp-json\/wp\/v2\/posts\/748351\/revisions"}],"wp:featuredmedia":[{"embeddable":true,"href":"https:\/\/www.europesays.com\/es\/wp-json\/wp\/v2\/media\/748352"}],"wp:attachment":[{"href":"https:\/\/www.europesays.com\/es\/wp-json\/wp\/v2\/media?parent=748351"}],"wp:term":[{"taxonomy":"category","embeddable":true,"href":"https:\/\/www.europesays.com\/es\/wp-json\/wp\/v2\/categories?post=748351"},{"taxonomy":"post_tag","embeddable":true,"href":"https:\/\/www.europesays.com\/es\/wp-json\/wp\/v2\/tags?post=748351"}],"curies":[{"name":"wp","href":"https:\/\/api.w.org\/{rel}","templated":true}]}}