{"id":748375,"date":"2026-09-05T00:28:43","date_gmt":"2026-09-05T00:28:43","guid":{"rendered":"https:\/\/www.europesays.com\/es\/748375\/"},"modified":"2026-09-05T00:28:43","modified_gmt":"2026-09-05T00:28:43","slug":"el-vhir-de-barcelona-desarrollara-un-tratamiento-topico-contra-el-lupus-eritematoso-discoide","status":"publish","type":"post","link":"https:\/\/www.europesays.com\/es\/748375\/","title":{"rendered":"El Vhir de Barcelona desarrollar\u00e1 un tratamiento t\u00f3pico contra el lupus eritematoso discoide"},"content":{"rendered":"<p>El Vall d&#8217;Hebron Instituto de Investigaci\u00f3n (Vhir) impulsar\u00e1 TopiDLE, un proyecto que tiene como objetivo completar el desarrollo precl\u00ednico del primer tratamiento t\u00f3pico con taliomida contra el lupus eritematoso discoide (DLE).<\/p>\n<p>La iniciativa, que cuenta con una beca de investigaci\u00f3n de la LEO Foundation, pretende ofrecer \u00abuna alternativa m\u00e1s segura\u00bb a los tratamientos actuales y generar los datos necesarios para futuros ensayos cl\u00ednicos en personas, informa el Vhir en un comunicado de este jueves.<\/p>\n<p>Dle<\/p>\n<p>El lupus eritematoso discoide (DLE) es la forma m\u00e1s frecuente de lupus cut\u00e1neo cr\u00f3nico y afecta a m\u00e1s de 500.000 personas en Europa, principalmente mujeres en edad f\u00e9rtil.<\/p>\n<p>Se trata de una enfermedad autoinmune que provoca lesiones inflamatorias en la piel, especialmente en la cara, orejas y cuero cabelludo, que pueden dejar cicatrices permanentes y provocar una p\u00e9rdida irreversible del cabello.<\/p>\n<p>Los tratamientos disponibles incluyen corticoides, inmunomoduladores t\u00f3picos y f\u00e1rmacos sist\u00e9micos, si bien una parte de los pacientes no responde adecuadamente a estas opciones terap\u00e9uticas.<\/p>\n<p>La investigaci\u00f3n<\/p>\n<p>TopiDLE se centrar\u00e1 en demostrar que la administraci\u00f3n t\u00f3pica de talidomida puede mantener la elevada eficacia de este f\u00e1rmaco limitando su acci\u00f3n exclusivamente a la piel, con el objetivo de evitar los principales efectos adversos asociados a su uso por v\u00eda oral.<\/p>\n<p>Adem\u00e1s, la investigaci\u00f3n tambi\u00e9n permitir\u00e1 profundizar en los mecanismos moleculares implicados en la enfermedad e identificar biomarcadores que faciliten el seguimiento de la respuesta al tratamiento.<\/p>\n<p>Durante los pr\u00f3ximos 3 a\u00f1os, el proyecto desarrollar\u00e1 un completo programa de estudios precl\u00ednicos, analizar\u00e1 la farmacocin\u00e9tica de la formulaci\u00f3n, comparar\u00e1 su eficacia con la de los estudios disponibles y realizar\u00e1 estudios de seguridad.<\/p>\n","protected":false},"excerpt":{"rendered":"El Vall d&#8217;Hebron Instituto de Investigaci\u00f3n (Vhir) impulsar\u00e1 TopiDLE, un proyecto que tiene como objetivo completar el desarrollo&hellip;\n","protected":false},"author":2,"featured_media":748376,"comment_status":"","ping_status":"","sticky":false,"template":"","format":"standard","meta":{"footnotes":""},"categories":[92],"tags":[3582,25,24,165,12643,166,23,25206,1529,21],"class_list":["post-748375","post","type-post","status-publish","format-standard","has-post-thumbnail","category-salud","tag-comunidades","tag-es","tag-espana","tag-health","tag-noticias-interesantes","tag-salud","tag-spain","tag-t-800","tag-ultima-hora","tag-ultimas-noticias"],"share_on_mastodon":{"url":"https:\/\/pubeurope.com\/@es\/117215605971838574","error":""},"_links":{"self":[{"href":"https:\/\/www.europesays.com\/es\/wp-json\/wp\/v2\/posts\/748375","targetHints":{"allow":["GET"]}}],"collection":[{"href":"https:\/\/www.europesays.com\/es\/wp-json\/wp\/v2\/posts"}],"about":[{"href":"https:\/\/www.europesays.com\/es\/wp-json\/wp\/v2\/types\/post"}],"author":[{"embeddable":true,"href":"https:\/\/www.europesays.com\/es\/wp-json\/wp\/v2\/users\/2"}],"replies":[{"embeddable":true,"href":"https:\/\/www.europesays.com\/es\/wp-json\/wp\/v2\/comments?post=748375"}],"version-history":[{"count":0,"href":"https:\/\/www.europesays.com\/es\/wp-json\/wp\/v2\/posts\/748375\/revisions"}],"wp:featuredmedia":[{"embeddable":true,"href":"https:\/\/www.europesays.com\/es\/wp-json\/wp\/v2\/media\/748376"}],"wp:attachment":[{"href":"https:\/\/www.europesays.com\/es\/wp-json\/wp\/v2\/media?parent=748375"}],"wp:term":[{"taxonomy":"category","embeddable":true,"href":"https:\/\/www.europesays.com\/es\/wp-json\/wp\/v2\/categories?post=748375"},{"taxonomy":"post_tag","embeddable":true,"href":"https:\/\/www.europesays.com\/es\/wp-json\/wp\/v2\/tags?post=748375"}],"curies":[{"name":"wp","href":"https:\/\/api.w.org\/{rel}","templated":true}]}}