{"id":748377,"date":"2026-09-05T00:30:26","date_gmt":"2026-09-05T00:30:26","guid":{"rendered":"https:\/\/www.europesays.com\/es\/748377\/"},"modified":"2026-09-05T00:30:26","modified_gmt":"2026-09-05T00:30:26","slug":"la-exclusiva-de-sonsoles-onega-sobre-la-ruptura-de-enrique-ponce-y-ana-soria-revoluciona-antena-3","status":"publish","type":"post","link":"https:\/\/www.europesays.com\/es\/748377\/","title":{"rendered":"La exclusiva de Sonsoles \u00d3nega sobre la \u00abruptura\u00bb de Enrique Ponce y Ana Soria revoluciona Antena 3"},"content":{"rendered":"<p class=\"paragraph\">El final del verano ha vuelto a colocar a <a href=\"https:\/\/www.esdiario.com\/chismografo\/250716\/163333\/dia-dia-despues-fotos-hot-ana-soria-enrique-ponce-justo.html\" rel=\"nofollow noopener\" target=\"_blank\"><b>Enrique Ponce y Ana Soria<\/b> <\/a>en el centro del foco medi\u00e1tico. Seis a\u00f1os despu\u00e9s de iniciar una relaci\u00f3n que desafi\u00f3 titulares y prejuicios (m\u00e1s de veinte a\u00f1os de diferencia entre ambos) la pareja ha tenido que enfrentarse a una nueva oleada de rumores de crisis. Sus apariciones por separado y, especialmente, la presencia del torero en una entrega de premios sin Ana, hicieron saltar todas las alarmas.<\/p>\n<p class=\"paragraph\">Pero la exclusiva de<b> Paloma Garc\u00eda-Pelayo en Y ahora Sonsoles <\/b>ha cambiado por completo el relato. La colaboradora habl\u00f3 directamente con el ex de<b> <a href=\"https:\/\/www.esdiario.com\/chismografo\/260714\/193177\/enrique-ponce-paloma-cuevas-podrian-verse-caras-juzgados.html\" rel=\"nofollow noopener\" target=\"_blank\">Paloma Cuevas,<\/a><\/b> que quiso zanjar cualquier especulaci\u00f3n: \u201cEs una m\u00e1s, una vez m\u00e1s que intentan separarlos\u201d, traslad\u00f3. Seg\u00fan la colaboradora de<b><a href=\"https:\/\/www.esdiario.com\/chismografo\/260813\/195342\/sustituta-sonsoles-onega-antena-3-alimenta-rumores-sobre-vida-privada-sentimental.html\" title=\"La sustituta de Sonsoles \u00d3nega en Antena 3 alimenta los rumores sobre su vida privada y sentimental\" rel=\"nofollow noopener\" target=\"_blank\"> Sonsoles \u00d3nega en Antena 3, <\/a><\/b>el torero insiste en que est\u00e1n muy bien y que siguen siendo una pareja unida, desmontando de ra\u00edz las teor\u00edas de distanciamiento.<\/p>\n<p class=\"paragraph\">Ponce fue incluso m\u00e1s all\u00e1. Asegura que su relaci\u00f3n con Ana es lo m\u00e1s importante de su vida y, aunque no haya planes de boda, le ha confesado a la periodista que \u201cya la siente su mujer\u201d. Un mensaje claro, firme y sin dobleces que sit\u00faa a la pareja en un momento de estabilidad pese al ruido exterior.<\/p>\n<p class=\"paragraph\">La contundencia de estas declaraciones no solo ha marcado la actualidad del coraz\u00f3n, sino tambi\u00e9n la televisi\u00f3n. Con esta exclusiva,<b> Y ahora Sonsoles<\/b> logr\u00f3 sus segundos mejores datos de toda la semana con un 10% de cuota de pantalla delante de 710.000 espectadores (solo por detr\u00e1s del retorno de <b>Sonsoles \u00d3nega <\/b>a su programa tras las vacaciones de verano para comenzar la nueva temporada). De esta manera la aclaraci\u00f3n del diestro se convirti\u00f3 en el contenido m\u00e1s potente del programa y en el golpe definitivo a los rumores de ruptura. En la misma franja, su competencia directa en <b>Telecinco, De lunes a viernes,<\/b> registr\u00f3 un 8.3% de share y 554.000 televidentes.<\/p>\n<p>            <a href=\"#\" title=\"\"><\/p>\n<p>                    <img loading=\"lazy\" decoding=\"async\" width=\"140\" height=\"140\" alt=\"Karmele Marchante se vuelve a quedar sin programa diario con la cancelaci\u00f3n de \" de=\"\" lunes=\"\" a=\"\" viernes=\"\" src=\"https:\/\/imagenes.esdiario.com\/files\/related_image\/uploads\/2026\/09\/03\/6a99220c5a674.png\" data-full-src=\"https:\/\/www.europesays.com\/es\/wp-content\/uploads\/2026\/09\/6a99220c5a674.png\"\/><\/p>\n<p>            <\/a><\/p>\n","protected":false},"excerpt":{"rendered":"El final del verano ha vuelto a colocar a Enrique Ponce y Ana Soria en el centro del&hellip;\n","protected":false},"author":2,"featured_media":748378,"comment_status":"","ping_status":"","sticky":false,"template":"","format":"standard","meta":{"footnotes":""},"categories":[91],"tags":[35187,4040,27080,146,147,25,24,2056,23,16537],"class_list":["post-748377","post","type-post","status-publish","format-standard","has-post-thumbnail","category-entretenimiento","tag-ana-soria","tag-antena-3","tag-enrique-ponce","tag-entertainment","tag-entretenimiento","tag-es","tag-espana","tag-sonsoles-onega","tag-spain","tag-y-ahora-sonsoles"],"share_on_mastodon":{"url":"https:\/\/pubeurope.com\/@es\/117215615387959471","error":""},"_links":{"self":[{"href":"https:\/\/www.europesays.com\/es\/wp-json\/wp\/v2\/posts\/748377","targetHints":{"allow":["GET"]}}],"collection":[{"href":"https:\/\/www.europesays.com\/es\/wp-json\/wp\/v2\/posts"}],"about":[{"href":"https:\/\/www.europesays.com\/es\/wp-json\/wp\/v2\/types\/post"}],"author":[{"embeddable":true,"href":"https:\/\/www.europesays.com\/es\/wp-json\/wp\/v2\/users\/2"}],"replies":[{"embeddable":true,"href":"https:\/\/www.europesays.com\/es\/wp-json\/wp\/v2\/comments?post=748377"}],"version-history":[{"count":0,"href":"https:\/\/www.europesays.com\/es\/wp-json\/wp\/v2\/posts\/748377\/revisions"}],"wp:featuredmedia":[{"embeddable":true,"href":"https:\/\/www.europesays.com\/es\/wp-json\/wp\/v2\/media\/748378"}],"wp:attachment":[{"href":"https:\/\/www.europesays.com\/es\/wp-json\/wp\/v2\/media?parent=748377"}],"wp:term":[{"taxonomy":"category","embeddable":true,"href":"https:\/\/www.europesays.com\/es\/wp-json\/wp\/v2\/categories?post=748377"},{"taxonomy":"post_tag","embeddable":true,"href":"https:\/\/www.europesays.com\/es\/wp-json\/wp\/v2\/tags?post=748377"}],"curies":[{"name":"wp","href":"https:\/\/api.w.org\/{rel}","templated":true}]}}