{"id":748385,"date":"2026-09-05T00:34:21","date_gmt":"2026-09-05T00:34:21","guid":{"rendered":"https:\/\/www.europesays.com\/es\/748385\/"},"modified":"2026-09-05T00:34:21","modified_gmt":"2026-09-05T00:34:21","slug":"nueve-personas-trasladadas-tras-una-colision-multiple-de-cinco-vehiculos-en-lumbier","status":"publish","type":"post","link":"https:\/\/www.europesays.com\/es\/748385\/","title":{"rendered":"Nueve personas trasladadas tras una colisi\u00f3n m\u00faltiple de cinco veh\u00edculos en Lumbier"},"content":{"rendered":"<p>\n        <strong>Nueve personas<\/strong> han resultado <strong>heridas <\/strong>de diversa consideraci\u00f3n la tarde del viernes <strong>tras <\/strong><a href=\"https:\/\/www.noticiasdenavarra.com\/tags\/accidentes-de-trafico\/\" title=\"colisionar cinco veh\u00edculos\" target=\"_blank\" class=\"link copy\" rel=\"nofollow noopener\">colisionar cinco veh\u00edculos<\/a> en la A-21 a su paso por <strong>Lumbier<\/strong>.\n<\/p>\n<p class=\"article-body__text \">\n        El Centro de Gesti\u00f3n de Emergencias de SOS Navarra 112 ha recibido aviso del siniestro a las 18:17 horas del viernes y ha movilizado al lugar de los hechos a efectivos de bomberos del parque de Sang\u00fcesa,<strong> dos ambulancias de soporte vital avanzado (medicalizadas)<\/strong>, dos ambulancias de soporte vital b\u00e1sico, <strong>una ambulancia de soporte vital avanzado enfermerizada<\/strong>, un equipo <strong>m\u00e9dico <\/strong>y patrullas de la Guardia Civil.\u00a0\n<\/p>\n<blockquote class=\"twitter-tweet\" data-lang=\"es\" wp_automatic_readability=\"4.1382352941176\">\n<p lang=\"es\" dir=\"ltr\">Intervenimos la tarde del <a href=\"https:\/\/x.com\/hashtag\/viernes?src=hash&amp;ref_src=twsrc%5Etfw\" rel=\"nofollow\">#viernes<\/a> en una colisi\u00f3n por alcance m\u00faltiple en la A-21 (<a href=\"https:\/\/x.com\/hashtag\/Lumbier?src=hash&amp;ref_src=twsrc%5Etfw\" rel=\"nofollow\">#Lumbier<\/a>) con 8 personas trasladadas al HUN y otra al centro de <a href=\"https:\/\/x.com\/salud_na?ref_src=twsrc%5Etfw\" rel=\"nofollow\">@salud_na<\/a> de <a href=\"https:\/\/x.com\/hashtag\/Sang%C3%BCesa?src=hash&amp;ref_src=twsrc%5Etfw\" rel=\"nofollow\">#Sang\u00fcesa<\/a><a href=\"https:\/\/x.com\/hashtag\/ParqueSang%C3%BCesa?src=hash&amp;ref_src=twsrc%5Etfw\" rel=\"nofollow\">#ParqueSang\u00fcesa<\/a><a href=\"https:\/\/x.com\/hashtag\/J21?src=hash&amp;ref_src=twsrc%5Etfw\" rel=\"nofollow\">#J21<\/a><br \/>2 <a href=\"https:\/\/x.com\/hashtag\/ASVA?src=hash&amp;ref_src=twsrc%5Etfw\" rel=\"nofollow\">#ASVA<\/a><br \/>2 <a href=\"https:\/\/x.com\/hashtag\/ASVB?src=hash&amp;ref_src=twsrc%5Etfw\" rel=\"nofollow\">#ASVB<\/a><a href=\"https:\/\/x.com\/hashtag\/ASVAE?src=hash&amp;ref_src=twsrc%5Etfw\" rel=\"nofollow\">#ASVAE<\/a><a href=\"https:\/\/x.com\/salud_na?ref_src=twsrc%5Etfw\" rel=\"nofollow\">@salud_na<\/a> <a href=\"https:\/\/x.com\/NavarraGC?ref_src=twsrc%5Etfw\" rel=\"nofollow\">@NavarraGC<\/a> <a href=\"https:\/\/t.co\/ghbZyoNjo2\" rel=\"nofollow\">pic.twitter.com\/ghbZyoNjo2<\/a><\/p>\n<p>\u2014 Bomberos y Bomberas \u2013 Suhiltzaileak (@bomberos_na) <a href=\"https:\/\/x.com\/bomberos_na\/status\/2095954332826923114?ref_src=twsrc%5Etfw\" rel=\"nofollow\">4 de septiembre de 2026<\/a><\/p><\/blockquote>\n<p class=\"article-body__text \">\n        El siniestro se ha producido <a href=\"https:\/\/www.noticiasdenavarra.com\/tags\/autovia-del-pirineo\/\" title=\"a la altura del pk. 29 de la A-21 (Autov\u00eda del Pirineo)\" target=\"_blank\" class=\"link copy\" rel=\"nofollow noopener\">a la altura del pk. 29 de la A-21 (Autov\u00eda del Pirineo)<\/a> en Lumbier, cuando <strong>han colisionado por alcance cinco veh\u00edculos<\/strong> que circulaban <strong>en direcci\u00f3n a Jaca<\/strong>.\u00a0\n<\/p>\n<p class=\"article-photo__footer\">\n            Uno de los veh\u00edculos implicados en el siniestro.                    <\/p>\n<p class=\"article-body__text \">\n        Los servicios de emergencia han trasladado al centro de salud de Sang\u00fcesa a una persona, herida leve, y al Hospital Universitario de Navarra, en Pamplona, a las otras ocho personas afectadas.\n<\/p>\n<p class=\"article-body__text \">\n        Las dos ambulancias medicalizadas han trasladado a una mujer de 69 a\u00f1os con una contusi\u00f3n tor\u00e1cica, con pron\u00f3stico reservado, y una mujer de 55 a\u00f1os con traumatismo craneoencef\u00e1lico (TCE) y traumatismo costal, tambi\u00e9n con pron\u00f3stico reservado.\n<\/p>\n<p class=\"article-body__text \">\n        Por otra parte, una ambulancia b\u00e1sica ha trasladado a un var\u00f3n de 73 a\u00f1os con traumatismo lumbar y costal con pron\u00f3stico reservado. Finalmente, la ambulancia enfermerizada y otra ambulancia b\u00e1sica han trasladado a cuatro mujeres de 57, 57, 63 y 60 a\u00f1os y a un var\u00f3n de 60 a\u00f1os, todos ellos con cervicalgias y cefaleas de car\u00e1cter leve.\n<\/p>\n<p class=\"article-body__text \">\n        Efectivos de la Guardia Civil instruyen las diligencias del siniestro.\n<\/p>\n<p>            <script async src=\"https:\/\/platform.twitter.com\/widgets.js\" charset=\"utf-8\"><\/script><\/p>\n","protected":false},"excerpt":{"rendered":"Nueve personas han resultado heridas de diversa consideraci\u00f3n la tarde del viernes tras colisionar cinco veh\u00edculos en la&hellip;\n","protected":false},"author":2,"featured_media":748386,"comment_status":"","ping_status":"","sticky":false,"template":"","format":"standard","meta":{"footnotes":""},"categories":[8],"tags":[17,18,20156,25,24,13,14,11,19,20,7170,9,10,15,16,6983,3477,23,12,132930,21,22],"class_list":["post-748385","post","type-post","status-publish","format-standard","has-post-thumbnail","category-espana","tag-breaking-news","tag-breakingnews","tag-colision","tag-es","tag-espana","tag-featured-news","tag-featurednews","tag-headlines","tag-latest-news","tag-latestnews","tag-multiple","tag-news","tag-noticias","tag-noticias-destacadas","tag-noticiasdestacadas","tag-nueve","tag-personas","tag-spain","tag-titulares","tag-trasladadas","tag-ultimas-noticias","tag-ultimasnoticias"],"share_on_mastodon":{"url":"https:\/\/pubeurope.com\/@es\/117215629626194784","error":""},"_links":{"self":[{"href":"https:\/\/www.europesays.com\/es\/wp-json\/wp\/v2\/posts\/748385","targetHints":{"allow":["GET"]}}],"collection":[{"href":"https:\/\/www.europesays.com\/es\/wp-json\/wp\/v2\/posts"}],"about":[{"href":"https:\/\/www.europesays.com\/es\/wp-json\/wp\/v2\/types\/post"}],"author":[{"embeddable":true,"href":"https:\/\/www.europesays.com\/es\/wp-json\/wp\/v2\/users\/2"}],"replies":[{"embeddable":true,"href":"https:\/\/www.europesays.com\/es\/wp-json\/wp\/v2\/comments?post=748385"}],"version-history":[{"count":0,"href":"https:\/\/www.europesays.com\/es\/wp-json\/wp\/v2\/posts\/748385\/revisions"}],"wp:featuredmedia":[{"embeddable":true,"href":"https:\/\/www.europesays.com\/es\/wp-json\/wp\/v2\/media\/748386"}],"wp:attachment":[{"href":"https:\/\/www.europesays.com\/es\/wp-json\/wp\/v2\/media?parent=748385"}],"wp:term":[{"taxonomy":"category","embeddable":true,"href":"https:\/\/www.europesays.com\/es\/wp-json\/wp\/v2\/categories?post=748385"},{"taxonomy":"post_tag","embeddable":true,"href":"https:\/\/www.europesays.com\/es\/wp-json\/wp\/v2\/tags?post=748385"}],"curies":[{"name":"wp","href":"https:\/\/api.w.org\/{rel}","templated":true}]}}