{"id":748415,"date":"2026-09-05T00:59:15","date_gmt":"2026-09-05T00:59:15","guid":{"rendered":"https:\/\/www.europesays.com\/es\/748415\/"},"modified":"2026-09-05T00:59:15","modified_gmt":"2026-09-05T00:59:15","slug":"cuando-el-juez-grande-marlaska-ordeno-a-la-policia-informarle-solo-a-el-del-caso-faisan","status":"publish","type":"post","link":"https:\/\/www.europesays.com\/es\/748415\/","title":{"rendered":"Cuando el juez Grande-Marlaska orden\u00f3 a la Polic\u00eda informarle s\u00f3lo a \u00e9l del caso Fais\u00e1n"},"content":{"rendered":"<p>El<strong> malestar y \u00abpreocupaci\u00f3n\u00bb<\/strong> que ha generado en el ministro del Interior, Fernando Grande-Marlaska, la actuaci\u00f3n de la juez Mar\u00eda Tard\u00f3n en el procedimiento judicial de Ceuta, por impedir a los agentes informar a sus superiores sobre las pesquisas relativas a la  &#8230; invasi\u00f3n marroqu\u00ed del pasado julio, choca de lleno con la actuaci\u00f3n del magistrado cuando era juez en la Audiencia Nacional e instru\u00eda el caso Fais\u00e1n. El hoy ministro, que sustitu\u00eda entonces a Baltasar Garz\u00f3n en el Juzgado Central de Instrucci\u00f3n n\u00famero 5, dict\u00f3 un auto el 9 de mayo de 2006 en el que ordenaba a agentes de las Fuerzas y Cuerpos de Seguridad del Estado que le informaran solo a \u00e9l sobre las pesquisas relacionadas con el chivatazo a ETA que se produjo en plenas negociaciones del Gobierno de Zapatero con la banda terrorista. <\/p>\n<ul class=\"v-cmp-rld__u\">\n<li class=\"v-cmp-rld__l\">\n<p><a class=\"v-a-lnk\" href=\"http:\/\/www.abc.es\/espana\/marlaska-envia-carta-cgpj-protestar-juez-tardon-20260903164902-nt.html#vtm_modulosEngag=noticiasrelacionadas-cmp-uno:espana:noticia:1\" data-voc-vtm-id=\"in-text-traffic\" rel=\"nofollow noopener\" target=\"_blank\"><br \/>\n<img decoding=\"async\" loading=\"lazy\" src=\"https:\/\/www.europesays.com\/es\/wp-content\/uploads\/2026\/09\/1516750394-U41415164388Qmv-366x256@diario_abc.JPG\" class=\"v-a-img\" width=\"258\" height=\"180\" alt=\"Perell\u00f3 se planta ante Marlaska por sus quejas sobre Tard\u00f3n: le recuerda que no puede censurar a los jueces\"\/><br \/>\n<\/a><\/p>\n<\/li>\n<\/ul>\n<p class=\"v-d-p\">En la resoluci\u00f3n, a la que ha tenido acceso ABC, el juez, que investigaba un delito de revelaci\u00f3n de secretos y colaboraci\u00f3n terrorista, instaba a tres funcionarios del Cuerpo Nacional de Polic\u00eda adscritos a la Unidad Central de Inteligencia de la Comisar\u00eda General de Informaci\u00f3n, \u00aby a los funcionarios de la Direcci\u00f3n General de la Guardia Civil que el Servicio de Informaci\u00f3n de dicho Cuerpo determine\u00bb a que informaran \u00abdirectamente a este Juzgado sobre los extremos y las circunstancias en que se han producido los hechos (&#8230;) debiendo <strong>abstenerse, en todo caso, de informar a sus superiores,<\/strong> dada la reserva de la citada investigaci\u00f3n\u00bb.<\/p>\n<p class=\"v-d-p\">Grande-Marlaska indagaba en el soplo que recibi\u00f3 Joseba Elosua, due\u00f1o del bar Fais\u00e1n de Ir\u00fan, por parte de la Polic\u00eda y del que se tuvo constancia gracias a la baliza que se instal\u00f3 en un coche de su propiedad. Los mandos policiales Enrique Pam\u00edes y Jos\u00e9 Mar\u00eda Ballesteros fueron condenados por frustrar la operaci\u00f3n policial contra la red de extorsi\u00f3n de ETA que operaba entorno a ese local. <\/p>\n<p class=\"v-d-p\">No fue la primera vez que los agentes trabajaron con el magistrado en calidad de polic\u00eda judicial, lo que implica que mientras se asumen estas funciones, se deben al juez, y no a sus superiores, como qued\u00f3 tambi\u00e9n claro cuando P\u00e9rez de los Cobos se neg\u00f3 a reportar al ministro sobre las pesquisas de los agentes contra el delegado del Gobierno en Madrid con motivo de las manifestaciones convocadas en pandemia. Esta negativa le cost\u00f3 el puesto. <\/p>\n<p class=\"v-d-p\">Por todo ello no deja de resultar llamativa la carta que el ministro envi\u00f3 a la presidenta del Consejo General del Poder Judicial y del Tribunal Supremo, Isabel Perell\u00f3, quej\u00e1ndose de la actuaci\u00f3n de la magistrada Tard\u00f3n por lo que \u00e9l mismo hizo como juez en el pasado.<\/p>\n<p class=\"v-d-p\">La propia Perell\u00f3 record\u00f3 al ministro que la Constituci\u00f3n Espa\u00f1ola establece un deber general de colaboraci\u00f3n con los juzgados para todos los ciudadanos (art. 118 CE), que es \u00abespecial para la polic\u00eda judicial\u00bb (art. 126 CE). Tambi\u00e9n que la Ley de Enjuiciamiento Criminal y la Ley Org\u00e1nica de Fuerzas y Cuerpos de Seguridad establecen que la funci\u00f3n de polic\u00eda judicial corresponde a todos los miembros de las Fuerzas de Seguridad, <strong>\u00abcualquiera que sea su naturaleza y dependencia\u00bb.<\/strong><\/p>\n<p class=\"v-d-p\">De igual forma la Asociaci\u00f3n Judicial Francisco de Vitoria tambi\u00e9n se refiri\u00f3 a esta funci\u00f3n de polic\u00eda judicial en un comunicado en el que respalda, como la Sala de Gobierno de la Audiencia Nacional, la actuaci\u00f3n de la magistrada. Cuando los miembros de las Fuerzas y Cuerpos de Seguridad act\u00faan en el ejercicio de funciones propias de polic\u00eda judicial, su actuaci\u00f3n se encuentra sometida a la direcci\u00f3n y control de la autoridad judicial, recuerda la asociaci\u00f3n a la que pertenece Tard\u00f3n. \u00abEn este \u00e1mbito, la informaci\u00f3n obtenida con ocasi\u00f3n de las diligencias de investigaci\u00f3n debe ponerse<strong> \u00fanicamente en conocimiento de los jueces<\/strong> y tribunales competentes, de conformidad con lo establecido en la Ley de Enjuiciamiento Criminal y en la Ley Org\u00e1nica de Fuerzas y Cuerpos de Seguridad\u00bb.<\/p>\n<p class=\"v-d-p\">\u00a0<\/p>\n","protected":false},"excerpt":{"rendered":"El malestar y \u00abpreocupaci\u00f3n\u00bb que ha generado en el ministro del Interior, Fernando Grande-Marlaska, la actuaci\u00f3n de la&hellip;\n","protected":false},"author":2,"featured_media":748416,"comment_status":"","ping_status":"","sticky":false,"template":"","format":"standard","meta":{"footnotes":""},"categories":[8],"tags":[17,18,25,24,51479,13,14,132948,11,132949,1664,19,20,9,10,15,16,97945,586,1138,23,12,21,22],"class_list":["post-748415","post","type-post","status-publish","format-standard","has-post-thumbnail","category-espana","tag-breaking-news","tag-breakingnews","tag-es","tag-espana","tag-faisan","tag-featured-news","tag-featurednews","tag-grandemarlaska","tag-headlines","tag-informarle","tag-juez","tag-latest-news","tag-latestnews","tag-news","tag-noticias","tag-noticias-destacadas","tag-noticiasdestacadas","tag-ordeno","tag-policia","tag-solo","tag-spain","tag-titulares","tag-ultimas-noticias","tag-ultimasnoticias"],"share_on_mastodon":{"url":"https:\/\/pubeurope.com\/@es\/117215728915699269","error":""},"_links":{"self":[{"href":"https:\/\/www.europesays.com\/es\/wp-json\/wp\/v2\/posts\/748415","targetHints":{"allow":["GET"]}}],"collection":[{"href":"https:\/\/www.europesays.com\/es\/wp-json\/wp\/v2\/posts"}],"about":[{"href":"https:\/\/www.europesays.com\/es\/wp-json\/wp\/v2\/types\/post"}],"author":[{"embeddable":true,"href":"https:\/\/www.europesays.com\/es\/wp-json\/wp\/v2\/users\/2"}],"replies":[{"embeddable":true,"href":"https:\/\/www.europesays.com\/es\/wp-json\/wp\/v2\/comments?post=748415"}],"version-history":[{"count":0,"href":"https:\/\/www.europesays.com\/es\/wp-json\/wp\/v2\/posts\/748415\/revisions"}],"wp:featuredmedia":[{"embeddable":true,"href":"https:\/\/www.europesays.com\/es\/wp-json\/wp\/v2\/media\/748416"}],"wp:attachment":[{"href":"https:\/\/www.europesays.com\/es\/wp-json\/wp\/v2\/media?parent=748415"}],"wp:term":[{"taxonomy":"category","embeddable":true,"href":"https:\/\/www.europesays.com\/es\/wp-json\/wp\/v2\/categories?post=748415"},{"taxonomy":"post_tag","embeddable":true,"href":"https:\/\/www.europesays.com\/es\/wp-json\/wp\/v2\/tags?post=748415"}],"curies":[{"name":"wp","href":"https:\/\/api.w.org\/{rel}","templated":true}]}}