{"id":748443,"date":"2026-09-05T01:22:10","date_gmt":"2026-09-05T01:22:10","guid":{"rendered":"https:\/\/www.europesays.com\/es\/748443\/"},"modified":"2026-09-05T01:22:10","modified_gmt":"2026-09-05T01:22:10","slug":"meloni-celebra-el-record-de-su-mandato-cargando-contra-sanchez-su-modelo-tras-ceuta-a-lo-mejor-no","status":"publish","type":"post","link":"https:\/\/www.europesays.com\/es\/748443\/","title":{"rendered":"Meloni celebra el r\u00e9cord de su mandato cargando contra S\u00e1nchez: \u00abSu modelo, tras Ceuta, a lo mejor no\u00bb"},"content":{"rendered":"<p class=\"c-paragraph\">La primera ministra de <a href=\"https:\/\/www.20minutos.es\/tags\/lugares\/italia.html\" title=\"Italia\" rel=\"nofollow noopener\" target=\"_blank\">Italia<\/a>, <a href=\"https:\/\/www.20minutos.es\/tags\/personas\/giorgia-meloni.html\" title=\"Giorgia Meloni\" rel=\"nofollow noopener\" target=\"_blank\">Giorgia Meloni<\/a>, celebr\u00f3 este viernes el r\u00e9cord de permanencia de su Ejecutivo, que alcanza los 1.413 d\u00edas en el poder. En su discurso, la jefa de Gobierno italiana <b>arremeti\u00f3 contra <a href=\"https:\/\/www.20minutos.es\/tags\/personas\/pedro-sanchez.html\" title=\"Pedro S\u00e1nchez\" rel=\"nofollow noopener\" target=\"_blank\">Pedro S\u00e1nchez<\/a> <\/b>y su gesti\u00f3n de la entrada masiva de <a href=\"https:\/\/www.20minutos.es\/tags\/temas\/inmigrantes-ceuta.html\" title=\"Inmigrantes Ceuta\" rel=\"nofollow noopener\" target=\"_blank\">inmigrantes en Ceuta<\/a>.<\/p>\n<p class=\"c-paragraph\">Meloni asegur\u00f3 que Italia ha dejado de ser <b>\u00abel enfermo de Europa\u00bb <\/b>para recuperar peso y respeto en el escenario internacional.<\/p>\n<p class=\"c-paragraph\">\u00abHoy, cuando Italia se sienta a la mesa, todos saben que con este interlocutor habr\u00e1 que contar durante mucho tiempo\u00bb, asegur\u00f3 Meloni durante un acto organizado por su partido, Hermanos de Italia (FdI), para celebrar el r\u00e9cord y en el que aprovech\u00f3 para<b> cargar contra la izquierda,<\/b> incluido el presidente espa\u00f1ol.<\/p>\n<p class=\"c-paragraph\">El acto, celebrado en Bari (sur), sirvi\u00f3 a la l\u00edder ultraderechista para reivindicar la longevidad de su Gabinete\u00a0\u2014con la que supera el r\u00e9cord del segundo Gobierno de Silvio Berlusconi (2001-2005)\u2014\u00a0y <b>la estabilidad de la coalici\u00f3n como sus principales activos<\/b>.<\/p>\n<p class=\"c-paragraph\">\u00abLa estabilidad ha sido un escudo gracias al cual nuestro pa\u00eds<b> vuelve a ser tomado muy en serio.<\/b> Puedes permitirte decir que no, puedes determinar las decisiones en lugar de sufrirlas e indicar la ruta en vez de adaptarte\u00bb, afirm\u00f3.<\/p>\n<p>Inmigraci\u00f3n y cr\u00edticas al \u00abmodelo S\u00e1nchez\u00bb<\/p>\n<p class=\"c-paragraph\">Meloni aprovech\u00f3 el escenario para arremeter contra la oposici\u00f3n italiana y sus referentes internacionales, cuestionando sus propuestas <b>de cara a las elecciones de 2027.<\/b><\/p>\n<p class=\"c-paragraph\"><b>\u00abEl modelo S\u00e1nchez tras Ceuta a lo mejor no<\/b>; de lo woke ya no est\u00e1n tan seguros. \u00bfVan a parar con el pol\u00edticamente correcto, los asteriscos o la ideolog\u00eda de g\u00e9nero?\u00bb, pregunt\u00f3.<\/p>\n<p class=\"c-paragraph\">En materia migratoria, la primera ministra <b>reivindic\u00f3 el giro de las directivas comunitarias <\/b>y asegur\u00f3 que posiciones tildadas de \u00abextremistas\u00bb forman ahora parte de la normativa europea, tras la aprobaci\u00f3n de medidas como la creaci\u00f3n de centros de retorno en terceros pa\u00edses fuera de la Uni\u00f3n, siguiendo el modelo aplicado por Italia en Albania.<\/p>\n<p class=\"c-paragraph\">\u00abEsto es lo que significa hacer que la derecha cuente:<b> no levantar m\u00e1s la voz,<\/b> sino llevar a todos a tu posici\u00f3n sin cambiarla ni una coma. Lo hemos hecho nosotros, lo hemos hecho a pesar de la oposici\u00f3n de nuestros adversarios\u00bb, afirm\u00f3.<\/p>\n<p class=\"c-paragraph\">Meloni destac\u00f3 adem\u00e1s <b>una ca\u00edda del 83% en las llegadas irregulares en 2026<\/b> respecto a 2023, aunque admiti\u00f3 que la situaci\u00f3n no est\u00e1 resuelta: \u00abHay mucho por hacer, pero hoy tenemos instrumentos que ayer no exist\u00edan. Comienza la etapa en la que esos instrumentos pueden aplicarse y dar resultados\u00bb.<\/p>\n<p>Comercio exterior, energ\u00eda y empleo<\/p>\n<p class=\"c-paragraph\">Entre los dem\u00e1s asuntos abordados, Meloni defendi\u00f3 la pol\u00edtica comercial y la protecci\u00f3n del sector primario, especialmente ante acuerdos como el de la <b>Uni\u00f3n Europea y Mercosur<\/b>, y reclam\u00f3 reciprocidad para los productos importados.<\/p>\n<p class=\"c-paragraph\">\u00abHemos logrado imponer el principio de reciprocidad<b>: quien venda en Europa debe cumplir las mismas reglas.<\/b> Mientras estemos nosotros, cada acuerdo comercial debe defender nuestros productos: es la condici\u00f3n para que Italia diga s\u00ed\u00bb, afirm\u00f3.<\/p>\n<p class=\"c-paragraph\">\u00abHoy, cuando Italia se sienta a la mesa,<b> todos saben que con este interlocutor habr\u00e1 que contar durante mucho tiempo<\/b>\u00ab, asegur\u00f3 Meloni durante un acto organizado por su partido, Hermanos de Italia (FdI), para celebrar el r\u00e9cord y en el que aprovech\u00f3 para cargar contra la izquierda, incluido el presidente del Gobierno espa\u00f1ol, Pedro S\u00e1nchez.<\/p>\n<p class=\"c-paragraph\">En materia energ\u00e9tica, defendi\u00f3 el retorno a la energ\u00eda nuclear y el aumento de las extracciones de petr\u00f3leo en suelo y aguas nacionales para reforzar la soberan\u00eda energ\u00e9tica del pa\u00eds: <b>\u00abNo tiene sentido ir a comprar petr\u00f3leo a Catar si lo tenemos en Basilicata\u00bb.<\/b><\/p>\n<p>Mirada a 2027<\/p>\n<p class=\"c-paragraph\">La legislatura r\u00e9cord de Meloni encara su recta final con la vista puesta en las elecciones de 2027, todav\u00eda sin fecha oficial y que se anticipan complejas por la irrupci\u00f3n del nuevo movimiento ultraderechista del exmilitar y eurodiputado <b>Roberto Vannacci.<\/b><\/p>\n<p class=\"c-paragraph\">Pese a ello, la jefa del Ejecutivo concluy\u00f3 garantizando que mantendr\u00e1 el rumbo marcado al inicio del mandato: \u00abPrometimos que pondr\u00edamos a Italia y a los italianos en primer lugar. S\u00e9 que es mucho, s\u00e9 que cuatro a\u00f1os no bastan, pero<b> no pienso rendirme ni conformarme\u00bb.\u00a0<\/b>Su objetivo: consolidar \u00abuna Italia que no tenga que pedir permiso a nadie\u00bb.<\/p>\n<p class=\"c-paragraph\">El acto, celebrado bajo el lema &#8216;El Gobierno m\u00e1s estable, Italia m\u00e1s fuerte&#8217;, tuvo lugar en el puerto de Bari, <b>feudo tradicionalmente vinculado a la izquierda.<\/b><\/p>\n","protected":false},"excerpt":{"rendered":"La primera ministra de Italia, Giorgia Meloni, celebr\u00f3 este viernes el r\u00e9cord de permanencia de su Ejecutivo, que&hellip;\n","protected":false},"author":2,"featured_media":748444,"comment_status":"","ping_status":"","sticky":false,"template":"","format":"standard","meta":{"footnotes":""},"categories":[42],"tags":[17,18,6951,13,14,11,61,62,63,64,19,20,61003,1743,9,10,15,16,4722,3271,12,21,22,65,66,67],"class_list":["post-748443","post","type-post","status-publish","format-standard","has-post-thumbnail","category-internacional","tag-breaking-news","tag-breakingnews","tag-celebra","tag-featured-news","tag-featurednews","tag-headlines","tag-internacional","tag-international","tag-international-news","tag-internationalnews","tag-latest-news","tag-latestnews","tag-mandato","tag-meloni","tag-news","tag-noticias","tag-noticias-destacadas","tag-noticiasdestacadas","tag-record","tag-su","tag-titulares","tag-ultimas-noticias","tag-ultimasnoticias","tag-world","tag-world-news","tag-worldnews"],"share_on_mastodon":{"url":"https:\/\/pubeurope.com\/@es\/117215817976729934","error":""},"_links":{"self":[{"href":"https:\/\/www.europesays.com\/es\/wp-json\/wp\/v2\/posts\/748443","targetHints":{"allow":["GET"]}}],"collection":[{"href":"https:\/\/www.europesays.com\/es\/wp-json\/wp\/v2\/posts"}],"about":[{"href":"https:\/\/www.europesays.com\/es\/wp-json\/wp\/v2\/types\/post"}],"author":[{"embeddable":true,"href":"https:\/\/www.europesays.com\/es\/wp-json\/wp\/v2\/users\/2"}],"replies":[{"embeddable":true,"href":"https:\/\/www.europesays.com\/es\/wp-json\/wp\/v2\/comments?post=748443"}],"version-history":[{"count":0,"href":"https:\/\/www.europesays.com\/es\/wp-json\/wp\/v2\/posts\/748443\/revisions"}],"wp:featuredmedia":[{"embeddable":true,"href":"https:\/\/www.europesays.com\/es\/wp-json\/wp\/v2\/media\/748444"}],"wp:attachment":[{"href":"https:\/\/www.europesays.com\/es\/wp-json\/wp\/v2\/media?parent=748443"}],"wp:term":[{"taxonomy":"category","embeddable":true,"href":"https:\/\/www.europesays.com\/es\/wp-json\/wp\/v2\/categories?post=748443"},{"taxonomy":"post_tag","embeddable":true,"href":"https:\/\/www.europesays.com\/es\/wp-json\/wp\/v2\/tags?post=748443"}],"curies":[{"name":"wp","href":"https:\/\/api.w.org\/{rel}","templated":true}]}}