{"id":748451,"date":"2026-09-05T01:32:26","date_gmt":"2026-09-05T01:32:26","guid":{"rendered":"https:\/\/www.europesays.com\/es\/748451\/"},"modified":"2026-09-05T01:32:26","modified_gmt":"2026-09-05T01:32:26","slug":"epi-entrenador-del-monbus-obradoiro-es-pronto-para-saber-si-vamos-a-ser-mas-de-fisica-que-de-quimica-la-voz-de-galicia","status":"publish","type":"post","link":"https:\/\/www.europesays.com\/es\/748451\/","title":{"rendered":"Epi, entrenador del Monbus Obradoiro: \u00abEs pronto para saber si vamos a ser m\u00e1s de f\u00edsica que de qu\u00edmica\u00bb &#8211; La Voz de Galicia"},"content":{"rendered":"<ol>\n<li><a href=\"https:\/\/news.google.com\/rss\/articles\/CBMi6wFBVV95cUxPbUxHdGlEVEFwMUM3cVFCRDlHUzNyckFDSVNkaGgzUjVWXzdHZS04N1RZTHRKamloUnpDZEt5dmhJZC1oWnVDZkJobHZRT3JqeW41SGxkSVFERFpYa1NENTlLVk42VldtQi12X1ZwTE00MXVIYm91NTVEOThSSmtQeF9uNllhMDBkM2NjaTIxckdYZGR1WGtSVGF6ZzVOOXZGVEttQy1uX2xJRFFpVzZKTkdjTEVIU2I1SGxrRTBJN2dybHZ6aDlUZ2hvUTUzcllrUG8xNDQwWnN5RTlRQm0yNmVRM0xtejl4Vjgw0gGHAkFVX3lxTFBYZ0ZsVVEtaklMeGd6UG01VnlTMzBkS1hQWGRTZjF5TXptbURBLUNvVHZVeXlPNkxUZ19tTVdVb0p4S3BlcVlXS2ZKbDdGT0pNYlluelRiT3FpVDJaX21pUUNKZVFOMVdnSWxUWHdycm9LNlg2YWpuM0hOUlZ1UGxObUc1Tl9fZG1EVEwxYUN2cU51bEM3c1VXel9qZHRZNE1RZ2o3anJQOTJnM0x2V0YtNDBUbkI0SV9DNTZISnFCNWY3dWlNLU1aN2xFaEQ4R2dLWG1MMVFHZGVja001aDFmTGtDM0szSU5EV0cwUk1XRVUtUUt0MHhiXzk0SmxwZFJDMjcxZEo4?oc=5\" target=\"_blank\" rel=\"nofollow noopener\">Epi, entrenador del Monbus Obradoiro: \u00abEs pronto para saber si vamos a ser m\u00e1s de f\u00edsica que de qu\u00edmica\u00bb<\/a>&nbsp;&nbsp;La Voz de Galicia<\/li>\n<li><a href=\"https:\/\/news.google.com\/rss\/articles\/CBMiogFBVV95cUxNMVBjOFNyYnFyd0o3V1VUd3pHSjQxMkIwdHpBdHhMSXJYTmFfZFBzMHVVd2ZKVWVoVndkUnJ1TmdfOTAwMk5JVHBBU3JKaTBnZ0l2THhIbTBkQ0ltakJIYWNfWTF4eS01RjZMZEhDSHlidU51eXpwQkV5QUhISHFYNXZhdWhoRjRkMDdpbmRmeDJGcDFaNFdrdXJJZ2N2czJ0WlHSAbwBQVVfeXFMUGpLS0hBNjJoc1p2NEVFYlh0SU1XRFo4V0p3bkhoY0UtazBFanZ0RnVMV20xdjRFTlR3b1NaeXZoV0Q4MWQwTUxGVXNBYmRuMDFNSTJzVllIbzlaeVRvc1N2Y1ZZOWRjd0p3Z2FXY1VlcmFyT2ZtZ2JnN1FvWUs1d3psdTFOVjRpMnNKSHVrZkZqcHdUcmxwb2RtMlV4elRQdWhpV0Z5akh3UzJ2T1NRa3Fyb29ZeFZQeGJmS0U?oc=5\" target=\"_blank\" rel=\"nofollow noopener\">Gal\u00e1n: \u00abHa sido mi mercado de fichajes m\u00e1s dif\u00edcil\u00bb<\/a>&nbsp;&nbsp;Infobae<\/li>\n<li><a href=\"https:\/\/news.google.com\/rss\/articles\/CBMi5AFBVV95cUxOY1VSOTl4SEpodHc5b25WRVBGaXdpS3B5YU14UnEtZVV2OTM5M1FuYnBFUlBPcGQ3ZEpMTEZnU2V4SmJlbHhxSkNDcXJtUjd5eDlMUmJxUUExQVR6eWlwS0hRUFBpNzU1Y2dPLWJUZ01lTzdzX242RENhLXhweXFJbmZWZnVSV1NOR0M4cUR5TlBsd2RMVnlHb2MtUExaeGxaWURVckIyVHJNV0hTM3JxME1Ed0Nvd2FNdHlyUi1xMERiVXdIYXR6ODBCQnoxWlVUcDdwQ3NjZjlaaDk0S3hZMlRiWELSAYACQVVfeXFMUGlhRTBxV0h0TDEzNVlMdG5VWG5oeGI3bkdpVmRxUjJqZUh3akNubjNnUnI1Zm9KWGdGajZuU0RqYXZYUDRBSklnclh1TldQM0hVWjdmRWh1N05LRUo1TTBKVkZ0bGRPY1BkVVg5QWlUZi00bHlqUFVuYjFWQktiTUpxUWpDTVZldk04YVJoUUNEd0U1Q083U3M3YTE1cEhYY1BGZ1FZcUJ5OTF4TGZSWWZmejZFWTNGY2xrSTBRR3EyczNkTnFoVTRPZjFCZHdScDdtZ0plbnN4X3NzLTA5M0R2RjZnRlRMOU1xSWI5UEpVR2xNUl9Nbm00YldrZGJXSw?oc=5\" target=\"_blank\" rel=\"nofollow noopener\">El presupuesto del Monbus Obradoiro se aproximar\u00e1 a los 5 millones de euros<\/a>&nbsp;&nbsp;La Voz de Galicia<\/li>\n<li><a href=\"https:\/\/news.google.com\/rss\/articles\/CBMi4gFBVV95cUxQN1R6YWh6WHJabnNOZENoNFIwSWVpaWFoejd2bk1STGNCc3o0UDFrYUJwMHp4bWJXQ2J2ano4SFdkZ0RVbXFqQ0NyUjdmak1CcEF0UTlkblZRYzczd0ZNS01mT2RjRGxtMkxwejdqaVBuNW9CbnVoa0tfYXZmS2czWDRjRzlBTElZcHI2ejhMMldhQ0oxSk5GSGpNVzB6ZHRhUmpOWk90T2lhQXRYR3ZkZUVVYzFFaUsybFczY25HckVNWDJnVHlyM0VTUDBhTzlub0w0dmhhbU8yN2k5SEYyNWpR0gH-AUFVX3lxTE1nTlNUanRXMTFSQkU2Z0pMT3FlbnlBSWhpRm1faUpUeEpZTTRNdlZ3M0J1SlhfUk5hWGVHMGdDQnNON05VR1hVRGlRdng0SEY3YkpiN3ZDS2UyMkpKNUxTZ3dkM0NxbzUxYTRQLXBkaGpkLUdLSGlISlVzaWtaSHFRMnZJYmFTTmdURjBNY1VTZjdpQUxvMFZXN1RlNy1XeHZDNjU3OXhodkFROVViRktLX3k0QkVESEFOdkJqOEl3ZTNYZFNHckk5U243ZEljbHVHczRIaHZWeU4tN3lIeG1rNWhCWVpuN1B4SWcxTy1OYURvakZqaVVaQVpZVDRR?oc=5\" target=\"_blank\" rel=\"nofollow noopener\">El puesto de base suscit\u00f3 confrontaci\u00f3n de criterios en el seno del Obradoiro<\/a>&nbsp;&nbsp;La Voz de Galicia<\/li>\n<\/ol>\n","protected":false},"excerpt":{"rendered":"Epi, entrenador del Monbus Obradoiro: \u00abEs pronto para saber si vamos a ser m\u00e1s de f\u00edsica que de&hellip;\n","protected":false},"author":2,"featured_media":748452,"comment_status":"","ping_status":"","sticky":false,"template":"","format":"standard","meta":{"footnotes":""},"categories":[269],"tags":[299,298,168,25,24,10281,23,167],"class_list":["post-748451","post","type-post","status-publish","format-standard","has-post-thumbnail","category-baloncesto","tag-baloncesto","tag-basketball","tag-deportes","tag-es","tag-espana","tag-obradoiro","tag-spain","tag-sports"],"share_on_mastodon":{"url":"https:\/\/pubeurope.com\/@es\/117215857737019383","error":""},"_links":{"self":[{"href":"https:\/\/www.europesays.com\/es\/wp-json\/wp\/v2\/posts\/748451","targetHints":{"allow":["GET"]}}],"collection":[{"href":"https:\/\/www.europesays.com\/es\/wp-json\/wp\/v2\/posts"}],"about":[{"href":"https:\/\/www.europesays.com\/es\/wp-json\/wp\/v2\/types\/post"}],"author":[{"embeddable":true,"href":"https:\/\/www.europesays.com\/es\/wp-json\/wp\/v2\/users\/2"}],"replies":[{"embeddable":true,"href":"https:\/\/www.europesays.com\/es\/wp-json\/wp\/v2\/comments?post=748451"}],"version-history":[{"count":0,"href":"https:\/\/www.europesays.com\/es\/wp-json\/wp\/v2\/posts\/748451\/revisions"}],"wp:featuredmedia":[{"embeddable":true,"href":"https:\/\/www.europesays.com\/es\/wp-json\/wp\/v2\/media\/748452"}],"wp:attachment":[{"href":"https:\/\/www.europesays.com\/es\/wp-json\/wp\/v2\/media?parent=748451"}],"wp:term":[{"taxonomy":"category","embeddable":true,"href":"https:\/\/www.europesays.com\/es\/wp-json\/wp\/v2\/categories?post=748451"},{"taxonomy":"post_tag","embeddable":true,"href":"https:\/\/www.europesays.com\/es\/wp-json\/wp\/v2\/tags?post=748451"}],"curies":[{"name":"wp","href":"https:\/\/api.w.org\/{rel}","templated":true}]}}