{"id":748497,"date":"2026-09-05T02:11:21","date_gmt":"2026-09-05T02:11:21","guid":{"rendered":"https:\/\/www.europesays.com\/es\/748497\/"},"modified":"2026-09-05T02:11:21","modified_gmt":"2026-09-05T02:11:21","slug":"prision-para-el-conductor-del-trailer-que-provoco-el-accidente-multiple-en-la-autopista-de-inca","status":"publish","type":"post","link":"https:\/\/www.europesays.com\/es\/748497\/","title":{"rendered":"Prisi\u00f3n para el conductor del tr\u00e1iler que provoc\u00f3 el accidente m\u00faltiple en la autopista de Inca"},"content":{"rendered":"<p class=\"p1\">La jueza ha ordenado el ingreso en prisi\u00f3n del conductor del tr\u00e1iler que provoc\u00f3 el <a href=\"https:\/\/www.ultimahora.es\/etiqueta\/accidente+m%C3%BAltiple.html?utm_source=Inline-tag&amp;utm_medium=internal\" rel=\"nofollow noopener\" target=\"_blank\">accidente m\u00faltiple<\/a>, este jueves por la ma\u00f1ana, en la autopista de Inca. El ch\u00f3fer, que rozaba el coma et\u00edlico, est\u00e1 acusado de delitos contra la seguridad vial y desobediencia grave. <\/p>\n<p class=\"p1\"><strong>Diecisiete personas, entre ellas dos mujeres embarazadas, resultaron heridas<\/strong> tras ser embestidas por el cami\u00f3n articulado. El conductor intent\u00f3 huir de la Guardia Civil tras causar el siniestro en el que se vieron seis coches afectados que presentaron importantes desperfectos.<\/p>\n<p class=\"p1\">El accidente tuvo lugar en torno a las 8.45 horas en el kil\u00f3metro 0,5 de la autopista Ma-13en sentido Palma. <a href=\"https:\/\/www.ultimahora.es\/sucesos\/ultimas\/2026\/09\/03\/2701137\/testigo-del-accidente-multiple-autopista-inca-trailer-venia-muy-rapido-frenado-los-coches.html?utm_source=Related&amp;utm_medium=internal\" data-model=\"Noticia\" data-value=\"2701137\" rel=\"nofollow noopener\" target=\"_blank\">El conductor de un tr\u00e1iler <\/a><a href=\"https:\/\/www.ultimahora.es\/sucesos\/ultimas\/2026\/09\/03\/2701137\/testigo-del-accidente-multiple-autopista-inca-trailer-venia-muy-rapido-frenado-los-coches.html?utm_source=Related&amp;utm_medium=internal\" data-model=\"Noticia\" data-value=\"2701137\" rel=\"nofollow noopener\" target=\"_blank\">arroll\u00f3 al veh\u00edculo que circulaba delante causando un <\/a><a href=\"https:\/\/www.ultimahora.es\/sucesos\/ultimas\/2026\/09\/03\/2701137\/testigo-del-accidente-multiple-autopista-inca-trailer-venia-muy-rapido-frenado-los-coches.html?utm_source=Related&amp;utm_medium=internal\" data-model=\"Noticia\" data-value=\"2701137\" rel=\"nofollow noopener\" target=\"_blank\">accidente m\u00faltiple<\/a> por alcance en el que se vieron implicados seis coches que tuvieron importantes desperfectos. El siniestro, que <strong>provoc\u00f3 <\/strong><strong>retenciones kilom\u00e9tricas durante horas<\/strong>, oblig\u00f3 a cortar dos carriles de la v\u00eda.<\/p>\n<p class=\"p1\">La Guardia Civil de Tr\u00e1fico, junto con varias ambulancias y los bomberos de Palma, se desplazaron con urgencia hasta el lugar del accidente tras recibir el aviso para atender a los heridos. <strong>Doce v\u00edctimas fueron asistidas in situ<\/strong>, una fue evacuada a Son Espases con politraumatismos, dos a Son Ll\u00e0tzer y otras dos a la cl\u00ednica Juaneda.<\/p>\n<p class=\"p1\">Los agentes se hicieron cargo de regular la circulaci\u00f3n y de investigar las causas del accidente. El siniestro en cadena provoc\u00f3 un gran atasco para acceder a Palma que se prolong\u00f3 durante horas.<\/p>\n","protected":false},"excerpt":{"rendered":"La jueza ha ordenado el ingreso en prisi\u00f3n del conductor del tr\u00e1iler que provoc\u00f3 el accidente m\u00faltiple, este&hellip;\n","protected":false},"author":2,"featured_media":748498,"comment_status":"","ping_status":"","sticky":false,"template":"","format":"standard","meta":{"footnotes":""},"categories":[8],"tags":[5254,132969,8744,17,18,16891,25,24,13,14,11,19,20,9,10,15,5253,16,131665,23,5255,12,1529,21,22],"class_list":["post-748497","post","type-post","status-publish","format-standard","has-post-thumbnail","category-espana","tag-accidente-de-trafico","tag-accidente-multiple","tag-alcohol","tag-breaking-news","tag-breakingnews","tag-conductores-ebrios","tag-es","tag-espana","tag-featured-news","tag-featurednews","tag-headlines","tag-latest-news","tag-latestnews","tag-news","tag-noticias","tag-noticias-destacadas","tag-noticias-sucesos-hoy","tag-noticiasdestacadas","tag-positivo-en-alcohol","tag-spain","tag-sucesos-en-mallorca","tag-titulares","tag-ultima-hora","tag-ultimas-noticias","tag-ultimasnoticias"],"share_on_mastodon":{"url":"https:\/\/pubeurope.com\/@es\/117216011032910704","error":""},"_links":{"self":[{"href":"https:\/\/www.europesays.com\/es\/wp-json\/wp\/v2\/posts\/748497","targetHints":{"allow":["GET"]}}],"collection":[{"href":"https:\/\/www.europesays.com\/es\/wp-json\/wp\/v2\/posts"}],"about":[{"href":"https:\/\/www.europesays.com\/es\/wp-json\/wp\/v2\/types\/post"}],"author":[{"embeddable":true,"href":"https:\/\/www.europesays.com\/es\/wp-json\/wp\/v2\/users\/2"}],"replies":[{"embeddable":true,"href":"https:\/\/www.europesays.com\/es\/wp-json\/wp\/v2\/comments?post=748497"}],"version-history":[{"count":0,"href":"https:\/\/www.europesays.com\/es\/wp-json\/wp\/v2\/posts\/748497\/revisions"}],"wp:featuredmedia":[{"embeddable":true,"href":"https:\/\/www.europesays.com\/es\/wp-json\/wp\/v2\/media\/748498"}],"wp:attachment":[{"href":"https:\/\/www.europesays.com\/es\/wp-json\/wp\/v2\/media?parent=748497"}],"wp:term":[{"taxonomy":"category","embeddable":true,"href":"https:\/\/www.europesays.com\/es\/wp-json\/wp\/v2\/categories?post=748497"},{"taxonomy":"post_tag","embeddable":true,"href":"https:\/\/www.europesays.com\/es\/wp-json\/wp\/v2\/tags?post=748497"}],"curies":[{"name":"wp","href":"https:\/\/api.w.org\/{rel}","templated":true}]}}