{"id":748501,"date":"2026-09-05T02:20:20","date_gmt":"2026-09-05T02:20:20","guid":{"rendered":"https:\/\/www.europesays.com\/es\/748501\/"},"modified":"2026-09-05T02:20:20","modified_gmt":"2026-09-05T02:20:20","slug":"el-amistoso-homenaje-a-urbano-en-leon-sigue-en-pie-pese-a-las-dificultades-fisicas-del-baskonia","status":"publish","type":"post","link":"https:\/\/www.europesays.com\/es\/748501\/","title":{"rendered":"El amistoso homenaje a Urbano en Le\u00f3n sigue en pie pese a las dificultades f\u00edsicas del Baskonia"},"content":{"rendered":"<p><img decoding=\"async\" class=\"v-ath__i\" loading=\"lazy\" src=\"https:\/\/www.europesays.com\/es\/wp-content\/uploads\/2026\/09\/1788574820_565_autor-2282-foto-1.jpeg\" alt=\"Leonoticias\"\/><\/p>\n<p>04\/09\/2026 a las 17:15h.<\/p>\n<p class=\"v-d-p\">Ya est\u00e1 todo preparado en Le\u00f3n para vivir ma\u00f1ana una noche muy especial. El I Memorial Urbano Gonz\u00e1lez Escapa convertir\u00e1 el Palacio de los Deportes de Le\u00f3n en el escenario de un encuentro entre Real Madrid y Kosner Baskonia, dos grandes referentes del baloncesto nacional y europeo.<\/p>\n<p class=\"v-d-p\">El partido se disputar\u00e1 este s\u00e1bado 5 de septiembre, a las 20:00 horas, en el Palacio de los Deportes de Le\u00f3n \u00abUrbano Gonz\u00e1lez Escapa\u00bb, que vivir\u00e1 as\u00ed una jornada muy especial para recordar la figura de quien fuera jugador del Elosua Le\u00f3n y que durante los \u00faltimos a\u00f1os de su vida convirti\u00f3 su lucha contra la ELA en una causa colectiva.<\/p>\n<p class=\"v-d-p\">La organizaci\u00f3n quiere agradecer especialmente la predisposici\u00f3n y colaboraci\u00f3n de ambos clubes desde el primer momento para hacer posible esta primera edici\u00f3n del Memorial y, de manera particular, a Kosner Baskonia, que ha querido mantener su compromiso con esta cita a pesar de las dificultades que est\u00e1 atravesando durante esta pretemporada.<\/p>\n<ul class=\"v-cmp-rld__u\">\n<li class=\"v-cmp-rld__l\">\n<p><a class=\"v-a-lnk\" href=\"http:\/\/www.leonoticias.com\/deportes\/baloncesto\/real-madrid-baskonia-disputaran-partido-leon-homenaje-20260810180541-nt.html#vtm_modulosEngag=noticiasrelacionadas-cmp-uno:deportes:noticia:1\" data-voc-vtm-id=\"in-text-traffic\" rel=\"nofollow noopener\" target=\"_blank\"><br \/>\n<img decoding=\"async\" loading=\"lazy\" src=\"https:\/\/www.europesays.com\/es\/wp-content\/uploads\/2026\/09\/newspaint-1786377873913-1200x840-kVtH--366x256@Leonoticias.jpg\" class=\"v-a-img\" width=\"258\" height=\"180\" alt=\"El Real Madrid y el Baskonia disputar\u00e1n un partido en Le\u00f3n como homenaje a Urbano Gonz\u00e1lez\"\/><br \/>\n<\/a><\/p>\n<\/li>\n<\/ul>\n<p class=\"v-d-p\">El conjunto baskonista afronta estos d\u00edas condicionado por los problemas f\u00edsicos que afectan a varios de sus jugadores, una circunstancia que est\u00e1 marcando el trabajo de preparaci\u00f3n del equipo. Pese a ello, Kosner Baskonia ha mantenido su compromiso y estar\u00e1 ma\u00f1ana en Le\u00f3n para disputar el primer Memorial Urbano Gonz\u00e1lez Escapa.<\/p>\n<p class=\"v-d-p\">La organizaci\u00f3n quiere poner en valor especialmente este gesto, que demuestra que el encuentro trasciende lo estrictamente deportivo y responde a un compromiso con una causa y con el recuerdo de Urbano.<\/p>\n<p>\nLe\u00f3n ya est\u00e1 listo para el evento\n<\/p>\n<p class=\"v-d-p\">El Palacio de los Deportes ya est\u00e1 preparado para recibir a los dos equipos y a los aficionados que acudir\u00e1n a disfrutar de un partido que supone, adem\u00e1s, el regreso de dos equipos de la m\u00e1xima categor\u00eda del baloncesto espa\u00f1ol a Le\u00f3n.<\/p>\n<p class=\"v-d-p\">Durante las \u00faltimas semanas, la respuesta de la sociedad leonesa ha sido extraordinaria y se espera un gran ambiente en las gradas. Pero ma\u00f1ana el resultado ser\u00e1 lo de menos. El verdadero objetivo ser\u00e1 reunir en Le\u00f3n a miles de personas disfrutando de un partido entre dos grandes equipos de baloncesto en una noche que sirviera tambi\u00e9n para ayudar a los dem\u00e1s.<\/p>\n<p class=\"v-d-p\">El Memorial tendr\u00e1 un marcado car\u00e1cter solidario. La recaudaci\u00f3n del encuentro ser\u00e1 destinada a FUNDELA (Fundaci\u00f3n Espa\u00f1ola para el Fomento de la Investigaci\u00f3n de la Esclerosis Lateral Amiotr\u00f3fica) para apoyar la investigaci\u00f3n de la ELA.<\/p>\n<p class=\"v-d-p\">Adem\u00e1s, aquellas personas que quieran colaborar con la causa y no puedan acudir al Palacio tienen disponible una Fila Cero, cuya informaci\u00f3n se encuentra en memorialurbano.com.<\/p>\n<p>\nA\u00fan se puede comprar entradas\n<\/p>\n<p class=\"v-d-p\">La taquilla para compra de entradas estar\u00e1 abierta dos horas antes del comienzo del partido para adquirir entradas aunque a\u00fan puede hacerse en la web oficial memorialurbano.com.<\/p>\n","protected":false},"excerpt":{"rendered":"04\/09\/2026 a las 17:15h. Ya est\u00e1 todo preparado en Le\u00f3n para vivir ma\u00f1ana una noche muy especial. El&hellip;\n","protected":false},"author":2,"featured_media":748502,"comment_status":"","ping_status":"","sticky":false,"template":"","format":"standard","meta":{"footnotes":""},"categories":[269],"tags":[3331,299,298,4714,168,9536,25,24,45421,6552,5007,12082,1262,23,167,1436],"class_list":["post-748501","post","type-post","status-publish","format-standard","has-post-thumbnail","category-baloncesto","tag-amistoso","tag-baloncesto","tag-basketball","tag-baskonia","tag-deportes","tag-dificultades","tag-es","tag-espana","tag-fisicas","tag-homenaje","tag-pese","tag-pie","tag-sigue","tag-spain","tag-sports","tag-urbano"],"share_on_mastodon":{"url":"https:\/\/pubeurope.com\/@es\/117216047267024849","error":""},"_links":{"self":[{"href":"https:\/\/www.europesays.com\/es\/wp-json\/wp\/v2\/posts\/748501","targetHints":{"allow":["GET"]}}],"collection":[{"href":"https:\/\/www.europesays.com\/es\/wp-json\/wp\/v2\/posts"}],"about":[{"href":"https:\/\/www.europesays.com\/es\/wp-json\/wp\/v2\/types\/post"}],"author":[{"embeddable":true,"href":"https:\/\/www.europesays.com\/es\/wp-json\/wp\/v2\/users\/2"}],"replies":[{"embeddable":true,"href":"https:\/\/www.europesays.com\/es\/wp-json\/wp\/v2\/comments?post=748501"}],"version-history":[{"count":0,"href":"https:\/\/www.europesays.com\/es\/wp-json\/wp\/v2\/posts\/748501\/revisions"}],"wp:featuredmedia":[{"embeddable":true,"href":"https:\/\/www.europesays.com\/es\/wp-json\/wp\/v2\/media\/748502"}],"wp:attachment":[{"href":"https:\/\/www.europesays.com\/es\/wp-json\/wp\/v2\/media?parent=748501"}],"wp:term":[{"taxonomy":"category","embeddable":true,"href":"https:\/\/www.europesays.com\/es\/wp-json\/wp\/v2\/categories?post=748501"},{"taxonomy":"post_tag","embeddable":true,"href":"https:\/\/www.europesays.com\/es\/wp-json\/wp\/v2\/tags?post=748501"}],"curies":[{"name":"wp","href":"https:\/\/api.w.org\/{rel}","templated":true}]}}