{"id":748507,"date":"2026-09-05T02:25:34","date_gmt":"2026-09-05T02:25:34","guid":{"rendered":"https:\/\/www.europesays.com\/es\/748507\/"},"modified":"2026-09-05T02:25:34","modified_gmt":"2026-09-05T02:25:34","slug":"madrid-trabaja-03-09-2026","status":"publish","type":"post","link":"https:\/\/www.europesays.com\/es\/748507\/","title":{"rendered":"Madrid Trabaja 03.09.2026"},"content":{"rendered":"<p class=\"mce\">Hemos empezado la semana comentando las ofertas disponibles en la Comunidad de Madrid con Laura Van Gorp y Carolina S\u00e1nchez.<\/p>\n<p class=\"mce\">Despu\u00e9s, \u00c1ngel Ni\u00f1o, concejal delegado de Innovaci\u00f3n y Emprendimiento, nos ha contado que <strong class=\"mce\">Madrid In Game<\/strong> es una iniciativa del <strong class=\"mce\">Ayuntamiento de Madrid<\/strong> dise\u00f1ada para impulsar el crecimiento y desarrollo de la industria del videojuego.<\/p>\n<p class=\"mce\">Adem\u00e1s, Taig Mac Carthy, director de operaciones de Legit.Health, ha explicado su <strong class=\"mce\">plataforma de soporte a la decisi\u00f3n cl\u00ednica y comunicaci\u00f3n en dermatolog\u00eda impulsada por Inteligencia Artificial (IA).<\/strong><\/p>\n<p>        Legit Health aplica inteligencia artificial para transformar el trabajo m\u00e9dico<\/p>\n<p>        <a class=\"radio__close-button\" href=\"#\"\/><\/p>\n<p class=\"mce\">Elena Calvo, directora de operaciones Y Cofundadora De Ele Biotech, ha vuelto al programa ocho meses despu\u00e9s para desvelarnos c\u00f3mo ha evolucionado su startup.<\/p>\n<p class=\"mce\">Tambi\u00e9n hemos repasado las dudas m\u00e1s virales para nuestros abogados.<\/p>\n<p class=\"mce\">Por \u00faltimo, hemos hablado de la trampa de la hiperproductividad y el remordimiento del ocio con Lucia Torres, psiquiatra.<\/p>\n<p>        La trampa de la hiperproductividad<\/p>\n<p>        <a class=\"radio__close-button\" href=\"#\"\/><\/p>\n<p class=\"mce\">Puedes ver todos los s\u00e1bados en Telemadrid el programa Madrid Trabaja, presentado por <strong class=\"mce\">Erika Barreras<\/strong> y escucharlo en Onda Madrid de lunes a viernes a partir de las 15.00 horas, presentado por <strong class=\"mce\">Javier Pe\u00f1a.<\/strong><\/p>\n<p class=\"mce\">Y, adem\u00e1s, puedes seguirnos en nuestras redes sociales: en<a data-content-id=\"\" href=\"https:\/\/twitter.com\/MadridTrabajaOM\" text=\" Twitter\" title=\"\" target=\"_blank\" rel=\"noopener nofollow\" class=\"mceNonEditable mce\"> Twitter<\/a>, en <a data-content-id=\"\" href=\"https:\/\/www.facebook.com\/madridtrabaja\/?locale=es_LA\" text=\"Facebook \" title=\"\" target=\"_blank\" rel=\"noopener nofollow\" class=\"mceNonEditable mce\">Facebook <\/a>, en <a data-content-id=\"\" href=\"https:\/\/www.instagram.com\/madridtrabaja\/\" text=\"Instagram\" title=\"\" target=\"_blank\" rel=\"noopener nofollow\" class=\"mceNonEditable mce\">Instagram<\/a>, en <a data-content-id=\"\" href=\"https:\/\/www.tiktok.com\/@madridtrabaja\" text=\"TikTok \" title=\"\" target=\"_blank\" rel=\"noopener nofollow\" class=\"mceNonEditable mce\">TikTok <\/a>y en <a data-content-id=\"\" href=\"https:\/\/www.linkedin.com\/in\/madrid-trabaja-onda-madrid-2995502ab\/\" text=\"LinkedIn\" title=\"\" target=\"_blank\" rel=\"noopener nofollow\" class=\"mceNonEditable mce\">LinkedIn<\/a>.<\/p>\n<p>    <script async src=\"https:\/\/platform.twitter.com\/widgets.js\" charset=\"utf-8\"><\/script><script async src=\"\/\/www.instagram.com\/embed.js\"><\/script><script async src=\"\/\/www.tiktok.com\/embed.js\"><\/script><\/p>\n","protected":false},"excerpt":{"rendered":"Hemos empezado la semana comentando las ofertas disponibles en la Comunidad de Madrid con Laura Van Gorp y&hellip;\n","protected":false},"author":2,"featured_media":748508,"comment_status":"","ping_status":"","sticky":false,"template":"","format":"standard","meta":{"footnotes":""},"categories":[171],"tags":[132970,88071,5509,146,147,25,24,205,10037,23,55734,2752,214],"class_list":["post-748507","post","type-post","status-publish","format-standard","has-post-thumbnail","category-tv","tag-abogado-laboralista","tag-dudas-laborales","tag-empleo","tag-entertainment","tag-entretenimiento","tag-es","tag-espana","tag-madrid","tag-ofertas","tag-spain","tag-startup","tag-trabajo","tag-tv"],"share_on_mastodon":{"url":"https:\/\/pubeurope.com\/@es\/117216066019480232","error":""},"_links":{"self":[{"href":"https:\/\/www.europesays.com\/es\/wp-json\/wp\/v2\/posts\/748507","targetHints":{"allow":["GET"]}}],"collection":[{"href":"https:\/\/www.europesays.com\/es\/wp-json\/wp\/v2\/posts"}],"about":[{"href":"https:\/\/www.europesays.com\/es\/wp-json\/wp\/v2\/types\/post"}],"author":[{"embeddable":true,"href":"https:\/\/www.europesays.com\/es\/wp-json\/wp\/v2\/users\/2"}],"replies":[{"embeddable":true,"href":"https:\/\/www.europesays.com\/es\/wp-json\/wp\/v2\/comments?post=748507"}],"version-history":[{"count":0,"href":"https:\/\/www.europesays.com\/es\/wp-json\/wp\/v2\/posts\/748507\/revisions"}],"wp:featuredmedia":[{"embeddable":true,"href":"https:\/\/www.europesays.com\/es\/wp-json\/wp\/v2\/media\/748508"}],"wp:attachment":[{"href":"https:\/\/www.europesays.com\/es\/wp-json\/wp\/v2\/media?parent=748507"}],"wp:term":[{"taxonomy":"category","embeddable":true,"href":"https:\/\/www.europesays.com\/es\/wp-json\/wp\/v2\/categories?post=748507"},{"taxonomy":"post_tag","embeddable":true,"href":"https:\/\/www.europesays.com\/es\/wp-json\/wp\/v2\/tags?post=748507"}],"curies":[{"name":"wp","href":"https:\/\/api.w.org\/{rel}","templated":true}]}}