{"id":74851,"date":"2025-08-27T03:29:10","date_gmt":"2025-08-27T03:29:10","guid":{"rendered":"https:\/\/www.europesays.com\/es\/74851\/"},"modified":"2025-08-27T03:29:10","modified_gmt":"2025-08-27T03:29:10","slug":"rebelion-autonomica-contra-los-privilegios-del-psoe-para-cataluna-con-la-inmigracion-y-la-financiacion-el-mundo","status":"publish","type":"post","link":"https:\/\/www.europesays.com\/es\/74851\/","title":{"rendered":"Rebeli\u00f3n auton\u00f3mica contra los privilegios del PSOE para Catalu\u00f1a con la inmigraci\u00f3n y la financiaci\u00f3n &#8211; El Mundo"},"content":{"rendered":"<ol>\n<li><a href=\"https:\/\/news.google.com\/rss\/articles\/CBMiekFVX3lxTE1pSnRlSDM4XzJheFZCTzFSMGF2THNMYlRsRHI2UUxaX3JBTDVPOUxONG9zYm1oUjFQcGRKQy1IQmNQSG54bFY4bXpmQzMwRGlGMlI5UWFJTlU2bmoxRFA4SmxKNEVSbk1WMGdQN1I2dVNUM0ZPaHlSZUJR0gF6QVVfeXFMT3NOekpOY2tjeDd4UjZWSFJkRXpKZm1ZbWpqc3pIT05YRHh4UUwxRnZMMThuV19JMWs3M2lQZHNsM01rUURrRWUwZ2lOdGRQOGZrOGhMMldHamxLWFpZRTNFTGVrNGRtd0V1ZUg4bTlBMEpaank5WEZRYlE?oc=5\" target=\"_blank\" rel=\"nofollow noopener\">Rebeli\u00f3n auton\u00f3mica contra los privilegios del PSOE para Catalu\u00f1a con la inmigraci\u00f3n y la financiaci\u00f3n<\/a>&nbsp;&nbsp;El Mundo<\/li>\n<li><a href=\"https:\/\/news.google.com\/rss\/articles\/CBMi3wFBVV95cUxNUnpESDk3NDQzY3FNZG93cXZjTGhQaG1sR1VMZk1CTF9DTGpIb05XRUZzU3hub2xWMXpZWmhTaTNsUFA4NlFDaHRSZjRwemJjMV9ub0lyaXo4U3pmZFJTcUtxOFN5eklFd0ltYkxQSmZEX1NfV01SUzFaNHdGV0pvZVBteFh2dkI2WXBXaV9acGwtelA1a1prRW1QeFhnbnRxTE5wTkRKWXZfR1QxOEc5djMtS1JzRWEzcHRnQ3YwWE1ZNVBIbkJkajhjNHpPc21qS1VmZ0NJekNjeVV0ZGtB?oc=5\" target=\"_blank\" rel=\"nofollow noopener\">El Gobierno estima que Galicia tiene capacidad para acoger 886 menores migrantes<\/a>&nbsp;&nbsp;La Voz de Galicia<\/li>\n<li><a href=\"https:\/\/news.google.com\/rss\/articles\/CBMiswFBVV95cUxQTW9rWElwaE5tbTM0dEc0N3o1MkVwMlBCZTZhMV9tUW1pdTBERUFER2d5Q29JcGVURTFKZVhLNURRZUF4anVnaWc4RU5DdUJybnFWbWdhMVpFTGlsVFRoZUM2aHc3ZGdpcmdkLUhTV080bGNRc2J2QVNxTEN2NFJRQzdtakJKVzhIMDFfdUlBOEk1U0ZHc3FGaEpNMG90OHNBRUllblhTb19ycFhLb1lqSXZhZ9IBuAFBVV95cUxNY1EwTnFfNmIzODFFcjFSQ2Z2SENhUkRSNTFQaFg0dVVRSHYtcUpvdjJXTUtKZXBreHNSUkhxcjA5YjlwbkZKTzhsNzNVV0hKMVoxbnhaNUZ0RmVWMnRWZHN0Sm1zeTJSVlZCN20zcUtDLVlmNFRZUkJCUVg1UlNRWnYtZzBvY0ZSQ2RZak4td2FwSmh5TkhFVUE2dGc4cTRyM0pfVzg1Tlg0NG0yNEZ3elREZFg5VE5t?oc=5\" target=\"_blank\" rel=\"nofollow noopener\">El Gobierno impone el reparto de menores a las CCAA: 32,6 por cada 100.000 habitantes<\/a>&nbsp;&nbsp;El Confidencial<\/li>\n<li><a href=\"https:\/\/news.google.com\/rss\/articles\/CBMiogFBVV95cUxPRDhwNEhOdnFFdlhuR2ROdnJJLTdxUm94SEFxc0Y4NVd4N3lWR1hxZTg4NkhxQ2xwaXo3aUlfSUF4NHV6N25mdXFleXQxeHlENkJCYUFFZU9tV2xRZHh6eXQ5VXhZMzVfSTJldzYwd0Q4RjloZjNkZjR4MGpwaHpTbzJ2UVNVcURoRDVhTnVFenpoZEdITERSRnpwbEpYcnI2MHc?oc=5\" target=\"_blank\" rel=\"nofollow noopener\">Miras carga contra el reparto de menores extranjeros no acompa\u00f1ados<\/a>&nbsp;&nbsp;ABC<\/li>\n<li><a href=\"https:\/\/news.google.com\/rss\/articles\/CBMiggFBVV95cUxPZi1fdEdKRXlJY0pSUkI3dmhGZVN6QzNSNmlESmhGeU1YaDJrVWtaUElIbDVSb2xuS0RSQkxDR2RSV0F1alNUaUY0UGZUU1hsN3ZQdG8wTWd3cGJkeVBTbnlQbFR3MFVsbnZUOGszeW1LMWZmRHhsN2Rxa2gydFQ0ZlJ3?oc=5\" target=\"_blank\" rel=\"nofollow noopener\">El Gobierno regional insiste en el \u00abocultismo y la falta de informaci\u00f3n\u00bb del Ministerio sobre el reparto de menores migr&#8230;<\/a>&nbsp;&nbsp;CARM.es<\/li>\n<\/ol>\n","protected":false},"excerpt":{"rendered":"Rebeli\u00f3n auton\u00f3mica contra los privilegios del PSOE para Catalu\u00f1a con la inmigraci\u00f3n y la financiaci\u00f3n&nbsp;&nbsp;El Mundo El Gobierno&hellip;\n","protected":false},"author":2,"featured_media":74852,"comment_status":"","ping_status":"","sticky":false,"template":"","format":"standard","meta":{"footnotes":""},"categories":[8],"tags":[259,4499,17,18,1980,25,24,13,14,11,29210,19,20,764,9,10,15,16,2959,23,12,21,22],"class_list":{"0":"post-74851","1":"post","2":"type-post","3":"status-publish","4":"format-standard","5":"has-post-thumbnail","7":"category-espana","8":"tag-andalucia","9":"tag-aragon","10":"tag-breaking-news","11":"tag-breakingnews","12":"tag-cataluna","13":"tag-es","14":"tag-espana","15":"tag-featured-news","16":"tag-featurednews","17":"tag-headlines","18":"tag-juan-manuel-moreno-bonilla","19":"tag-latest-news","20":"tag-latestnews","21":"tag-maria-jesus-montero","22":"tag-news","23":"tag-noticias","24":"tag-noticias-destacadas","25":"tag-noticiasdestacadas","26":"tag-pedro-sanchez","27":"tag-spain","28":"tag-titulares","29":"tag-ultimas-noticias","30":"tag-ultimasnoticias"},"share_on_mastodon":{"url":"","error":""},"_links":{"self":[{"href":"https:\/\/www.europesays.com\/es\/wp-json\/wp\/v2\/posts\/74851","targetHints":{"allow":["GET"]}}],"collection":[{"href":"https:\/\/www.europesays.com\/es\/wp-json\/wp\/v2\/posts"}],"about":[{"href":"https:\/\/www.europesays.com\/es\/wp-json\/wp\/v2\/types\/post"}],"author":[{"embeddable":true,"href":"https:\/\/www.europesays.com\/es\/wp-json\/wp\/v2\/users\/2"}],"replies":[{"embeddable":true,"href":"https:\/\/www.europesays.com\/es\/wp-json\/wp\/v2\/comments?post=74851"}],"version-history":[{"count":0,"href":"https:\/\/www.europesays.com\/es\/wp-json\/wp\/v2\/posts\/74851\/revisions"}],"wp:featuredmedia":[{"embeddable":true,"href":"https:\/\/www.europesays.com\/es\/wp-json\/wp\/v2\/media\/74852"}],"wp:attachment":[{"href":"https:\/\/www.europesays.com\/es\/wp-json\/wp\/v2\/media?parent=74851"}],"wp:term":[{"taxonomy":"category","embeddable":true,"href":"https:\/\/www.europesays.com\/es\/wp-json\/wp\/v2\/categories?post=74851"},{"taxonomy":"post_tag","embeddable":true,"href":"https:\/\/www.europesays.com\/es\/wp-json\/wp\/v2\/tags?post=74851"}],"curies":[{"name":"wp","href":"https:\/\/api.w.org\/{rel}","templated":true}]}}